{"id":555041,"date":"2026-06-25T05:17:15","date_gmt":"2026-06-25T05:17:15","guid":{"rendered":"https:\/\/www.europesays.com\/it\/555041\/"},"modified":"2026-06-25T05:17:15","modified_gmt":"2026-06-25T05:17:15","slug":"marco-palestra-e-la-scelta-chelsea-linter-offriva-la-crescita-la-sveglia-di-garlando","status":"publish","type":"post","link":"https:\/\/www.europesays.com\/it\/555041\/","title":{"rendered":"Marco Palestra e la scelta Chelsea. L&#8217;Inter offriva la crescita. La sveglia di Garlando"},"content":{"rendered":"<p>                                A 21 anni il talento dell&#8217;Atalanta sceglie i soldi di Londra alla via maestra di San Siro. Ma senza l&#8217;amore per il calcio che avevano i Totti e i Del Piero, l&#8217;Italia \u00e8 destinata a perdere tutti i suoi ragazzi migliori<\/p>\n<p class=\"paragraph\" spellcheck=\"true\">A 21 anni, Marco Palestra \u00e8 un puledro di razza che si \u00e8 appena messo in piedi. Buona stagione a Cagliari, ma non da Roberto Carlos, un solo gol, 0 nelle comparsate all\u2019Atalanta. A quest\u2019et\u00e0, prima di tutto, dovrebbe badare al percorso di crescita. L\u2019agente, o chi per lui, avrebbe dovuto spiegargli: &#8220;Marco, ti vuole l\u2019Inter, la squadra pi\u00f9 forte d\u2019Italia, che gioca a memoria, inserirti sar\u00e0 facile, come nell\u2019Atalanta del Gasp. Tanti italiani, compreso il blocco azzurro che ti aiuter\u00e0 per la Nazionale. Giocherai la Champions, nel tempio di San Siro&#8230; \u00c8 un salto importante, avere vicino la famiglia, a Buccinasco, 10 km da Milano, sar\u00e0 prezioso. L\u2019ingaggio \u00e8 da sciuri&#8230; L\u2019Inter \u00e8 l\u2019opzione migliore per la tua crescita. Puoi diventare una bandiera come Bergomi o Facchetti&#8221;.<\/p>\n<p class=\"paragraph\" spellcheck=\"true\">Invece bussa il Chelsea che offre pi\u00f9 soldi al ragazzo, all\u2019agente, all\u2019Atalanta e gli rispondono: &#8220;Ve lo portiamo subito&#8221;. A Londra, in una rosa senza italiani, con un allenatore nuovo, che deve rifondare tutto, a 1300 km da Buccinasco. Giocher\u00e0 in un campionato pi\u00f9 allenante, ma in un club finito 10\u00b0 che non far\u00e0 le coppe. Nel suo ruolo gioca Reece James, titolare della nazionale inglese. \u00c8 l\u2019opzione migliore? Per un ragazzo di 21 anni, come possono essere i soldi il primo criterio di scelta e non l\u2019amore per il proprio mestiere, per il proprio futuro, per il proprio calcio? Solo un amore del genere, quello che ardeva nei Totti e nei Del Piero, pu\u00f2 aiutarci a trattenere i talenti. A soldi sono troppo pi\u00f9 forti gli altri. Non \u00e8 pi\u00f9 tempo di Braida che scappa con il contratto di Rijkaard nelle mutande. Oggi \u00e8 gi\u00e0 tanto se i top club d\u2019Europa ci lasciano ancora le mutande.<\/p>\n","protected":false},"excerpt":{"rendered":"A 21 anni il talento dell&#8217;Atalanta sceglie i soldi di Londra alla via maestra di San Siro. Ma&hellip;\n","protected":false},"author":3,"featured_media":555042,"comment_status":"","ping_status":"","sticky":false,"template":"","format":"standard","meta":{"footnotes":"","_share_on_mastodon":"0"},"categories":[1452],"tags":[7169,87,569,306191,721,5368,554,1307,1740,5360,350,1537,90,627,89,4639,5122,4047,9476,2051,25183,30192,306192,6843,1987,1739,2991,245,244],"class_list":["post-555041","post","type-post","status-publish","format-standard","has-post-thumbnail","category-calcio","tag-agente","tag-amore","tag-atalanta","tag-buccinasco","tag-calcio","tag-chelsea","tag-club","tag-crescita","tag-football","tag-gioca","tag-inter","tag-it","tag-italia","tag-italiani","tag-italy","tag-km","tag-londra","tag-marco","tag-messo","tag-migliore","tag-mutande","tag-opzione","tag-opzione-migliore","tag-palestra","tag-piero","tag-soccer","tag-soldi","tag-sport","tag-sports"],"share_on_mastodon":{"url":"https:\/\/pubeurope.com\/@it\/116809056100276841","error":""},"_links":{"self":[{"href":"https:\/\/www.europesays.com\/it\/wp-json\/wp\/v2\/posts\/555041","targetHints":{"allow":["GET"]}}],"collection":[{"href":"https:\/\/www.europesays.com\/it\/wp-json\/wp\/v2\/posts"}],"about":[{"href":"https:\/\/www.europesays.com\/it\/wp-json\/wp\/v2\/types\/post"}],"author":[{"embeddable":true,"href":"https:\/\/www.europesays.com\/it\/wp-json\/wp\/v2\/users\/3"}],"replies":[{"embeddable":true,"href":"https:\/\/www.europesays.com\/it\/wp-json\/wp\/v2\/comments?post=555041"}],"version-history":[{"count":0,"href":"https:\/\/www.europesays.com\/it\/wp-json\/wp\/v2\/posts\/555041\/revisions"}],"wp:featuredmedia":[{"embeddable":true,"href":"https:\/\/www.europesays.com\/it\/wp-json\/wp\/v2\/media\/555042"}],"wp:attachment":[{"href":"https:\/\/www.europesays.com\/it\/wp-json\/wp\/v2\/media?parent=555041"}],"wp:term":[{"taxonomy":"category","embeddable":true,"href":"https:\/\/www.europesays.com\/it\/wp-json\/wp\/v2\/categories?post=555041"},{"taxonomy":"post_tag","embeddable":true,"href":"https:\/\/www.europesays.com\/it\/wp-json\/wp\/v2\/tags?post=555041"}],"curies":[{"name":"wp","href":"https:\/\/api.w.org\/{rel}","templated":true}]}}