{"id":555474,"date":"2026-06-25T11:41:13","date_gmt":"2026-06-25T11:41:13","guid":{"rendered":"https:\/\/www.europesays.com\/it\/555474\/"},"modified":"2026-06-25T11:41:13","modified_gmt":"2026-06-25T11:41:13","slug":"nico-paz-linter-osserva-lincontro-tra-real-e-como-gli-scenari","status":"publish","type":"post","link":"https:\/\/www.europesays.com\/it\/555474\/","title":{"rendered":"Nico Paz, l&#8217;Inter osserva l&#8217;incontro tra Real e Como, gli scenari"},"content":{"rendered":"<p class=\"paragraph\" spellcheck=\"true\">Resta in Italia, torna in Spagna oppure qualche treno dei desideri (milioni e milioni di desideri) lo porter\u00e0 in un altro paese ancora? Il futuro di Nico Paz ancora deve essere scritto ma questa pu\u00f2 essere una buona giornata per iniziare a buttare gi\u00f9 le prime righe del nuovo capitolo del personalissimo romanzo dell&#8217;argentino. A Madrid, il Como \u00e8 in missione. Il direttore sportivo\u00a0Carlalberto Ludi \u00e8 l\u00ec per per parlare col Real e palesare le intenzioni del suo club. Servir\u00e0 essere convincenti ma allo stesso tempo non ci sar\u00e0 bisogno di troppi giri di parole: il Como vuole tenere quel gioiello che si \u00e8 specchiato nel lago e si \u00e8 riscoperto un campioncino in grado di dare pi\u00f9 di qualche pensiero a Florentino Perez. Nico Paz \u00e8 un tesoro, e se non potr\u00e0 esserlo tecnicamente, che lo diventi dal punto di vista economico. L&#8217;equazione a Madrid \u00e8 questa e semplicissima.\u00a0<\/p>\n<p>    real madrid, como e&#8230; inter\u2014 \u00a0<\/p>\n<p class=\"paragraph is-inline\" spellcheck=\"true\">Ma nella capitale spagnola devono fare i conti con le intenzioni del Como che ha custodito e fatto crescere l&#8217;argentino che solo qualche giorno fa ha anche vissuto il grande giorno dell&#8217;esordio al Mondiale. Brividi che scacciano via qualsiasi pensiero di calciomercato anche se questo torna a bussare con insistenza. Oggi \u00e8 una questione a due Real-Como ma in base a come andr\u00e0 questo incontro la situazione potr\u00e0 allargarsi e coinvolgere anche altri club.\u00a0\u00c8 presto per dire se l&#8217;Inter sar\u00e0 tra questi ma al momento i nerazzurri restano in attesa e alla finestra\u00a0perch\u00e9 qualora si dovesse palesare un\u2019occasione di mercato sarebbero l\u00ec pronta a coglierla. In questo momento per\u00f2 il condizionale \u00e8 d\u2019obbligo, innanzitutto perch\u00e9 si tratterebbe di un\u2019altra operazione sicuramente onerosa e Nico Paz \u00e8 un profilo ambito anche da altre big straniere; e l\u2019Inter, dopo essere rimasta scottata dal caso Palestra, non ha alcuna intenzione di buttarsi su un altro (grande) obiettivo col rischio poi di vederlo sfumare. Quindi: attesa e cautela.\u00a0<\/p>\n<p>    gli scenari\u2014 \u00a0<\/p>\n<p class=\"paragraph is-inline\" spellcheck=\"true\">Tornando all&#8217;incontro tra Como e Real Madrid: gli spagnoli hanno a disposizione un&#8217;altra finestra di recompra per il giocatore che scadr\u00e0 il 30 giugno. Entro questa data, con 10 milioni di euro, i Blancos possono riportare a casa Nico che avevano venduto due estati fa per 6 milioni. Ma non per tenerlo nella squadra di Mourinho, in cui difficilmente troverebbe spazio, bens\u00ec per monetizzare, ora che il 2004 si \u00e8 guadagnato Champions col Como e attenzioni europee. Per il Real si parte da 60 milioni di euro come valutazione. Un&#8217;altra strada sarebbe quella della contro-offerta del Como, volta ad annullare la recompra, ad acquistare tutto il cartellino di Paz per una cifra intorno ai 40 milioni di euro e a garantire una plusvalenza immediata e certa ai madrileni, anche se a una cifra inferiore rispetto a quella ipotizzata a Valdebebas (ma l&#8217;inserimento di una importante percentuale sulla futura rivendita a favore proprio del Real potrebbe ammorbidire l&#8217;anima spagnola di questo affare). La terza strada, infine, porterebbe alla scadenza della attuale clausola di recompra che tornerebbe valida l&#8217;anno prossimo ma con un valore di 11 milioni. Questo significherebbe, lato Madrid, spendere tra 12 mesi una cifra comunque irrisoria e ritrovarsi tra le mani un Nico Paz dal valore potenzialmente ancora pi\u00f9 elevato dopo un altro anno a Como in cui &#8211; come si augurano tutte le parti in causa &#8211; il trequartista pu\u00f2 aver avuto modo di brillare tra le stelle della Champions.\u00a0<\/p>\n","protected":false},"excerpt":{"rendered":"Resta in Italia, torna in Spagna oppure qualche treno dei desideri (milioni e milioni di desideri) lo porter\u00e0&hellip;\n","protected":false},"author":3,"featured_media":555475,"comment_status":"","ping_status":"","sticky":false,"template":"","format":"standard","meta":{"footnotes":"","_share_on_mastodon":"0"},"categories":[1452],"tags":[2537,11611,721,1969,5370,554,3705,37154,724,12586,1740,399,2628,350,1537,90,89,1914,5382,306488,1351,4978,51531,306489,4980,21720,8014,11377,28270,160312,39031,1739,8383,245,244,3726,5583,291380,3806],"class_list":["post-555474","post","type-post","status-publish","format-standard","has-post-thumbnail","category-calcio","tag-altra","tag-argentino","tag-calcio","tag-champions","tag-cifra","tag-club","tag-como","tag-desideri","tag-euro","tag-finestra","tag-football","tag-incontro","tag-intenzioni","tag-inter","tag-it","tag-italia","tag-italy","tag-li","tag-madrid","tag-madrid-como","tag-missione","tag-nico","tag-nico-paz","tag-palesare","tag-paz","tag-pensiero","tag-potra","tag-real","tag-real-madrid","tag-recompra","tag-scenari","tag-soccer","tag-spagnola","tag-sport","tag-sports","tag-strada","tag-torna","tag-valdebebas","tag-valore"],"share_on_mastodon":{"url":"https:\/\/pubeurope.com\/@it\/116810566298055882","error":""},"_links":{"self":[{"href":"https:\/\/www.europesays.com\/it\/wp-json\/wp\/v2\/posts\/555474","targetHints":{"allow":["GET"]}}],"collection":[{"href":"https:\/\/www.europesays.com\/it\/wp-json\/wp\/v2\/posts"}],"about":[{"href":"https:\/\/www.europesays.com\/it\/wp-json\/wp\/v2\/types\/post"}],"author":[{"embeddable":true,"href":"https:\/\/www.europesays.com\/it\/wp-json\/wp\/v2\/users\/3"}],"replies":[{"embeddable":true,"href":"https:\/\/www.europesays.com\/it\/wp-json\/wp\/v2\/comments?post=555474"}],"version-history":[{"count":0,"href":"https:\/\/www.europesays.com\/it\/wp-json\/wp\/v2\/posts\/555474\/revisions"}],"wp:featuredmedia":[{"embeddable":true,"href":"https:\/\/www.europesays.com\/it\/wp-json\/wp\/v2\/media\/555475"}],"wp:attachment":[{"href":"https:\/\/www.europesays.com\/it\/wp-json\/wp\/v2\/media?parent=555474"}],"wp:term":[{"taxonomy":"category","embeddable":true,"href":"https:\/\/www.europesays.com\/it\/wp-json\/wp\/v2\/categories?post=555474"},{"taxonomy":"post_tag","embeddable":true,"href":"https:\/\/www.europesays.com\/it\/wp-json\/wp\/v2\/tags?post=555474"}],"curies":[{"name":"wp","href":"https:\/\/api.w.org\/{rel}","templated":true}]}}