{"id":555498,"date":"2026-06-25T11:54:18","date_gmt":"2026-06-25T11:54:18","guid":{"rendered":"https:\/\/www.europesays.com\/it\/555498\/"},"modified":"2026-06-25T11:54:18","modified_gmt":"2026-06-25T11:54:18","slug":"muore-di-caldo-in-spiaggia-colpito-da-malore-a-lido-adriano","status":"publish","type":"post","link":"https:\/\/www.europesays.com\/it\/555498\/","title":{"rendered":"Muore\u00a0di caldo in spiaggia, colpito da malore\u200b\u200b a\u200b\u200b\u200b\u200b\u200b Lido Adriano"},"content":{"rendered":"<p>Lido Adriano, 25 giugno 2026 \u2013 <strong>Si \u00e8 accasciato<\/strong>, i bagnini di salvataggio hanno tentato di rianimarlo ma non c\u2019\u00e8 stato niente da fare. Ieri mattina a Lido Adriano <strong>\u00e8 morto un 86enne<\/strong>: e si ritiene probabile che tra le cause del malore che purtroppo lo ha ucciso ci sia il caldo estremo di questi giorni. Nella tarda mattinata di ieri infatti l\u2019anziano <strong>si \u00e8 sentito male mentre faceva una passeggiata<\/strong> in mare, con l\u2019acqua che gli arrivava al ginocchio.<\/p>\n<p> <img alt=\"L'elisoccorso arrivato a Lido Adriano dopo l'allarme dei bagnini, ma per l'anziano colpito da malore non c'\u00e8 stato nulla da fare\" loading=\"lazy\" width=\"2126\" height=\"1417\" decoding=\"async\" data-nimg=\"1\" style=\"color:transparent;max-width:100%;height:auto\"   src=\"https:\/\/www.europesays.com\/it\/wp-content\/uploads\/2026\/06\/l-elisoccorso-arrivato-a-lido-adriano-dopo-l-allarme-dei-bagnini-ma-per-l-anziano-colpito-da-malore-.webp\"\/><\/p>\n<p>L&#8217;elisoccorso arrivato a Lido Adriano dopo l&#8217;allarme dei bagnini, ma per l&#8217;anziano colpito da malore non c&#8217;\u00e8 stato nulla da fare<\/p>\n<p>Il bagnino lo ha visto in difficolt\u00e0 aiutandolo ad arrivare a riva <\/p>\n<p>Il bagnino di salvataggio di turno in quel momento lo ha visto in difficolt\u00e0 e, assieme a un\u2019altra persona, <strong>lo ha assistito, aiutandolo a tornare a riva.<\/strong> Arrivati all\u2019incirca verso la quarta fila di lettini dello stabilimento balneare l\u2019anziano non \u00e8 pi\u00f9 riuscito a proseguire:<strong> si \u00e8 accasciato.<\/strong> I tentativi di soccorrerlo sono stati vani, sia da parte del bagnino di salvataggio che del personale del 118, arrivato sul posto con l\u2019elimedica.<\/p>\n<p>Approfondisci:<\/p>\n<p><a href=\"https:\/\/www.ilrestodelcarlino.it\/modena\/cronaca\/sintomi-colpo-calore-kpv19gf3\" class=\"ArticleEmbed_article__embed__content__Jzqnz\" rel=\"nofollow noopener\" target=\"_blank\">Stordimento, sete, confusione, assopimento: i sintomi del colpo di calore. Il dottor Bandiera: \u201cSpesso \u00e8 improvviso\u201d<img alt=\"Stordimento, sete, confusione, assopimento: i sintomi del colpo di calore. Il dottor Bandiera: \u201cSpesso \u00e8 improvviso\u201d\" loading=\"lazy\" width=\"140\" height=\"78\" decoding=\"async\" data-nimg=\"1\" style=\"color:transparent\"  src=\"https:\/\/www.europesays.com\/it\/wp-content\/uploads\/2026\/06\/il-dottor-geminiano-bandiera-primario-del-pronto-soccorso.webp\"\/><\/a><br \/>\nGiornate caldissime e i sindacati lanciano l\u2019allarme <\/p>\n<p>Sono giornate caldissime e Fp Cgil, Cisl Fp e Uil Fp lanciano l\u2019allarme per nidi e scuole dell\u2019infanzia in <strong>una lettera inviata marted\u00ec al Comune.<\/strong> \u201cL\u2019amministrazione, nella persona del dirigente Morelli, ha risposto in maniera tempestiva con proposte che vedranno la piena concretizzazione nell\u2019estate 2027 e a quanto ci risulta non risolutiva per la maggior parte dei plessi \u2013 scrivono le sigle \u2013. Ma il problema del caldo \u00e8 oggi e non \u00e8 un caso che in tutti gli ambiti siano state attivate, in modo urgente, soluzioni immediate, a partire dall\u2019ordinanza emessa dalla Regione Emilia Romagna\u201d.<\/p>\n<p> <img alt=\"Muore di caldo in spiaggia, colpito da malore a Lido Adriano\" loading=\"lazy\" width=\"762\" height=\"429\" decoding=\"async\" data-nimg=\"1\" style=\"color:transparent\"  src=\"https:\/\/www.europesays.com\/it\/wp-content\/uploads\/2026\/06\/xaiepqy.jpeg\"\/><br \/>\nDal 1\u00b0 luglio partiranno i centri estivi <\/p>\n<p>I sindacati puntualizzano inoltre che dal 1 luglio partiranno i centri estivi \u201ccon decine di bambini (anche sotto i 3 anni) e personale in ambienti solo parzialmente condizionati\u201d. Sul tema inoltre in una nota diffusa dalla Cisl Fp Romagna si legge che il sindacato chiede \u201c<strong>interventi urgenti e adeguati nelle strutture <\/strong>maggiormente esposte, uno strumento oggettivo e consultabile per la rilevazione delle temperature e un piano pubblico, con risorse e tempi certi, per il raffrescamento di tutti i servizi educativi 0-6 anni\u201d.<\/p>\n<p>Problemi anche per i pazienti ricoverati <\/p>\n<p><strong>Nei giorni <\/strong>scorsi diversi pazienti ricoverati a Malattie infettive si erano lamentati per i malfunzionamenti dell\u2019impianto di raffrescamento del reparto. Una testimonianza arriva anche da un operatore: \u201c\u00c8 molto caldo e noi lavoriamo con la mascherina ffp2.<strong> Condizioni disumane\u201d<\/strong>. Sul tema la Cisl Fp nella nota scrive: \u201cMolte segnalazioni stanno arrivando anche da diverse unit\u00e0 operative dell\u2019Ausl Romagna. In particolare nella struttura del vecchio ospedale di Ravenna gli impianto di climatizzazione mostrano evidenti criticit\u00e0 e non risultano pi\u00f9 adeguati a fronteggiare le temperature eccezionali registrate\u201d.<\/p>\n<p>Approfondisci:<\/p>\n<p><a href=\"https:\/\/www.ilrestodelcarlino.it\/meteo\/termometro-39-gradi-caldo-record-hva9rnoj\" class=\"ArticleEmbed_article__embed__content__Jzqnz\" rel=\"nofollow noopener\" target=\"_blank\">Termometro a 39 gradi e caldo record, nessun sollievo: \u201cPeggio del 2003\u201d. Ecco quando finir\u00e0<img alt=\"Termometro a 39 gradi e caldo record, nessun sollievo: \u201cPeggio del 2003\u201d. Ecco quando finir\u00e0\" loading=\"lazy\" width=\"140\" height=\"78\" decoding=\"async\" data-nimg=\"1\" style=\"color:transparent\"  src=\"https:\/\/www.europesays.com\/it\/wp-content\/uploads\/2026\/06\/situazione-in-emilia-romagna-sabato-27giugno-ore-17-foto-windy-a-destra-federico-grazzini-arpae.webp\"\/><\/a><br \/>\nArpae: \u201cIl caldo continuer\u00e0 durante tutta questa settimana\u201d <\/p>\n<p><strong>Arpae<\/strong>, sottolineando che l\u2019ondata eccezionale \u00e8 iniziata il 17 giugno, mette in guardia per i prossimi giorni: \u201cIl caldo continuer\u00e0 anche durante questa settimana, raggiungendo l\u2019apice fra sabato 27 e marted\u00ec 30 giugno\u201d. Infatti \u201cnel fine settimana le temperature potrebbero ulteriormente alzarsi di qualche grado e arrivare a 39 gradi in tutta la pianura\u201d quando \u201cle massime a fine giugno in pianura dovrebbero aggirarsi intorno ai 29\/30 gradi\u201d. E cos\u00ec \u201cse non ci saranno variazioni nella previsione, questa ondata di calore diventer\u00e0 la pi\u00f9 duratura e intensa mai registrata in regione\u201d.<\/p>\n","protected":false},"excerpt":{"rendered":"Lido Adriano, 25 giugno 2026 \u2013 Si \u00e8 accasciato, i bagnini di salvataggio hanno tentato di rianimarlo ma&hellip;\n","protected":false},"author":3,"featured_media":555499,"comment_status":"","ping_status":"","sticky":false,"template":"","format":"standard","meta":{"footnotes":"","_share_on_mastodon":"0"},"categories":[79],"tags":[11563,1534,433,14,93,94,1537,90,89,12857,10715,13293,7,15,13498,11,84,91,12,85,92],"class_list":["post-555498","post","type-post","status-publish","format-standard","has-post-thumbnail","category-italia","tag-adriano","tag-caldo","tag-colpito","tag-cronaca","tag-cronaca-italiana","tag-cronacaitaliana","tag-it","tag-italia","tag-italy","tag-lido","tag-malore","tag-muore","tag-news","tag-notizie","tag-spiaggia","tag-ultime-notizie","tag-ultime-notizie-e-news-di-oggi","tag-ultime-notizie-italia","tag-ultimenotizie","tag-ultimenotizieenewsdioggi","tag-ultimenotizieitalia"],"share_on_mastodon":{"url":"https:\/\/pubeurope.com\/@it\/116810618174422979","error":""},"_links":{"self":[{"href":"https:\/\/www.europesays.com\/it\/wp-json\/wp\/v2\/posts\/555498","targetHints":{"allow":["GET"]}}],"collection":[{"href":"https:\/\/www.europesays.com\/it\/wp-json\/wp\/v2\/posts"}],"about":[{"href":"https:\/\/www.europesays.com\/it\/wp-json\/wp\/v2\/types\/post"}],"author":[{"embeddable":true,"href":"https:\/\/www.europesays.com\/it\/wp-json\/wp\/v2\/users\/3"}],"replies":[{"embeddable":true,"href":"https:\/\/www.europesays.com\/it\/wp-json\/wp\/v2\/comments?post=555498"}],"version-history":[{"count":0,"href":"https:\/\/www.europesays.com\/it\/wp-json\/wp\/v2\/posts\/555498\/revisions"}],"wp:featuredmedia":[{"embeddable":true,"href":"https:\/\/www.europesays.com\/it\/wp-json\/wp\/v2\/media\/555499"}],"wp:attachment":[{"href":"https:\/\/www.europesays.com\/it\/wp-json\/wp\/v2\/media?parent=555498"}],"wp:term":[{"taxonomy":"category","embeddable":true,"href":"https:\/\/www.europesays.com\/it\/wp-json\/wp\/v2\/categories?post=555498"},{"taxonomy":"post_tag","embeddable":true,"href":"https:\/\/www.europesays.com\/it\/wp-json\/wp\/v2\/tags?post=555498"}],"curies":[{"name":"wp","href":"https:\/\/api.w.org\/{rel}","templated":true}]}}