{"id":555572,"date":"2026-06-25T13:08:17","date_gmt":"2026-06-25T13:08:17","guid":{"rendered":"https:\/\/www.europesays.com\/it\/555572\/"},"modified":"2026-06-25T13:08:17","modified_gmt":"2026-06-25T13:08:17","slug":"cristiano-malgioglio-mi-sono-sposato-allestero-e-sono-molto-felice-mio-marito-ha-45-anni-ma-il-suo-nome-non-ve-lo-dico-non-sono-dua-lipa","status":"publish","type":"post","link":"https:\/\/www.europesays.com\/it\/555572\/","title":{"rendered":"Cristiano Malgioglio: \u00abMi sono sposato all&#8217;estero e sono molto felice. Mio marito ha 45 anni, ma il suo nome non ve lo dico, non sono Dua Lipa\u00bb"},"content":{"rendered":"<p>    di<br \/>\n    Simona Marchetti<\/p>\n<p class=\"summary-art is-line-h-12\">Ospite de \u00abLa Vita in Diretta\u00bb, l&#8217;81enne artista ha confermato la notizia che lui stesso aveva dato giorni fa a Carlo Conti durante le riprese dei \u00abTim Summer Hits\u00bb<\/p>\n<p class=\"chapter-paragraph\">L\u2019unico dettaglio che <b>Cristiano<\/b> <b>Malgioglio<\/b> si \u00e8 lasciato sfuggire \u00e8 stata l\u2019et\u00e0 del neo marito (\u00ab<b>ha<\/b> <b>45 anni<\/b>\u00bb), ma il resto \u00e8 top secret. A cominciare dalla sua identit\u00e0. \u00ab<b>Come si chiama? Non sperate che ve lo riveli, mica sono Dua Lipa<\/b>\u00bb, ha ironizzato infatti l\u2019artista quando, nello studio de \u201c<b>La Vita in<\/b> <b>Diretta<\/b>\u201d, il conduttore <b>Alberto<\/b> <b>Matano<\/b> e gli altri ospiti hanno cercato di saperne di pi\u00f9 sull\u2019uomo misterioso con cui \u00e8 convolato a nozze.\u00a0<\/p>\n<p class=\"chapter-paragraph\">\u00abMi sono sposato all\u2019estero e sono molto felice\u00bb, aveva ammesso pochi istanti prima l<b>\u201981enne paroliere<\/b> che, fedele alla sua abituale riservatezza in ambito sentimentale, si era poi limitato a fornire qualche informazione in pi\u00f9 sul look (\u00ab<b>com\u2019ero vestito? Semplice,\u00a0avevo una canotta, faceva troppo caldo<\/b>\u00bb) e sulla cerimonia (\u00ab<b>\u00e8 stata molto intima, con pochissimi amici<\/b>\u00bb). Per la verit\u00e0, durante le riprese dei\u00a0\u201c<b>Tim Summer Hits 2026<\/b>\u201d, era stato lo stesso <b>Malgioglio<\/b> a spiazzare <b>Carlo<\/b> <b>Conti<\/b> con l\u2019annuncio del matrimonio.    &#13;<br \/>\n&#13;<br \/>\n&#13;<br \/>\n&#13;<br \/>\n&#13;<br \/>\n&#13;<br \/>\n&#13;<br \/>\n&#13;<br \/>\n&#13;<br \/>\n&#13;<br \/>\n&#13;<br \/>\n&#13;<br \/>\n&#13;<br \/>\n&#13;<br \/>\n&#13;<br \/>\n&#13;<br \/>\n&#13;<br \/>\n&#13;<br \/>\n&#13;<br \/>\n&#13;<br \/>\n&#13;<br \/>\n&#13;<br \/>\n&#13;<br \/>\n&#13;<br \/>\n&#13;<br \/>\n&#13;<br \/>\n&#13;<br \/>\n&#13;<br \/>\n&#13;<br \/>\n&#13;<br \/>\n&#13;<br \/>\n&#13;<br \/>\n&#13;<br \/>\n&#13;<br \/>\n&#13;<br \/>\n&#13;<br \/>\n&#13;<br \/>\n&#13;<br \/>\n&#13;<br \/>\n&#13;<br \/>\n&#13;<br \/>\n&#13;<br \/>\n&#13;<br \/>\n&#13;<br \/>\n&#13;<br \/>\n&#13;<br \/>\n&#13;<br \/>\n&#13;<br \/>\n&#13;<br \/>\n&#13;<br \/>\n&#13;<br \/>\n&#13;<br \/>\n&#13;\n<\/p>\n<p class=\"chapter-paragraph\">\u00a0\u00abVolevo renderti partecipe: <b>mi sono sposato, \u00e8 un segreto che non conosce nessuno<\/b>\u00bb, erano state le sue parole, che avevano immediatamente scatenato la curiosit\u00e0 generale. E riferendosi proprio alle voci che circolano sul suo conto, il cantautore <b>non ha potuto rinunciare a una stoccatina ironica<\/b>.<\/p>\n<p class=\"chapter-paragraph\">\u00a0\u00abLa cosa che mi fa impazzire \u00e8 che sotto casa mia a <b>Milano<\/b> ci siano dei paparazzi che <b>mi fotografano sempre con il mio parrucchiere che ha 90 anni<\/b>, convinti che sia lui mio marito. Ma vi rendete conto?\u00bb, ha chiosato infatti <b>Malgioglio<\/b>, prima di rivelare che \u00ab<b>la mia dolce met\u00e0 \u00e8 decisamente pi\u00f9 giovane, ha 45 anni<\/b>\u00bb. Malgrado il riserbo dell\u2019artista sul neo marito, molti sono per\u00f2 convinti che si tratti di <b>Onur<\/b>, il nutrizionista turco che <b>Malgioglio<\/b> aveva conosciuto a <b>Istanbul<\/b> nel <b>2020<\/b> e a cui \u00e8 stato spesso <b>accostato sentimentalmente<\/b> negli anni successivi.<\/p>\n<p class=\"is-last-update\" datetime=\"2026-06-25T13:16:50+02:00\">25 giugno 2026 ( modifica il 25 giugno 2026 | 13:16)<\/p>\n<p class=\"is-copyright\">\n            \u00a9 RIPRODUZIONE RISERVATA\n        <\/p>\n","protected":false},"excerpt":{"rendered":"di Simona Marchetti Ospite de \u00abLa Vita in Diretta\u00bb, l&#8217;81enne artista ha confermato la notizia che lui stesso&hellip;\n","protected":false},"author":3,"featured_media":555573,"comment_status":"","ping_status":"","sticky":false,"template":"","format":"standard","meta":{"footnotes":"","_share_on_mastodon":"0"},"categories":[1451],"tags":[2852,2387,5216,1621,1620,1411,2944,6917,6101,54067,277,306513,5631,12549,6651,203,5427,306514,2245,5232,204,1537,90,89,12550,68629,7242,21137,20822],"class_list":["post-555572","post","type-post","status-publish","format-standard","has-post-thumbnail","category-celebrita","tag-artista","tag-carlo","tag-carlo-conti","tag-celebrita","tag-celebrities","tag-conti","tag-conto","tag-convinti","tag-cristiano","tag-cristiano-malgioglio","tag-de","tag-de-diretta","tag-diretta","tag-dua","tag-dua-lipa","tag-entertainment","tag-estero","tag-estero-felice","tag-felice","tag-hits","tag-intrattenimento","tag-it","tag-italia","tag-italy","tag-lipa","tag-malgioglio","tag-marito","tag-neo","tag-sposato"],"share_on_mastodon":{"url":"https:\/\/pubeurope.com\/@it\/116810908241475367","error":""},"_links":{"self":[{"href":"https:\/\/www.europesays.com\/it\/wp-json\/wp\/v2\/posts\/555572","targetHints":{"allow":["GET"]}}],"collection":[{"href":"https:\/\/www.europesays.com\/it\/wp-json\/wp\/v2\/posts"}],"about":[{"href":"https:\/\/www.europesays.com\/it\/wp-json\/wp\/v2\/types\/post"}],"author":[{"embeddable":true,"href":"https:\/\/www.europesays.com\/it\/wp-json\/wp\/v2\/users\/3"}],"replies":[{"embeddable":true,"href":"https:\/\/www.europesays.com\/it\/wp-json\/wp\/v2\/comments?post=555572"}],"version-history":[{"count":0,"href":"https:\/\/www.europesays.com\/it\/wp-json\/wp\/v2\/posts\/555572\/revisions"}],"wp:featuredmedia":[{"embeddable":true,"href":"https:\/\/www.europesays.com\/it\/wp-json\/wp\/v2\/media\/555573"}],"wp:attachment":[{"href":"https:\/\/www.europesays.com\/it\/wp-json\/wp\/v2\/media?parent=555572"}],"wp:term":[{"taxonomy":"category","embeddable":true,"href":"https:\/\/www.europesays.com\/it\/wp-json\/wp\/v2\/categories?post=555572"},{"taxonomy":"post_tag","embeddable":true,"href":"https:\/\/www.europesays.com\/it\/wp-json\/wp\/v2\/tags?post=555572"}],"curies":[{"name":"wp","href":"https:\/\/api.w.org\/{rel}","templated":true}]}}