{"id":555656,"date":"2026-06-25T14:12:26","date_gmt":"2026-06-25T14:12:26","guid":{"rendered":"https:\/\/www.europesays.com\/it\/555656\/"},"modified":"2026-06-25T14:12:26","modified_gmt":"2026-06-25T14:12:26","slug":"ai-litaliano-al-tavolo-dei-big-il-problema-non-sono-i-governi-ma-le-aziende-private-usa","status":"publish","type":"post","link":"https:\/\/www.europesays.com\/it\/555656\/","title":{"rendered":"AI, l&#8217;italiano al tavolo dei big: \u00abIl problema non sono i governi ma le aziende private Usa\u00bb"},"content":{"rendered":"<p>    di<br \/>\n    Massimo Gaggi<\/p>\n<p class=\"summary-art is-line-h-12 is-mr-t-20\">Il capo di Domyn, Uljan Sharka, al G7: i politici cercano intese e soluzioni<\/p>\n<p class=\"chapter-paragraph\">\u00abDopo anni di retorica sull\u2019Europa fuori gioco, ora si vede che, pi\u00f9 ancora della potenza dei sistemi di calcolo, conta la capacit\u00e0 di analizzare e mantenere il controllo dei propri dati. Il caso Anthropic ha dato la scossa: al G7, da imprenditore, ho visto leader politici che cercano intese, si interrogano sulle soluzioni.<b> I problemi li creano i giganti Usa della tecnologia: a parole collaborativi, ma ognuno, poi, va per la sua strada.<\/b> E anche nella Ue non abbiamo ancora un tavolo per le societ\u00e0 europee dell\u2019AI. Ma ci stiamo lavorando\u00bb.\u00a0<br \/><b>Uljan Sharka, fondatore e capo di Domyn<\/b>, societ\u00e0 italiana che sviluppa modelli linguistici, data center e agenti AI per settori regolamentati (governi, difesa, grandi imprese, banche), invitato a partecipare alla sessione del G7 di Evian dedicato all\u2019intelligenza artificiale insieme ai capi dei giganti Usa (da Sam Altman di OpenAI a Dario Amodei di Anthropic) e ai leader di altre aziende europee come la francese Mistral, respinge la narrativa di uno scontro tecnologico Usa-Ue: \u00ab<b>L\u2019Europa deve conquistare autonomia tecnologica, ma non pu\u00f2 che usare i sistemi disponibili che sono americani.<\/b> Scopriamo oggi una realt\u00e0 che \u00e8 tra noi da decenni? Andiamo allo scontro? Si pu\u00f2 trovare il modo di vincere senza combattere, non \u00e8 necessario distruggere per poter costruire\u00bb.\u00a0<\/p>\n<p class=\"chapter-paragraph\">La denuncia di problemi di sicurezza dei suoi stessi sistemi di AI da parte di Anthropic, e poi di Amazon, <b>ha spinto il governo Usa a introdurre divieti che hanno allarmato gli europei, per la prima volta tagliati fuori da una tecnologia di punta<\/b>, sia pure per problemi di sicurezza. Al G7 Macron ha chiesto di non creare divisioni tra le democrazie.\u00a0<br \/>\u00abLe conversazioni erano riservate, ma sono state costruttive, senza tensioni. Non sul fronte politico, almeno. <b>Serve un modello Nato per uscire da una narrativa sull\u2019AI che oggi \u00e8 distorta:<\/b> esagerazioni di <b>grandi laboratori di ricerca che hanno un impatto sulle decisioni dei governi<\/b>. L\u2019intervento su Anthropic non mi sorprende: se un\u2019azienda privata ti dice che ha creato un modello potente come un\u2019arma nucleare e poi lo offre al mondo, che fa un governo, Trump o non Trump? Basta con la narrativa \u201cnoi contro loro\u201d: ci sono rischi sistemici da affrontare, ma non \u00e8 la bomba atomica. \u00c8 un software molto avanzato che pu\u00f2 essere usato tanto in modo offensivo quanto difensivo. <b>Servono sistemi di difesa by design offerti a tutti i Paesi di G7 e Nato\u00bb.\u00a0<\/b>    &#13;<br \/>\n&#13;<br \/>\n&#13;<br \/>\n&#13;<br \/>\n&#13;<br \/>\n&#13;<br \/>\n&#13;<br \/>\n&#13;<br \/>\n&#13;<br \/>\n&#13;<br \/>\n&#13;<br \/>\n&#13;<br \/>\n&#13;<br \/>\n&#13;<br \/>\n&#13;<br \/>\n&#13;<br \/>\n&#13;<br \/>\n&#13;<br \/>\n&#13;<br \/>\n&#13;<br \/>\n&#13;<br \/>\n&#13;<br \/>\n&#13;<br \/>\n&#13;<br \/>\n&#13;<br \/>\n&#13;<br \/>\n&#13;<br \/>\n&#13;<br \/>\n&#13;<br \/>\n&#13;<br \/>\n&#13;<br \/>\n&#13;<br \/>\n&#13;<br \/>\n&#13;<br \/>\n&#13;<br \/>\n&#13;<br \/>\n&#13;<br \/>\n&#13;<br \/>\n&#13;<br \/>\n&#13;<br \/>\n&#13;<br \/>\n&#13;<br \/>\n&#13;<br \/>\n&#13;<br \/>\n&#13;<br \/>\n&#13;<br \/>\n&#13;<br \/>\n&#13;<br \/>\n&#13;<br \/>\n&#13;<br \/>\n&#13;<br \/>\n&#13;<br \/>\n&#13;\n<\/p>\n<p class=\"chapter-paragraph\"><b>Focus sulla creazione di sistemi protetti, allora.<\/b><br \/>\u00a0\u00abPi\u00f9 che protezione, accesso paritario e controllo completo. Senza controllo non proteggi niente: se rimane dipendenza, qualcuno potr\u00e0 sempre spegnerti con un comando remoto. Qui <b>la narrativa sbagliata \u00e8 che la dipendenza arriva dagli Usa<\/b>: smettiamo di mettere in mezzo i governi e creare tensioni geopolitiche. <b>Il problema sono le aziende private: distorcono la realt\u00e0 e alimentano conflitti geopolitici, convenienti, per loro,<\/b> a livello di business. Come quando dicono che se metti regole vince la Cina\u00bb.\u00a0<\/p>\n<p class=\"chapter-paragraph\">Per il presidente <b>Mattarella<\/b> queste imprese sono \u00abattori di imponderabile legittimit\u00e0\u00bb.\u00a0Parla di <b>\u00abrischio di un nuovo disordine mondiale\u00bb.\u00a0<\/b><\/p>\n<p class=\"chapter-paragraph\"><b>Allarme eccessivo?\u00a0<\/b><br \/>\u00abAnticipa il futuro: quando questa tecnologia diventer\u00e0 totalmente pervasiva, <b>avremo quei problemi. Accadr\u00e0 tra 5 o 10 anni. <\/b>Dobbiamo arrivare l\u00ec con le soluzioni giuste. In Europa lo stiamo facendo su tre fronti: creando la massa critica di capacit\u00e0 di calcolo che ci consentir\u00e0 di essere competitivi. Mentre si dice che siamo indietro, stiamo costruendo le fondamenta. Abbiamo, poi, una crescita esponenziale delle start up di qualit\u00e0, sempre pi\u00f9 distribuite in tutta la Ue. I modelli fondativi europei, compresi i nostri di Domyn, sono ormai competitivi. In alcune aree superiamo i cinesi e anche alcuni modelli aperti Usa. C\u2019\u00e8 ancora molto da fare, ma stiamo colmando i gap\u00bb.\u00a0<br \/><b><br \/>E i modelli di Domyn? Pensate alla quotazione?\u00a0<\/b><br \/>\u00abIn un anno il valore dell\u2019azienda \u00e8 triplicato, non posso dare dati perch\u00e9 siamo sempre in fasi di aumenti di capitale. E abbiamo rilasciato due modelli AI nuovi, uno da 262 miliardi di parametri, l\u2019altro d 10 miliardi, competitivi con quelli Usa e cinesi. Abilitano il cliente, governo o azienda, ad addestrare il modello coi proprio dati. I clienti chiedono riservatezza. Ma siamo alla moltiplicazione dei numeri del fatturato. La quotazione arriver\u00e0 quando avremo un valore di 100 miliardi. Non credo sia un traguardo molto lontano\u00bb.<\/p>\n<p><a href=\"https:\/\/www.corriere.it\/app-economia\/?intcmp=DL-app_nd_011024_corriere_ss_conomia\" target=\"_blank\" class=\"bck-app-banner\" rel=\"nofollow noopener\"><img decoding=\"async\" class=\"bck-app-img\" src=\"https:\/\/www.europesays.com\/it\/wp-content\/uploads\/2025\/08\/1756449670_863_app.png\"\/><\/p>\n<p>Nuova app <strong>L&#8217;Economia<\/strong>. News, approfondimenti e l&#8217;assistente virtuale al tuo servizio.<\/p>\n<p>SCARICA L&#8217; APP<\/p>\n<p><img decoding=\"async\" src=\"https:\/\/www.europesays.com\/it\/wp-content\/uploads\/2025\/07\/eco.png\"\/><\/a><\/p>\n<p>Iscriviti alle <a href=\"https:\/\/www.corriere.it\/newsletter\/?theme=4\" rel=\"nofollow noopener\" target=\"_blank\">newsletter de L&#8217;Economia<\/a>. Analisi e commenti sui principali avvenimenti\u00a0economici a cura delle firme del Corriere.<\/p>\n<p class=\"is-last-update\" datetime=\"2026-06-25T09:35:07+02:00\">25 giugno 2026<\/p>\n<p class=\"is-copyright\">\n            \u00a9 RIPRODUZIONE RISERVATA\n        <\/p>\n","protected":false},"excerpt":{"rendered":"di Massimo Gaggi Il capo di Domyn, Uljan Sharka, al G7: i politici cercano intese e soluzioni \u00abDopo&hellip;\n","protected":false},"author":3,"featured_media":555657,"comment_status":"","ping_status":"","sticky":false,"template":"","format":"standard","meta":{"footnotes":"","_share_on_mastodon":"0"},"categories":[172],"tags":[178,15296,4072,5609,31493,177,79766,1039,777,306551,10171,306552,4081,64143,2575,2665,728,767,2146,306550,3085,3766,1727,52095,306553,25763,1251,3709,103311,1537,90,89,381,5919,2506,84530,2737,233,306554,306555,21272,1885,3277,117672,73332,3969,14857,306556,863,6341,24787,196,997,410],"class_list":["post-555656","post","type-post","status-publish","format-standard","has-post-thumbnail","category-affari","tag-affari","tag-anthropic","tag-azienda","tag-aziende","tag-aziende-private","tag-business","tag-calcolo","tag-capacita","tag-capo","tag-capo-domyn","tag-cercano","tag-cercano-intese","tag-cinesi","tag-competitivi","tag-controllo","tag-creare","tag-dati","tag-difesa","tag-dipendenza","tag-domyn","tag-europa","tag-europee","tag-europei","tag-giganti","tag-giganti-usa","tag-governi","tag-grandi","tag-imprese","tag-intese","tag-it","tag-italia","tag-italy","tag-leader","tag-modelli","tag-modello","tag-narrativa","tag-nato","tag-politici","tag-politici-cercano","tag-politici-cercano-intese","tag-private","tag-problema","tag-problemi","tag-problemi-sicurezza","tag-quotazione","tag-realta","tag-scontro","tag-sharka","tag-sicurezza","tag-sistemi","tag-soluzioni","tag-tecnologia","tag-ue","tag-usa"],"share_on_mastodon":{"url":"","error":"Validation failed: Text character limit of 500 exceeded"},"_links":{"self":[{"href":"https:\/\/www.europesays.com\/it\/wp-json\/wp\/v2\/posts\/555656","targetHints":{"allow":["GET"]}}],"collection":[{"href":"https:\/\/www.europesays.com\/it\/wp-json\/wp\/v2\/posts"}],"about":[{"href":"https:\/\/www.europesays.com\/it\/wp-json\/wp\/v2\/types\/post"}],"author":[{"embeddable":true,"href":"https:\/\/www.europesays.com\/it\/wp-json\/wp\/v2\/users\/3"}],"replies":[{"embeddable":true,"href":"https:\/\/www.europesays.com\/it\/wp-json\/wp\/v2\/comments?post=555656"}],"version-history":[{"count":0,"href":"https:\/\/www.europesays.com\/it\/wp-json\/wp\/v2\/posts\/555656\/revisions"}],"wp:featuredmedia":[{"embeddable":true,"href":"https:\/\/www.europesays.com\/it\/wp-json\/wp\/v2\/media\/555657"}],"wp:attachment":[{"href":"https:\/\/www.europesays.com\/it\/wp-json\/wp\/v2\/media?parent=555656"}],"wp:term":[{"taxonomy":"category","embeddable":true,"href":"https:\/\/www.europesays.com\/it\/wp-json\/wp\/v2\/categories?post=555656"},{"taxonomy":"post_tag","embeddable":true,"href":"https:\/\/www.europesays.com\/it\/wp-json\/wp\/v2\/tags?post=555656"}],"curies":[{"name":"wp","href":"https:\/\/api.w.org\/{rel}","templated":true}]}}