{"id":555701,"date":"2026-06-25T14:51:16","date_gmt":"2026-06-25T14:51:16","guid":{"rendered":"https:\/\/www.europesays.com\/it\/555701\/"},"modified":"2026-06-25T14:51:16","modified_gmt":"2026-06-25T14:51:16","slug":"tricolori-crono-paurosa-caduta-di-affini-in-discesa-tour-a-rischio","status":"publish","type":"post","link":"https:\/\/www.europesays.com\/it\/555701\/","title":{"rendered":"TRICOLORI CRONO. PAUROSA CADUTA DI AFFINI IN DISCESA, TOUR A RISCHIO"},"content":{"rendered":"<p>            <a class=\"category\" href=\"https:\/\/www.tuttobiciweb.it\/articles\/category\/PROFESSIONISTI\" itemprop=\"about\" rel=\"nofollow noopener\" target=\"_blank\">PROFESSIONISTI<\/a> | 25\/06\/2026 | 15:11<br \/>\n            <a class=\"author\" href=\"https:\/\/www.tuttobiciweb.it\/articles\/author\/Giulia%20De%20Maio\" rel=\"nofollow noopener\" target=\"_blank\">di Giulia De Maio<\/a><\/p>\n<p>Edoardo Affini stava andando forte nei primi chilometri della cronometro tricolore, ma \u00e8 caduto in discesa tra Briaglia e Bastia Mondov\u00ec.\u00a0Il mantovano della Visma Lease a Bike, campione europeo di specialit\u00e0 nel 2024, \u00e8 finito a terra dopo soli 6 km dal via ed \u00e8 stato caricato in ambulanza, cosciente ma dolorante. Immobilizzato sul posto, ha risposto a tutti gli stimoli parlando ai sanitari che lo hanno soccorso.\n            <\/p>\n<p>Il 30enne olandese d&#8217;adozione (ha sposato una ragazza dei Paesi Bassi e l\u00ec vive ormai per gran parte dell&#8217;anno) aveva grandi ambizioni per la prova odierna e nel programma dopo i Nazionali ha il Tour de France al fianco di Jonas Vingegaard, a questo punto a forte rischio per le conseguenze della caduta odierna. Gli accertamenti medici a cui si sottoporr\u00e0 all&#8217;ospedale di Mondov\u00ec o Cuneo ci diranno di pi\u00f9&#8230;\n            <\/p>\n<p>in aggiornamento<\/p>\n<p>\n    <a href=\"https:\/\/www.tuttobiciweb.it\/article\/2026\/06\/25\/1782393120\/crash-edoardo-affini-italian-championship-time-trial?lang=en\" rel=\"nofollow noopener\" target=\"_blank\"><img decoding=\"async\" src=\"https:\/\/www.europesays.com\/it\/wp-content\/uploads\/2025\/12\/enver.png\"\/><\/a><\/p>\n<p>Copyright &amp;copy TBW<\/p>\n","protected":false},"excerpt":{"rendered":"PROFESSIONISTI | 25\/06\/2026 | 15:11 di Giulia De Maio Edoardo Affini stava andando forte nei primi chilometri della&hellip;\n","protected":false},"author":3,"featured_media":555702,"comment_status":"","ping_status":"","sticky":false,"template":"","format":"standard","meta":{"footnotes":"","_share_on_mastodon":"0"},"categories":[1456],"tags":[2770,6026,1824,3435,1825,15702,1537,90,89,245,244],"class_list":["post-555701","post","type-post","status-publish","format-standard","has-post-thumbnail","category-ciclismo","tag-caduta","tag-campionato-italiano","tag-ciclismo","tag-cronometro","tag-cycling","tag-edoardo-affini","tag-it","tag-italia","tag-italy","tag-sport","tag-sports"],"share_on_mastodon":{"url":"https:\/\/pubeurope.com\/@it\/116811313623186469","error":""},"_links":{"self":[{"href":"https:\/\/www.europesays.com\/it\/wp-json\/wp\/v2\/posts\/555701","targetHints":{"allow":["GET"]}}],"collection":[{"href":"https:\/\/www.europesays.com\/it\/wp-json\/wp\/v2\/posts"}],"about":[{"href":"https:\/\/www.europesays.com\/it\/wp-json\/wp\/v2\/types\/post"}],"author":[{"embeddable":true,"href":"https:\/\/www.europesays.com\/it\/wp-json\/wp\/v2\/users\/3"}],"replies":[{"embeddable":true,"href":"https:\/\/www.europesays.com\/it\/wp-json\/wp\/v2\/comments?post=555701"}],"version-history":[{"count":0,"href":"https:\/\/www.europesays.com\/it\/wp-json\/wp\/v2\/posts\/555701\/revisions"}],"wp:featuredmedia":[{"embeddable":true,"href":"https:\/\/www.europesays.com\/it\/wp-json\/wp\/v2\/media\/555702"}],"wp:attachment":[{"href":"https:\/\/www.europesays.com\/it\/wp-json\/wp\/v2\/media?parent=555701"}],"wp:term":[{"taxonomy":"category","embeddable":true,"href":"https:\/\/www.europesays.com\/it\/wp-json\/wp\/v2\/categories?post=555701"},{"taxonomy":"post_tag","embeddable":true,"href":"https:\/\/www.europesays.com\/it\/wp-json\/wp\/v2\/tags?post=555701"}],"curies":[{"name":"wp","href":"https:\/\/api.w.org\/{rel}","templated":true}]}}