{"id":555828,"date":"2026-06-25T16:29:21","date_gmt":"2026-06-25T16:29:21","guid":{"rendered":"https:\/\/www.europesays.com\/it\/555828\/"},"modified":"2026-06-25T16:29:21","modified_gmt":"2026-06-25T16:29:21","slug":"chiara-petrolini-condanna-per-omicidio-del-figlio-neonato-le-motivazioni-della-sentenza","status":"publish","type":"post","link":"https:\/\/www.europesays.com\/it\/555828\/","title":{"rendered":"Chiara Petrolini, condanna per omicidio del figlio neonato: le motivazioni della sentenza"},"content":{"rendered":"<p>A due mesi dalla condanna sono state pubblicate le motivazioni della sentenza emessa dalla Corte d\u2019Assise di Parma nei confronti della 23enne di Traversetolo. Petrolini ha &#8220;tenuto una pluralit\u00e0 di condotte omissive che sono chiaramente indicative della volont\u00e0 di partorire il figlio per poi eliminarlo&#8221;, hanno scritto i giudici che non hanno accolto la tesi del diniego di gravidanza sostenuta dall\u2019avvocato Nicola Tria<\/p>\n<p>&#8220;Pur immatura e fragile&#8221; Chiara Petrolini ha agito &#8220;con lucidit\u00e0 e determinazione&#8221;. A due mesi dalla <a data-intcmp=\"skytg24_foglia articolo_interlink_text\" href=\"https:\/\/tg24.sky.it\/cronaca\/2026\/04\/24\/chiara-petrolini-sentenza-oggi\" target=\"_self\" rel=\"nofollow noopener\">condanna della 23enne di Traversetolo<\/a> per l&#8217;omicidio e l&#8217;occultamento del cadavere del secondogenito, sono state pubblicate le motivazioni della sentenza. Per i giudici della Corte d\u2019Assise di Parma, Chiara Petrolini \u00e8 sempre stata consapevole delle proprie azioni, &#8220;tenendo ferma la propria volont\u00e0 di non far scoprire niente finch\u00e9 ha potuto, ossia finch\u00e9 non \u00e8 stata posta dagli inquirenti di fronte a evidenze fattuali incontrovertibili&#8221;.\u00a0<\/p>\n<p>\t\t \tCorte d\u2019Assise: \u201cVolont\u00e0 di partorire il figlio e poi eliminarlo\u201d<\/p>\n<p>La ragazza dovr\u00e0 scontare una pena a 24 anni e 3 mesi per dopo essere stata riconosciuta colpevole per l&#8217;omicidio premeditato del figlio nato il 7 agosto 2024 e sepolto in giardino. Chiara Petrolini, scrivono ancora i giudici, ha &#8220;tenuto una pluralit\u00e0 di condotte omissive che&#8230;sono chiaramente indicative della volont\u00e0 di partorire il figlio per poi eliminarlo&#8221;.\u00a0Per l&#8217;accusa e per i giudici, la morte del bambino, a cui \u00e8 poi stato dato il nome Angelo Federico e il cognome del padre, Samuel Granelli, ex fidanzato di Chiara, \u00e8 stata dovuta al taglio del cordone ombelicale senza effettuare il necessario clampaggio e omettendo successivamente di prestare soccorso al neonato.<\/p>\n<p>\t\t\t<a class=\"c-inline-card j-inline-card c-inline-card--with-image\" href=\"https:\/\/tg24.sky.it\/cronaca\/2026\/06\/25\/caso-pifferi-condanna\" rel=\"follow nofollow noopener\" data-intcmp=\"skytg24_articolo_approfondimenti_inline\" target=\"_blank\"><\/p>\n<p>\t\t\t         <img decoding=\"async\" crossorigin=\"anonymous\" alt=\"\" src=\"https:\/\/www.europesays.com\/it\/wp-content\/uploads\/2026\/06\/alessia_pifferi_ansa.JPG\"  loading=\"lazy\"  bad-src=\"https:\/\/www.europesays.com\/it\/wp-content\/uploads\/2026\/06\/alessia_pifferi_ansa.JPG\"\/><\/p>\n<p>\n\t\t\t         Leggi anche<br \/>\n\t\t\t         Caso Pifferi, definitiva la condanna a 24 anni per morte della figlia\n\t\t\t      <\/p>\n<p>\t\t\t<\/a><\/p>\n<p>\t\t\t\u201cEra consapevole della gravidanza\u201d<\/p>\n<p>&#8220;Non risulta&#8221;, si legge nelle motivazioni della Corte d\u2019Assise di Parma, che Chiara Petrolini &#8220;avesse sperimentato un diniego di gravidanza, e cio\u00e8 che fosse inconsapevole del proprio stato di gravidanza, ovvero ne avesse una consapevolezza fluttuante&#8221;. Si tratta &#8220;di una versione mai offerta dall&#8217;imputata nelle proprie dichiarazioni nel corso delle indagini n\u00e9 emersa in alcun modo dalle sue reazioni spontanee e dai racconti ai genitori e agli amici\u201d. Una tesi, quella del diniego di gravidanza, sostenuta dall\u2019avvocato della difesa Nicola Tria. Per i giudici, per\u00f2, &#8220;la consapevolezza di Petrolini di essere incinta \u00e8 dimostrata dalle molte ricerche su Internet, che evidenziano come fin dai primi mesi l&#8217;imputata fosse conscia di essere in attesa e di avere anche una certa contezza dell&#8217;incedere delle settimane&#8221;.<\/p>\n<p>\t\t\tAssolta per la morte del primogenito<\/p>\n<p>La 23enne era stata accusata del duplice omicidio premeditato di entrambi i suoi figli neonati e di soppressione dei cadaveri. Tuttavia, per quanto riguarda la morte del primogenito, nato a maggio 2023, Petrolini \u00e8 stata assolta perch\u00e9, spiegano i giudici, non c\u2019\u00e8 prova certa che il bimbo sia nato vivo e abbia vissuto &#8220;quantomeno per un breve lasso di tempo&#8221;. Per la Corte d\u2019Assise \u00e8 impossibile verificare che il piccolo, partorito il 12 maggio 2023, abbia vissuto &#8220;quantomeno per un breve lasso di tempo&#8221; e che siano state le condotte contestate all&#8217;imputata a determinarne la morte. Questo non esclude la volont\u00e0 della 23enne di \u201cdeterminare la morte del figlio, come risulta dal comportamento da lei mantenuto per tutta la durata della gravidanza e del parto\u201d, ma non permette di ritenere \u201cl&#8217;imputata responsabile della morte dello stesso\u201d.<\/p>\n<p>\t            TAG:<\/p>\n","protected":false},"excerpt":{"rendered":"A due mesi dalla condanna sono state pubblicate le motivazioni della sentenza emessa dalla Corte d\u2019Assise di Parma&hellip;\n","protected":false},"author":3,"featured_media":555829,"comment_status":"","ping_status":"","sticky":false,"template":"","format":"standard","meta":{"footnotes":"","_share_on_mastodon":"0"},"categories":[79],"tags":[76697,364,14,93,94,1537,90,89,834,7,15,6301,11,84,91,12,85,92],"class_list":["post-555828","post","type-post","status-publish","format-standard","has-post-thumbnail","category-italia","tag-chiara-petrolini","tag-collaboratori","tag-cronaca","tag-cronaca-italiana","tag-cronacaitaliana","tag-it","tag-italia","tag-italy","tag-neonati","tag-news","tag-notizie","tag-parma","tag-ultime-notizie","tag-ultime-notizie-e-news-di-oggi","tag-ultime-notizie-italia","tag-ultimenotizie","tag-ultimenotizieenewsdioggi","tag-ultimenotizieitalia"],"share_on_mastodon":{"url":"https:\/\/pubeurope.com\/@it\/116811698954117578","error":""},"_links":{"self":[{"href":"https:\/\/www.europesays.com\/it\/wp-json\/wp\/v2\/posts\/555828","targetHints":{"allow":["GET"]}}],"collection":[{"href":"https:\/\/www.europesays.com\/it\/wp-json\/wp\/v2\/posts"}],"about":[{"href":"https:\/\/www.europesays.com\/it\/wp-json\/wp\/v2\/types\/post"}],"author":[{"embeddable":true,"href":"https:\/\/www.europesays.com\/it\/wp-json\/wp\/v2\/users\/3"}],"replies":[{"embeddable":true,"href":"https:\/\/www.europesays.com\/it\/wp-json\/wp\/v2\/comments?post=555828"}],"version-history":[{"count":0,"href":"https:\/\/www.europesays.com\/it\/wp-json\/wp\/v2\/posts\/555828\/revisions"}],"wp:featuredmedia":[{"embeddable":true,"href":"https:\/\/www.europesays.com\/it\/wp-json\/wp\/v2\/media\/555829"}],"wp:attachment":[{"href":"https:\/\/www.europesays.com\/it\/wp-json\/wp\/v2\/media?parent=555828"}],"wp:term":[{"taxonomy":"category","embeddable":true,"href":"https:\/\/www.europesays.com\/it\/wp-json\/wp\/v2\/categories?post=555828"},{"taxonomy":"post_tag","embeddable":true,"href":"https:\/\/www.europesays.com\/it\/wp-json\/wp\/v2\/tags?post=555828"}],"curies":[{"name":"wp","href":"https:\/\/api.w.org\/{rel}","templated":true}]}}