{"id":555833,"date":"2026-06-25T16:39:14","date_gmt":"2026-06-25T16:39:14","guid":{"rendered":"https:\/\/www.europesays.com\/it\/555833\/"},"modified":"2026-06-25T16:39:14","modified_gmt":"2026-06-25T16:39:14","slug":"pellizzari-il-giro-ditalia-e-stata-una-lezione-ma-sono-gia-ripartito","status":"publish","type":"post","link":"https:\/\/www.europesays.com\/it\/555833\/","title":{"rendered":"Pellizzari: &#8220;Il Giro d&#8217;Italia \u00e8 stata una lezione, ma sono gi\u00e0 ripartito&#8221;"},"content":{"rendered":"<p>                                Dopo la deludente corsa rosa, il marchigiano ha chiuso secondo in Slovenia: &#8220;Uno schiaffo salutare. Non ho sbagliato la preparazione&#8221;<\/p>\n<p>            <a class=\"image is-50x50\" href=\"https:\/\/www.gazzetta.it\/redazione\/ciro-scognamiglio\/\" rel=\"nofollow noopener\" target=\"_blank\"><br \/>\n                <img decoding=\"async\" class=\"is-rounded\" src=\"https:\/\/www.europesays.com\/it\/wp-content\/uploads\/2025\/10\/ciro_scognamiglio_avatar.png\" alt=\"Ciro Scognamiglio\"\/><br \/>\n            <\/a><\/p>\n<p>Giornalista<\/p>\n<p>                    25 giugno &#8211; 17:05  &#8211; MILANO<\/p>\n<p class=\"paragraph\" spellcheck=\"true\">Non ha bruciato dorsali e maglie, non si \u00e8 pianto addosso, non ha sprecato tempo. Quello di Giulio Pellizzari \u00e8 stato un Giro d\u2019Italia sofferto e deludente concluso con un 21\u00b0 posto che non gli rende giustizia, ma il 22enne marchigiano della Red Bull non \u00e8 \u201csparito\u201d subito dopo, come pure avrebbe potuto\u201d. Ha aspettato il Giro di Slovenia, cinque tappe da mercoled\u00ec a domenica scorsa, per riprendere confidenza con il podio: secondo nella tappa regina, secondo in classifica finale, alle spalle del compagno Florian Lipowitz.\u00a0<\/p>\n<p class=\"paragraph\" spellcheck=\"true\"><b>Pellizzari, 4 brevi corse a tappe nel 2026: terzo alla Valenciana, terzo alla Tirreno-Adriatico, primo al Tour of the Alps, secondo in Slovenia. Che cosa significa?<\/b>\u00a0<\/p>\n<p class=\"paragraph\" spellcheck=\"true\">\u201cAver trovato una certa continuit\u00e0, una delle cose che chiedevo a questa stagione. Essere presente. \u00c8 stato il miglior modo per andare in vacanza, ora, e poi riprendere sereni per fare una bella seconda parte di stagione\u201d.<\/p>\n<p class=\"paragraph\" spellcheck=\"true\"><b>Quando la vedremo in gruppo, ora?\u00a0<\/b><\/p>\n<p class=\"paragraph\" spellcheck=\"true\">\u201cNon far\u00f2 altri grandi giri. San Sebastian e Vuelta Burgos ad agosto. Diverse gare in Italia di un giorno a settembre, tra cui Larciano, Coppa Sabatini e Memorial Pantani. Spero il Mondiale, punto interrogativo sull\u2019Europeo, chiusura con il Lombardia\u201d.\u00a0<\/p>\n<p class=\"paragraph\" spellcheck=\"true\">\u201cSicuramente s\u00ec. Non so se per la vittoria finale, visto come va Pogacar, il discorso sia aperto. Ma per gli altri sul podio s\u00ec e conto che i miei compagni, a cominciare da Evenepoel e Lipowitz, si facciano valere\u201d.\u00a0<\/p>\n<p class=\"paragraph\" spellcheck=\"true\"><b>Per lei, importante avere reagito in Slovenia dopo il flop del Giro?\u00a0<\/b><\/p>\n<p class=\"paragraph\" spellcheck=\"true\">\u201cPi\u00f9 che altro, mi \u00e8 servito per ritrovare quelle belle sensazioni in bici che al Giro non ho pi\u00f9 avuto a iniziare dalla tappa nove, quella di Corno alle Scale. Con \u2018Lipo\u2019 ci siamo divertiti, sono contento di come \u00e8 andata\u201d.\u00a0<\/p>\n<p class=\"paragraph\" spellcheck=\"true\"><b>A Roma aveva detto che avrebbe bruciato i dorsali e le maglie della corsa rosa: lo ha fatto?\u00a0<\/b><\/p>\n<p class=\"paragraph\" spellcheck=\"true\">\u201cMa stavo scherzando, se vede le immagini in cui lo dico\u2026 si capisce chiaramente, mi ero messo anche a ridere. Qualche \u2018giornaletto\u201d lo ha preso sul serio, forse per fare un po\u2019 di polemica lo ha ripreso\u201d.<b\/><\/p>\n<p class=\"paragraph\" spellcheck=\"true\">Alla fine, che morale ha tratto dal Giro?\u00a0<\/p>\n<p class=\"paragraph\" spellcheck=\"true\">\u201cLa considero una lezione, un modo per imparare. Ho preso un bello schiaffo in faccia che per\u00f2 mi verr\u00e0 utile in futuro. Il risultato non \u00e8 arrivato, ma ho tanta esperienza in pi\u00f9\u201d.\u00a0<\/p>\n<p class=\"paragraph\" spellcheck=\"true\"><b>Lei ha sofferto di un virus gastrointestinale che l\u2019ha condizionata, per\u00f2 in tanti hanno osservato che forse era andato in forma troppo presto, avendo vinto il Tour of the Alps ad aprile: che cosa ne pensa?\u00a0<\/b><\/p>\n<p class=\"paragraph\" spellcheck=\"true\">\u201cNon credo, in realt\u00e0\u201d.\u00a0<\/p>\n<p class=\"paragraph\" spellcheck=\"true\">\u201cNessuno di quelli che hanno lottato per il successo all\u2019Alps erano al cento per cento. E nemmeno io, lo vedevo dai dati e dai numeri che avevo. Non erano certo dei migliori. Al Giro, invece, stavo crescendo e poi \u00e8 successo quello che \u00e8 successo. Non ho pi\u00f9 recuperato, e basta\u201d.\u00a0<\/p>\n<p class=\"paragraph\" spellcheck=\"true\"><b>Il ciclismo contemporaneo va velocissimo: magari non si riesce a godersi i successi, ma allo stesso tempo \u00e8 pi\u00f9 semplice ripartire dopo un rovescio?\u00a0<\/b><\/p>\n<p class=\"paragraph\" spellcheck=\"true\">\u201cProprio cos\u00ec, \u00e8 vero. Lo dimostra il fatto che io sia gi\u00e0 ripartito\u201d.<\/p>\n<p class=\"is-copyright\">\u00a9 RIPRODUZIONE RISERVATA<\/p>\n","protected":false},"excerpt":{"rendered":"Dopo la deludente corsa rosa, il marchigiano ha chiuso secondo in Slovenia: &#8220;Uno schiaffo salutare. Non ho sbagliato&hellip;\n","protected":false},"author":3,"featured_media":555834,"comment_status":"","ping_status":"","sticky":false,"template":"","format":"standard","meta":{"footnotes":"","_share_on_mastodon":"0"},"categories":[1456],"tags":[95034,82367,306690,306691,1824,1276,97244,1825,57223,306692,306693,1426,3369,32871,1537,90,89,10324,11337,55415,32339,633,2055,242958,22887,306694,306695,3351,8559,195245,55499,5569,105259,25040,5202,245,244,577,1886,3555],"class_list":["post-555833","post","type-post","status-publish","format-standard","has-post-thumbnail","category-ciclismo","tag-alps","tag-bruciato","tag-bruciato-dorsali","tag-bruciato-dorsali-maglie","tag-ciclismo","tag-corsa","tag-corsa-rosa","tag-cycling","tag-deludente","tag-dorsali","tag-dorsali-maglie","tag-finale","tag-giro","tag-giro-italia","tag-it","tag-italia","tag-italy","tag-lezione","tag-lipowitz","tag-maglie","tag-marchigiano","tag-of","tag-of-the","tag-of-the-alps","tag-pellizzari","tag-pellizzari-giro","tag-pellizzari-giro-italia","tag-podio","tag-preso","tag-ripartito","tag-riprendere","tag-rosa","tag-schiaffo","tag-slovenia","tag-sofferto","tag-sport","tag-sports","tag-stagione","tag-successo","tag-tour"],"share_on_mastodon":{"url":"https:\/\/pubeurope.com\/@it\/116811738509675248","error":""},"_links":{"self":[{"href":"https:\/\/www.europesays.com\/it\/wp-json\/wp\/v2\/posts\/555833","targetHints":{"allow":["GET"]}}],"collection":[{"href":"https:\/\/www.europesays.com\/it\/wp-json\/wp\/v2\/posts"}],"about":[{"href":"https:\/\/www.europesays.com\/it\/wp-json\/wp\/v2\/types\/post"}],"author":[{"embeddable":true,"href":"https:\/\/www.europesays.com\/it\/wp-json\/wp\/v2\/users\/3"}],"replies":[{"embeddable":true,"href":"https:\/\/www.europesays.com\/it\/wp-json\/wp\/v2\/comments?post=555833"}],"version-history":[{"count":0,"href":"https:\/\/www.europesays.com\/it\/wp-json\/wp\/v2\/posts\/555833\/revisions"}],"wp:featuredmedia":[{"embeddable":true,"href":"https:\/\/www.europesays.com\/it\/wp-json\/wp\/v2\/media\/555834"}],"wp:attachment":[{"href":"https:\/\/www.europesays.com\/it\/wp-json\/wp\/v2\/media?parent=555833"}],"wp:term":[{"taxonomy":"category","embeddable":true,"href":"https:\/\/www.europesays.com\/it\/wp-json\/wp\/v2\/categories?post=555833"},{"taxonomy":"post_tag","embeddable":true,"href":"https:\/\/www.europesays.com\/it\/wp-json\/wp\/v2\/tags?post=555833"}],"curies":[{"name":"wp","href":"https:\/\/api.w.org\/{rel}","templated":true}]}}