{"id":555887,"date":"2026-06-25T17:24:23","date_gmt":"2026-06-25T17:24:23","guid":{"rendered":"https:\/\/www.europesays.com\/it\/555887\/"},"modified":"2026-06-25T17:24:23","modified_gmt":"2026-06-25T17:24:23","slug":"francia-vertice-meloni-macron-tra-i-nostri-paesi-cooperazione-anche-per-la-difesa","status":"publish","type":"post","link":"https:\/\/www.europesays.com\/it\/555887\/","title":{"rendered":"Francia, vertice Meloni-Macron: &#8216;Tra i nostri Paesi cooperazione anche per la difesa&#8217;"},"content":{"rendered":"<p>La premier, ad Antibes, ha discusso insieme al presidente francese dei principali dossier internazionali, dalla sicurezza continentale alla gestione delle crisi regionali. &#8220;Francia e Italia sono partner naturali e indispensabili&#8221;, ha sottolineato Macron. &#8220;Senza Italia e Francia l&#8217;Europa e l&#8217;Occidente non sarebbero quello che sono&#8221;, ha detto la Presidente del Consiglio. Sul Libano annunciata coalizione post Unifil<\/p>\n<p>&#8220;Viviamo tutti sotto lo stesso clima che \u00e8 caldo: non c&#8217;\u00e8 pi\u00f9 nulla di glaciale&#8221; nel rapporto tra Italia e Francia. A dirlo, da Antibes, in conferenza stampa a chiusura del 36esimo vertice intergovernativo Italia-Francia, \u00e8 il presidente francese Emmanuel Macron. &#8220;Siamo partner naturali e indispensabili, vogliamo proiettare la nostra relazione verso il futuro, con obiettivi chiari&#8221;, ha assicurato, sottolineando poi che fra Roma e Parigi &#8220;ci sar\u00e0 cooperazione anche per la difesa&#8221;. Sulla stessa linea la premier Meloni, arrivata questo pomeriggio in Francia per partecipare al vertice e confrontarsi con Macron\u00a0sui principali dossier internazionali, su tutti Iran e Libano. &#8220;Le noste relazioni sono vere e durature. Senza Italia e Francia l&#8217;Europa e l&#8217;Occidente non sarebbero quello che sono&#8221;, ha detto la Presidente del Consiglio. &#8220;Ci sono state delle volte nelle quali non siamo stati d&#8217;accordo&#8221;, ha ammesso, e questo ha richiesto &#8220;di parlarsi per capire ciascuno le ragioni dell&#8217;altro&#8221;. Poi un passaggio anche sull&#8217;Iran e sul <a data-intcmp=\"skytg24_foglia articolo_interlink_text\" href=\"https:\/\/tg24.sky.it\/mondo\/2026\/06\/25\/basi-militari-italia-operazioni-usa-iran\" rel=\"nofollow noopener\" target=\"_blank\">ruolo dell&#8217;Italia nella guerra:<\/a>\u00a0&#8220;Noi non abbiamo partecipato al conflitto. Del resto, se avessimo partecipato non si spiegherebbe, diciamo, questa delusione che viene reiterata da parte del presidente americano molto spesso. Abbiamo rispettato i nostri impegni cedendo <a data-intcmp=\"skytg24_foglia articolo_interlink_text\" href=\"https:\/\/tg24.sky.it\/mondo\/2026\/06\/24\/rutte-guerra-iran-usa-aerei-basi-italia\" rel=\"nofollow noopener\" target=\"_blank\">le basi<\/a> per attivit\u00e0 che non erano cinetiche, ma che erano di natura logistica e tecnica&#8221;.<\/p>\n<p>\t\t \tLa visita di Meloni in Francia<\/p>\n<p>Meloni \u00e8 arrivata con qualche minuto di ritardo sul programma, questo pomeriggio, nel piazzale del museo Picasso di Antibes. Alla visita, guidata dal curatore del museo Jean-Louis Andral, hanno partecipato anche i ministri della Cultura dei due Paesi, Alessandro Giuli e Catherine P\u00e9gard. All&#8217;arrivo di Meloni, lei e Macron hanno scherzato sui loro ultimi incontri: &#8220;Giorgia quanto tempo&#8230;&#8221;, ha detto il presidente francese, riferendosi al fatto che si sono visti da ultimo ieri a Berlino, per il vertice E5. Poi il trasferimento a\u00a0Villa Eilenroc, per il bilaterale, seguito dall&#8217;incontro con i giornalisti.<\/p>\n<p>\t\t\t<a class=\"c-inline-card j-inline-card c-inline-card--with-image\" href=\"https:\/\/tg24.sky.it\/mondo\/2026\/06\/24\/vertice-e5-meloni\" rel=\"follow nofollow noopener\" data-intcmp=\"skytg24_articolo_approfondimenti_inline\" target=\"_blank\"><\/p>\n<p>\t\t\t         <img decoding=\"async\" crossorigin=\"anonymous\" alt=\"\" src=\"https:\/\/www.europesays.com\/it\/wp-content\/uploads\/2026\/06\/meloni_e5.jpg\"  loading=\"lazy\"  bad-src=\"https:\/\/www.europesays.com\/it\/wp-content\/uploads\/2026\/06\/meloni_e5.jpg\"\/><\/p>\n<p>\n\t\t\t         Approfondimento<br \/>\n\t\t\t         Vertice E5, Meloni: &#8220;Rafforziamo componente europea della Nato&#8221;\n\t\t\t      <\/p>\n<p>\t\t\t<\/a><\/p>\n<p>\t        <img decoding=\"async\" crossorigin=\"anonymous\" src=\"https:\/\/www.europesays.com\/it\/wp-content\/uploads\/2026\/06\/meloni_macron_ansa.jpeg\" class=\"c-inline-image__img j-lazyload\" itemprop=\"contentUrl\" loading=\"lazy\" data-cmp-hook-image=\"image\" alt=\"Macron e Meloni\" title=\"Macron e Meloni con le loro delegazioni, 25 giugno 2026\"\/><\/p>\n<p>\t       \tMacron e Meloni con le loro delegazioni, 25 giugno 2026  &#8211;  \u00a9Ansa<\/p>\n<p>\t\t \tMacron: &#8220;Sulla difesa pi\u00f9 forza alla collaborazione con l&#8217;Italia&#8221;<\/p>\n<p>In questo vertice \u00e8 stata sottolineata &#8220;la cooperazione nella difesa: nel sostegno all&#8217;Ucraina, nelle operazioni di pace e di sicurezza comune, i programmi congiunti di armamenti&#8221;, come &#8220;i missili Aster e Samp-T&#8221; che sono dei &#8220;successi&#8221;, ha sottolineato il presidente francese. &#8220;Quanto deciso oggi &#8211; ha detto ancora &#8211; rafforzer\u00e0 la nostra cooperazione nella difesa europea&#8221;.\u00a0<\/p>\n<p>Coalizione post Unifil in Libano, Meloni: &#8220;Presto conferenza&#8221;<\/p>\n<p>Poi un passaggio anche sul Libano. &#8220;La Francia e l&#8217;Italia hanno un ruolo particolare perch\u00e9 entrambe contribuiscono all&#8217;Unifil e insieme alla presidente Meloni vogliamo lanciare una coalizione su un meccanismo post Unifil, naturalmente in collaborazione con l&#8217;Unione Europea e le Nazioni Unite&#8221;, ha annunciato Macron, &#8220;per rafforzare la sovranit\u00e0 in Libano e evitare che il suo territorio diventi il punto di partenza una nuova escalation regionale&#8221;. &#8220;Immaginiamo presto una conferenza internazionale per l&#8217;avvio dell&#8217;iniziativa&#8221;, ha sottolineato poi sul punto la stessa Meloni confermando l&#8217;adesione di Roma al progetto.<\/p>\n<p>&#8220;Ruolo importante per l&#8217;apertura di Hormuz&#8221;<\/p>\n<p>Mentre su Hormuz, Macron ha ricordato che, negli ultimi giorni, &#8220;siamo riusciti a convergere nuovamente con gli Stati Uniti&#8221; e &#8220;giungere alla pace nel Medio Oriente. Con i nostri partner abbiamo un ruolo importante per contribuire all&#8217;apertura dello Stretto, con lo sminamento. Vogliamo farlo in maniera pacifica in accordo con tutti gli stakeholder proprio per arrivare a una stabilit\u00e0 che sia duratura&#8221;.\u00a0<\/p>\n<p>\t\t\t<a class=\"c-inline-card j-inline-card c-inline-card--with-image\" href=\"https:\/\/tg24.sky.it\/politica\/video\/2026\/06\/17\/portolano-per-il-post-unifil-serve-sostegno-a-forze-armate-libanesi-1105747\" rel=\"follow nofollow noopener\" data-intcmp=\"skytg24_articolo_approfondimenti_inline\" target=\"_blank\"><\/p>\n<p>\t\t\t         <img decoding=\"async\" crossorigin=\"anonymous\" alt=\"\" src=\"https:\/\/www.europesays.com\/it\/wp-content\/uploads\/2026\/06\/1105747_1781685502081_thumb_494.0000001_1781685733498.jpg\"  loading=\"lazy\"  bad-src=\"https:\/\/www.europesays.com\/it\/wp-content\/uploads\/2026\/06\/1105747_1781685502081_thumb_494.0000001_1781685733498.jpg\"\/><\/p>\n<p>\n\t\t\t         Approfondimento<br \/>\n\t\t\t         Portolano, per il post Unifil serve sostegno a forze armate libanesi\n\t\t\t      <\/p>\n<p>\t\t\t<\/a><\/p>\n<p>\t\t \tLa cooperazione sul nucleare tra Roma e Parigi<\/p>\n<p>Da Antibes \u00e8 stato annunciato anche\u00a0che ci sar\u00e0 una cooperazione tra Italia e Francia sul nucleare. &#8220;Vogliamo collaborare con Roma su questa tecnologia&#8221;, ha detto Macron.\u00a0&#8220;\u00c8 pi\u00f9 necessario che mai rafforzare l&#8217;indipendenza energetica europea. La Francia ha fatto la scelta del\u00a0nucleare\u00a0e c&#8217;\u00e8 un processo legislativo in Italia che tende a fare ripartire il\u00a0nucleare&#8221;, ha quindi ricordato.<\/p>\n<p>\t\t\t<a class=\"c-inline-card j-inline-card c-inline-card--with-image\" href=\"https:\/\/tg24.sky.it\/politica\/2026\/06\/13\/nucleare-italia-pichetto-fratin-2033\" rel=\"follow nofollow noopener\" data-intcmp=\"skytg24_articolo_approfondimenti_inline\" target=\"_blank\"><\/p>\n<p>\t\t\t         <img decoding=\"async\" crossorigin=\"anonymous\" alt=\"\" src=\"https:\/\/www.europesays.com\/it\/wp-content\/uploads\/2026\/06\/photo_5866120595953618540_w.jpg\"  loading=\"lazy\"  bad-src=\"https:\/\/www.europesays.com\/it\/wp-content\/uploads\/2026\/06\/photo_5866120595953618540_w.jpg\"\/><\/p>\n<p>\n\t\t\t         Approfondimento<br \/>\n\t\t\t         Nucleare in Italia, Pichetto Fratin: &#8220;Pronto nel 2033-2034&#8221;\n\t\t\t      <\/p>\n<p>\t\t\t<\/a><\/p>\n<p>\t\t \tLa &#8220;rilevanza strategica&#8221; dell&#8217;incontro<\/p>\n<p>L&#8217;incontro, come osservano fonti italiane, \u00e8 arrivato in una fase particolarmente intensa dell&#8217;agenda internazionale. Ha fatto seguito al <a data-intcmp=\"skytg24_foglia articolo_interlink_text\" href=\"https:\/\/tg24.sky.it\/mondo\/2026\/06\/16\/g7-evian-oggi-news-diretta\" rel=\"nofollow noopener\" target=\"_blank\">G7 di Evian<\/a>, e si \u00e8 svolto all&#8217;indomani del <a data-intcmp=\"skytg24_foglia articolo_interlink_text\" href=\"https:\/\/tg24.sky.it\/mondo\/2026\/06\/24\/vertice-e5-meloni\" rel=\"nofollow noopener\" target=\"_blank\">vertice E5<\/a> di Berlino e nel contesto dei negoziati avviati dopo l&#8217;accordo tra Stati Uniti e Iran. Si \u00e8 inserito, inoltre, nel quadro delle recenti discussioni del Consiglio europeo sulle priorit\u00e0 dell&#8217;Unione e precede di pochi giorni il Vertice Nato di Ankara. In questo scenario, il coordinamento tra Roma e Parigi assume appunto una &#8220;rilevanza strategica&#8221; sui principali dossier, dalla sicurezza continentale alla gestione delle crisi regionali.\u00a0 \u00a0\u00a0<\/p>\n<p>\t\t\t<a class=\"c-inline-card j-inline-card c-inline-card--with-image\" href=\"https:\/\/tg24.sky.it\/mondo\/video\/2026\/06\/24\/macron-al-vertice-di-berlino-rafforzare-la-nato-ue-1107423\" rel=\"follow nofollow noopener\" data-intcmp=\"skytg24_articolo_approfondimenti_inline\" target=\"_blank\"><\/p>\n<p>\t\t\t         <img decoding=\"async\" crossorigin=\"anonymous\" alt=\"\" src=\"https:\/\/www.europesays.com\/it\/wp-content\/uploads\/2026\/06\/1107423_1782325291163_thumb_494.0000001_1782326623084.jpg\"  loading=\"lazy\"  bad-src=\"https:\/\/www.europesays.com\/it\/wp-content\/uploads\/2026\/06\/1107423_1782325291163_thumb_494.0000001_1782326623084.jpg\"\/><\/p>\n<p>\n\t\t\t         Leggi anche<br \/>\n\t\t\t         Macron al vertice di Berlino: rafforzare la Nato Ue\n\t\t\t      <\/p>\n<p>\t\t\t<\/a><\/p>\n<p>\t            TAG:<\/p>\n","protected":false},"excerpt":{"rendered":"La premier, ad Antibes, ha discusso insieme al presidente francese dei principali dossier internazionali, dalla sicurezza continentale alla&hellip;\n","protected":false},"author":3,"featured_media":555888,"comment_status":"","ping_status":"","sticky":false,"template":"","format":"standard","meta":{"footnotes":"","_share_on_mastodon":"0"},"categories":[6],"tags":[14,369,12658,126,8,1537,90,89,7,15,82,9,83,10,13,11,80,84,12,81,85],"class_list":["post-555887","post","type-post","status-publish","format-standard","has-post-thumbnail","category-ultime-notizie","tag-cronaca","tag-digitall","tag-emmanuel-macron","tag-giorgia-meloni","tag-headlines","tag-it","tag-italia","tag-italy","tag-news","tag-notizie","tag-notizie-di-cronaca","tag-notizie-principali","tag-notiziedicronaca","tag-notizieprincipali","tag-titoli","tag-ultime-notizie","tag-ultime-notizie-di-cronaca","tag-ultime-notizie-e-news-di-oggi","tag-ultimenotizie","tag-ultimenotiziedicronaca","tag-ultimenotizieenewsdioggi"],"share_on_mastodon":{"url":"https:\/\/pubeurope.com\/@it\/116811914952708786","error":""},"_links":{"self":[{"href":"https:\/\/www.europesays.com\/it\/wp-json\/wp\/v2\/posts\/555887","targetHints":{"allow":["GET"]}}],"collection":[{"href":"https:\/\/www.europesays.com\/it\/wp-json\/wp\/v2\/posts"}],"about":[{"href":"https:\/\/www.europesays.com\/it\/wp-json\/wp\/v2\/types\/post"}],"author":[{"embeddable":true,"href":"https:\/\/www.europesays.com\/it\/wp-json\/wp\/v2\/users\/3"}],"replies":[{"embeddable":true,"href":"https:\/\/www.europesays.com\/it\/wp-json\/wp\/v2\/comments?post=555887"}],"version-history":[{"count":0,"href":"https:\/\/www.europesays.com\/it\/wp-json\/wp\/v2\/posts\/555887\/revisions"}],"wp:featuredmedia":[{"embeddable":true,"href":"https:\/\/www.europesays.com\/it\/wp-json\/wp\/v2\/media\/555888"}],"wp:attachment":[{"href":"https:\/\/www.europesays.com\/it\/wp-json\/wp\/v2\/media?parent=555887"}],"wp:term":[{"taxonomy":"category","embeddable":true,"href":"https:\/\/www.europesays.com\/it\/wp-json\/wp\/v2\/categories?post=555887"},{"taxonomy":"post_tag","embeddable":true,"href":"https:\/\/www.europesays.com\/it\/wp-json\/wp\/v2\/tags?post=555887"}],"curies":[{"name":"wp","href":"https:\/\/api.w.org\/{rel}","templated":true}]}}