{"id":555899,"date":"2026-06-25T17:38:26","date_gmt":"2026-06-25T17:38:26","guid":{"rendered":"https:\/\/www.europesays.com\/it\/555899\/"},"modified":"2026-06-25T17:38:26","modified_gmt":"2026-06-25T17:38:26","slug":"thomasin-mackenzie-in-vacanza-tra-napoli-e-la-costiera","status":"publish","type":"post","link":"https:\/\/www.europesays.com\/it\/555899\/","title":{"rendered":"Thomasin Mackenzie in vacanza tra Napoli e la Costiera"},"content":{"rendered":"<p>\n                            Alle ore 12 tutta la cronaca di Napoli<br \/>\n                            <b>Iscriviti<\/b> e ricevi le notizie via email\n                        <\/p>\n<p>Pizza, pasta, limonata e tuffi in Costiera Amalfitana: trascorrono cos\u00ec le giornate di relax dell&#8217;attrice neozelandese Thomasin Mackenzie che ha scelto la Campania per una pausa dal lavoro. Colonna sonora di questi momenti di spensieratezza \u00e8 la canzone di Renato Carosone &#8220;Tu vu\u00f2 fa l&#8217;americano&#8221; che la star di Hollywood ha usato come sottofondo alla galleria fotografica postata sui suoi canali social per raccontare le sue vacanze italiane.<\/p>\n<p>&#13;<\/p>\n<p>APPROFONDIMENTI<\/p>\n<p>&#13;<\/p>\n<p>&#13;<\/p>\n<p>                <a href=\"https:\/\/www.ilmattino.it\/fotogallery\/italia\/thomasin_mackenzie_vacanza_napoli_la_costiera-9614053.html\" title=\"Thomasin Mackenzie in vacanza tra Napoli e la Costiera\" rel=\"nofollow noopener\" target=\"_blank\"><img loading=\"lazy\" decoding=\"async\" src=\"https:\/\/www.europesays.com\/it\/wp-content\/uploads\/2026\/06\/9614053_25153011_IMG_4546.jpg\" title=\"Thomasin Mackenzie in vacanza tra Napoli e la Costiera\" width=\"264\" height=\"144\"\/><\/a>            <\/p>\n<p>    &#13;<\/p>\n<p>    &#13;<\/p>\n<p>Un vero e proprio tour alla scoperta delle tradizioni locali per l&#8217;attrice che oltre ai bagni nel mare cristallino della Divina, con un tour anche presso il rinomato fiordo di Furore, si \u00e8 spostata poi verso Sorrento dove si \u00e8 rifugiata presso la baia di Puolo. <\/p>\n<p>Non solo mare ma anche visite alle bellezze archeologiche della Campania, si evince infatti dalle foto personali di Thomasin, che sia stata anche presso il Parco Archeologico di Pompei e infine un tour a Napoli tra il centro storico e le sue Chiese.<\/p>\n<p>Non \u00e8 mancato il buon cibo in questi giorni di ferie dell&#8217;attrice che ha condiviso con i suoi fans le foto di piatti di spaghetti, limonate realizzate con i limoni di Sorrento e naturalmente la &#8220;regina&#8221; pizza Margherita, assaporata, in modo informale tra la gente, in una pizzeria napoletana. Resa nota al grande pubblico per le sue interpretazioni in film come Lo Hobbit,\u00a0Jojo Rabbit e Ultima notte a Soho e ancor pi\u00f9 per il ruolo di Tom in Senza Lasciare Traccia, la Mackenzie \u00e8 attualmente sulla cresta dell&#8217;onda della popolarit\u00e0 in vista del suo ingresso nella nota serie\u00a0Fallout mentre c&#8217;\u00e8 molta attesa per l&#8217;uscita del film biopic su Audrey Hepburn, dal titolo &#8220;Dinner with Audrey&#8221; in cui Thomasin interpreter\u00e0 la Hepburn da giovane.\u00a0<\/p>\n","protected":false},"excerpt":{"rendered":"Alle ore 12 tutta la cronaca di Napoli Iscriviti e ricevi le notizie via email Pizza, pasta, limonata&hellip;\n","protected":false},"author":3,"featured_media":555900,"comment_status":"","ping_status":"","sticky":false,"template":"","format":"standard","meta":{"footnotes":"","_share_on_mastodon":"0"},"categories":[1451],"tags":[7072,59844,1621,1620,640,6288,203,1533,204,1537,90,89,12280,248,3166,651,18409,258881,306723,2644],"class_list":["post-555899","post","type-post","status-publish","format-standard","has-post-thumbnail","category-celebrita","tag-amazon","tag-campi-flegrei","tag-celebrita","tag-celebrities","tag-cinema","tag-costiera-amalfitana","tag-entertainment","tag-estate","tag-intrattenimento","tag-it","tag-italia","tag-italy","tag-movie","tag-napoli","tag-netflix","tag-oscar","tag-pizza","tag-scavi-pompei","tag-thomasin-mackenzie","tag-vacanze"],"share_on_mastodon":{"url":"https:\/\/pubeurope.com\/@it\/116811969932540537","error":""},"_links":{"self":[{"href":"https:\/\/www.europesays.com\/it\/wp-json\/wp\/v2\/posts\/555899","targetHints":{"allow":["GET"]}}],"collection":[{"href":"https:\/\/www.europesays.com\/it\/wp-json\/wp\/v2\/posts"}],"about":[{"href":"https:\/\/www.europesays.com\/it\/wp-json\/wp\/v2\/types\/post"}],"author":[{"embeddable":true,"href":"https:\/\/www.europesays.com\/it\/wp-json\/wp\/v2\/users\/3"}],"replies":[{"embeddable":true,"href":"https:\/\/www.europesays.com\/it\/wp-json\/wp\/v2\/comments?post=555899"}],"version-history":[{"count":0,"href":"https:\/\/www.europesays.com\/it\/wp-json\/wp\/v2\/posts\/555899\/revisions"}],"wp:featuredmedia":[{"embeddable":true,"href":"https:\/\/www.europesays.com\/it\/wp-json\/wp\/v2\/media\/555900"}],"wp:attachment":[{"href":"https:\/\/www.europesays.com\/it\/wp-json\/wp\/v2\/media?parent=555899"}],"wp:term":[{"taxonomy":"category","embeddable":true,"href":"https:\/\/www.europesays.com\/it\/wp-json\/wp\/v2\/categories?post=555899"},{"taxonomy":"post_tag","embeddable":true,"href":"https:\/\/www.europesays.com\/it\/wp-json\/wp\/v2\/tags?post=555899"}],"curies":[{"name":"wp","href":"https:\/\/api.w.org\/{rel}","templated":true}]}}