{"id":555968,"date":"2026-06-25T18:40:16","date_gmt":"2026-06-25T18:40:16","guid":{"rendered":"https:\/\/www.europesays.com\/it\/555968\/"},"modified":"2026-06-25T18:40:16","modified_gmt":"2026-06-25T18:40:16","slug":"la-volta-buona-le-pagelle-del-25-giugno-lo-sfogo-di-balivo-9-checco-zalone-distrutto-7","status":"publish","type":"post","link":"https:\/\/www.europesays.com\/it\/555968\/","title":{"rendered":"La Volta Buona, le pagelle del 25 giugno: lo sfogo di Balivo (9), Checco Zalone &#8220;distrutto&#8221; (7),"},"content":{"rendered":"<p>Penultima puntata de La Volta Buona: <strong>Caterina Balivo<\/strong> sta per andare in vacanza, precisamente da domani 26 giugno. Una puntata iniziata nel segno dei divorzi e dei tradimenti, uno dei temi pi\u00f9 dibattuti nel salotto della Balivo, ma non \u00e8 stato l\u2019unico. Le nostre pagelle.\n<\/p>\n<p>Clizia Incorvaia parla del tradimento. Voto: N.D.<\/p>\n<p>Ci sono argomenti difficili da affrontare, \u00e8 un dato di fatto: ci sentiamo esposti quando lo facciamo. Ma negli ultimi anni si sono rotti diversi tab\u00f9, incluso quello del tradimento: oggi molti ammettono di <strong>tradire<\/strong>, c\u2019\u00e8 chi sogna una <strong>coppia aperta<\/strong> e c\u2019\u00e8 chi, invece, ha <strong>vissuto il tradimento<\/strong> da parte del partner in prima persona. Un caso in cui la terra sotto i piedi inevitabilmente trema, e tutto il rapporto viene messo in discussione.<\/p>\n<p>Dopo il servizio nel salotto di <a href=\"https:\/\/dilei.it\/star-e-vip\/caterina-balivo\/\" rel=\"nofollow noopener\" target=\"_blank\">Caterina Balivo<\/a>, ha preso parola Clizia Incorvaia, che non ha mai fatto mistero di essere stata tradita dal suo ex, Francesco Sarcina. \u201c<strong>Sono sempre stata<\/strong> <strong>tradita<\/strong> con tutta Italia. Ed \u00e8 successo anche a una mia carissima amica che aspettava il terzo figlio. Li ha beccati e ha dato uno schiaffo a lei e a lui, non l\u2019ha perdonato. <strong>Queste cose non si perdonano<\/strong>, ma lasciano ferite incredibili, vacilla la tua sicurezza, pensi di non voler stare pi\u00f9 con un uomo\u201d.<\/p>\n<p>Pino Insegno sostiene il fratello Claudio dopo l\u2019odio social per il matrimonio con il compagno. Voto: 10<\/p>\n<p>In studio sono stati presenti <a href=\"https:\/\/dilei.it\/vip\/claudio-insegno-chi\/2416991\/\" rel=\"nofollow noopener\" target=\"_blank\">Claudio Insegno<\/a> e il marito Stefano, e a sostenerli, in collegamento, <a href=\"https:\/\/dilei.it\/star-e-vip\/pino-insegno\/\" rel=\"nofollow noopener\" target=\"_blank\">Pino<\/a>, tornato in televisione con <strong>Reazione a Catena<\/strong>. Lo storico game show ha compiuto infatti 20 anni. Dopo la notizia delle nozze, Claudio e il marito sono stati travolti dall\u2019odio social e commenti omofobi. Caterina Balivo ha voluto porre una domanda al fratello di Insegno: a muovere queste parole velenose \u00e8 l\u2019ignoranza o l\u2019infelicit\u00e0? Per Claudio, <strong>entrambi<\/strong>. E fa ancora pi\u00f9 male al pensiero di Katy e Mirko Andreoni, rispettivamente mamma e figlio, che hanno perso la vita, uccisi da Piero Moriconi, il marito e padre che avrebbe dovuto semplicemente amare la sua famiglia.<\/p>\n<p>Le polemiche per l\u2019aumento dei prezzi, ma non da Simona Tagli. Voto: 2<\/p>\n<p>I <strong>prezzi sono in aumento<\/strong>, ce ne stiamo accorgendo sempre di pi\u00f9 e non \u00e8 pi\u00f9 possibile rimanere\u2026 impassibili. Il tema \u00e8 stato trattato anche dalla Balivo, a cui \u00e8 stato dedicato un ampio servizio proprio ai costi ormai folli del gelato, un piacere estivo a cui gi\u00e0 tante famiglie italiane stanno rinunciando. I coni possono arrivare a costare fino a cinque euro, le coppette a ventidue euro, ma talvolta i prezzi vengono giustificati per la <strong>qualit\u00e0 degli ingredienti<\/strong>. Tutti alzano i prezzi (persino le <strong>frise<\/strong> \u201cgourmet\u201d ora costano venti euro), tranne Simona Tagli, che ha scelto di non farlo per la sua storica parrucchiera per mamme, pap\u00e0 e bimbi: brava. Per lei un 10, tutti gli altri rimandati.<\/p>\n<p>Catena Fiorello contro le polemiche Voto: 10<\/p>\n<p>Potenzialmente oggi tutto diventa una polemica infinita. Funziona cos\u00ec il nuovo mondo, legato principalmente ai social, dove bastano pochi minuti per infiammare l\u2019ennesimo post \u201ccontro\u201d. E di polemiche nel salotto della Balivo ne sono state affrontate, l\u2019ennesima per \u201ccolpa\u201d dei balli di gruppo sul sagrato della Cattedrale di Bari. In merito \u00e8 intervenuto anche Don Cosimo Schena, in collegamento dalla meravigliosa spiaggia pugliese. Ma il commento pi\u00f9 duro \u00e8 arrivato da <strong>Catena Fiorello<\/strong>, che \u2013 per fortuna \u2013 non le manda mai a dire: \u201c<strong>Non passa giorno<\/strong> che non arrivi una<strong> polemica su qualunque cosa<\/strong>. Le persone si sono riunite per un\u2019attivit\u00e0 completamente pulita\u201d.<\/p>\n<p>Checco Zalone, il cartonato \u201cdistrutto\u201d (e com\u2019\u00e8 davvero). Voto: 7<\/p>\n<p>Per Caterina Balivo, <strong>Rosapia De Martino<\/strong> \u00e8 stata praticamente <strong>l\u2019ospite perfetta<\/strong>. In studio, con lei, il <strong>cartonato<\/strong> (distrutto, purtroppo, rovinato in alcuni punti ma ancora integro) di Checco Zalone, a cui ha dedicato la sua <strong>laurea<\/strong>.<\/p>\n<p>\u201cUna tesi di questo genere non capita tutti i giorni: \u00e8 stata l\u2019opportunit\u00e0 per me di mettermi in gioco, di cercare in tutti i modi di <strong>uscire fuori dagli schemi<\/strong>. Poi successivamente l\u2019ho pubblicata ed \u00e8 diventata un caso nazionale. La commissione quando mi ascoltava era veramente attenta e contenta, vedevo i sorrisi\u201d. La sua passione per Zalone \u00e8 nata quando era solo una bambina, aveva 9 anni e con il pap\u00e0 vedeva i film di Luca Medici, conosciuto da tutti ormai come Checco. E dal vivo \u00e8 \u201ccome lo vediamo nei film, lo stesso personaggio, la stessa mimica. Non sono rimasta delusa\u201d.<\/p>\n<p>Caterina Balivo si arrabbia. Voto: 9<\/p>\n<p>Infine si \u00e8 discusso di due donne fortissime, ma costantemente sotto la lente d\u2019ingrandimento per quanto riguarda la loro <strong>forma fisica<\/strong>: stiamo parlando di <a href=\"https:\/\/dilei.it\/star-e-vip\/arisa\/\" rel=\"nofollow noopener\" target=\"_blank\">Arisa<\/a> ed <a href=\"https:\/\/dilei.it\/star-e-vip\/elettra-lamborghini\/\" rel=\"nofollow noopener\" target=\"_blank\">Elettra Lamborghini<\/a>. Il servizio \u00e8 stato lanciato dalla Balivo, seria in volto e <strong>tono di voce lievemente polemico<\/strong>, forse perch\u00e9 \u00e8 davvero arrivato ora di dire \u201cbasta\u201d ai commenti sul corpo altrui. \u201cDue donne che sono continuamente attaccate per la loro forma fisica, in Italia io penso che ci siano delle <strong>ossessioni<\/strong> e sicuramente <strong>commentare l\u2019aspetto fisico<\/strong> \u00e8 una di quelle: \u00e8 un <strong>problema culturale e sociale<\/strong>\u201c.<\/p>\n<p>\t\t\t\tScopri i personaggi in trend, le storie del momento e molto altro.<br \/>Dove? Sul <a href=\"https:\/\/whatsapp.com\/channel\/0029Vb68mVyHVvTWezDm7d0R\" target=\"_blank\" rel=\"noopener nofollow\">canale WhatsApp di DiLei!<\/a><\/p>\n<p>\t\t\t<a class=\"buttonCall\" href=\"https:\/\/whatsapp.com\/channel\/0029Vb68mVyHVvTWezDm7d0R\" target=\"_blank\" rel=\"noopener nofollow\" title=\"Seguici su WhatsApp\"><br \/>\n\t\t\t\tSeguici su WhatsApp<br \/>\n\t\t\t<\/a><\/p>\n","protected":false},"excerpt":{"rendered":"Penultima puntata de La Volta Buona: Caterina Balivo sta per andare in vacanza, precisamente da domani 26 giugno.&hellip;\n","protected":false},"author":3,"featured_media":555969,"comment_status":"","ping_status":"","sticky":false,"template":"","format":"standard","meta":{"footnotes":"","_share_on_mastodon":"0"},"categories":[174],"tags":[39049,12059,203,204,1537,90,89,214,377,378],"class_list":["post-555968","post","type-post","status-publish","format-standard","has-post-thumbnail","category-intrattenimento","tag-caterina-balivo","tag-checco-zalone","tag-entertainment","tag-intrattenimento","tag-it","tag-italia","tag-italy","tag-spettacolo","tag-tradimenti","tag-vita-di-coppia"],"share_on_mastodon":{"url":"","error":""},"_links":{"self":[{"href":"https:\/\/www.europesays.com\/it\/wp-json\/wp\/v2\/posts\/555968","targetHints":{"allow":["GET"]}}],"collection":[{"href":"https:\/\/www.europesays.com\/it\/wp-json\/wp\/v2\/posts"}],"about":[{"href":"https:\/\/www.europesays.com\/it\/wp-json\/wp\/v2\/types\/post"}],"author":[{"embeddable":true,"href":"https:\/\/www.europesays.com\/it\/wp-json\/wp\/v2\/users\/3"}],"replies":[{"embeddable":true,"href":"https:\/\/www.europesays.com\/it\/wp-json\/wp\/v2\/comments?post=555968"}],"version-history":[{"count":0,"href":"https:\/\/www.europesays.com\/it\/wp-json\/wp\/v2\/posts\/555968\/revisions"}],"wp:featuredmedia":[{"embeddable":true,"href":"https:\/\/www.europesays.com\/it\/wp-json\/wp\/v2\/media\/555969"}],"wp:attachment":[{"href":"https:\/\/www.europesays.com\/it\/wp-json\/wp\/v2\/media?parent=555968"}],"wp:term":[{"taxonomy":"category","embeddable":true,"href":"https:\/\/www.europesays.com\/it\/wp-json\/wp\/v2\/categories?post=555968"},{"taxonomy":"post_tag","embeddable":true,"href":"https:\/\/www.europesays.com\/it\/wp-json\/wp\/v2\/tags?post=555968"}],"curies":[{"name":"wp","href":"https:\/\/api.w.org\/{rel}","templated":true}]}}