{"id":556048,"date":"2026-06-25T19:56:17","date_gmt":"2026-06-25T19:56:17","guid":{"rendered":"https:\/\/www.europesays.com\/it\/556048\/"},"modified":"2026-06-25T19:56:17","modified_gmt":"2026-06-25T19:56:17","slug":"sorelle-ritrovate-obbligo-di-dimora-per-madre-compagno-e-nonno-sky-tg24","status":"publish","type":"post","link":"https:\/\/www.europesays.com\/it\/556048\/","title":{"rendered":"Sorelle ritrovate: obbligo di dimora per madre, compagno e nonno |Sky TG24"},"content":{"rendered":"<p>Durante l&#8217;udienza \u00e8 emerso che i tre saranno riportati nelle carceri di provenienza solo per gli adempimenti burocratici, prima del rientro a casa. Su di loro pende l&#8217;accusa di sequestro di persona aggravato in concorso. Le due minori, scomparse il 7 giugno, erano state ritrovate il 21 giugno. Le indagini proseguono per verificare eventuali complici<\/p>\n<p>Niente carcere, ma obbligo di dimora per la madre delle <a data-intcmp=\"skytg24_foglia articolo_interlink_text\" href=\"https:\/\/tg24.sky.it\/cronaca\/2026\/06\/23\/sorelle-ritrovate-formia-indagini-ultime-notizie\" rel=\"nofollow noopener\" target=\"_blank\">due sorelle di 16 e 12 anni<\/a> &#8211; scomparse nella notte tra il 6 e il 7 giugno da una casa famiglia in Abruzzo e ritrovate il 21 giugno in una camera da letto a Formia (Latina) dopo due settimane di ricerche &#8211; per il suo compagno e per suo padre. Il giudice per le indagini preliminari di Sulmona ha convalidato il fermo dei tre e ha disposto, come richiesto dalla Procura, la misura dell&#8217;obbligo di dimora nella provincia di Latina, con l&#8217;obbligo di presentarsi due volte al giorno dai carabinieri per la firma. La Procura aveva ritenuto non necessario il ricorso al carcere. Il giudice ha valutato che l&#8217;obbligo di dimora fosse sufficiente a prevenire il rischio di reiterazione del reato.<\/p>\n<p>\t\t\tGli sviluppi emersi in udienza<\/p>\n<p>Secondo quanto emerso in udienza, gli indagati saranno ricondotti nelle carceri di provenienza &#8211; Teramo per Valentina D&#8217;Acunto, Sulmona per suo padre, Marco D&#8217;Acunto, e per il compagno della donna, Vincenzo Esposito &#8211; solo per gli adempimenti burocratici, poi potranno rientrare nelle rispettive abitazioni. Su di loro pende l&#8217;accusa di sequestro di persona aggravato in concorso. Le ragazze, allontanatesi dalla casa famiglia di Civitella Alfedena il 7 giugno, erano state rintracciate domenica scorsa nell&#8217;abitazione di una lontana parente.\u00a0<\/p>\n<p>\t\t \tLe indagini in corso<\/p>\n<p>&#8220;Restano da verificare ulteriori circostanze per accertare l&#8217;eventuale coinvolgimento di altre persone&#8221;, ha spiegato il procuratore del tribunale di Sulmona, Luciano D&#8217;Angelo. La donna ottantenne presso la cui abitazione sono state trovate le minori \u00e8 indagata per concorso in sequestro di persona. Il magistrato ha aggiunto che &#8220;Valentina D&#8217;Acunto ha fornito alcune spiegazioni, ma si tratta di sue convinzioni personali. Il suo obiettivo era tornare ad avere con s\u00e9 le figlie&#8221;. La difesa ha sostenuto che la contestazione corretta fosse quella di sottrazione di minorenni, e non di sequestro di persona. Una tesi che il giudice non ha accolto.<\/p>\n<p>\t\t\t<a class=\"c-inline-card j-inline-card c-inline-card--with-image\" href=\"https:\/\/tg24.sky.it\/cronaca\/2026\/06\/22\/ritrovate-sorelle-scomparse-abruzzo-ultime-notizie\" rel=\"follow nofollow noopener\" data-intcmp=\"skytg24_articolo_approfondimenti_inline\" target=\"_blank\"><\/p>\n<p>\t\t\t         <img decoding=\"async\" crossorigin=\"anonymous\" alt=\"\" src=\"https:\/\/www.europesays.com\/it\/wp-content\/uploads\/2026\/06\/sorelle_scomparse_ansa2.jpg\"  loading=\"lazy\"  bad-src=\"https:\/\/www.europesays.com\/it\/wp-content\/uploads\/2026\/06\/sorelle_scomparse_ansa2.jpg\"\/><\/p>\n<p>\n\t\t\t         Leggi anche<br \/>\n\t\t\t         Ritrovate le sorelle scomparse, svolta da videochiamata della madre\n\t\t\t      <\/p>\n<p>\t\t\t<\/a><\/p>\n<p>\t\t\tLegale madre: &#8220;Pentiti, commessa una grossa sciocchezza&#8221;<\/p>\n<p>&#8220;Hanno commesso una grossa sciocchezza. Si sono pentiti. Hanno preso coscienza che questa cosa non andava fatta perch\u00e9 c&#8217;erano dei presidi normativi da rispettare. Forse il progetto \u00e8 nato perch\u00e9 presi dallo sconforto dalla notifica di noi difensori della sentenza di fine maggio&#8221;, ha dichiarato il legale di Valentina D&#8217;Acunto, Enrico Mastantuono, a margine dell&#8217;udienza. &#8220;I tre sono spinti, forse, come ha detto il procuratore, da un amore malato. Sono persone spinte da degli affetti, da interessi propri&#8221;, ha aggiunto il difensore. Il padre e il compagno della donna sono difesi dall&#8217;avvocato Luca Cupolino.<\/p>\n<p>\t            TAG:<\/p>\n","protected":false},"excerpt":{"rendered":"Durante l&#8217;udienza \u00e8 emerso che i tre saranno riportati nelle carceri di provenienza solo per gli adempimenti burocratici,&hellip;\n","protected":false},"author":3,"featured_media":552979,"comment_status":"","ping_status":"","sticky":false,"template":"","format":"standard","meta":{"footnotes":"","_share_on_mastodon":"0"},"categories":[1444],"tags":[364,203,204,1537,90,89,4045,11043,304764,253],"class_list":["post-556048","post","type-post","status-publish","format-standard","has-post-thumbnail","category-tv","tag-collaboratori","tag-entertainment","tag-intrattenimento","tag-it","tag-italia","tag-italy","tag-madre","tag-nonno","tag-sorelle-ritrovate-formia","tag-tv"],"share_on_mastodon":{"url":"https:\/\/pubeurope.com\/@it\/116812512950580497","error":""},"_links":{"self":[{"href":"https:\/\/www.europesays.com\/it\/wp-json\/wp\/v2\/posts\/556048","targetHints":{"allow":["GET"]}}],"collection":[{"href":"https:\/\/www.europesays.com\/it\/wp-json\/wp\/v2\/posts"}],"about":[{"href":"https:\/\/www.europesays.com\/it\/wp-json\/wp\/v2\/types\/post"}],"author":[{"embeddable":true,"href":"https:\/\/www.europesays.com\/it\/wp-json\/wp\/v2\/users\/3"}],"replies":[{"embeddable":true,"href":"https:\/\/www.europesays.com\/it\/wp-json\/wp\/v2\/comments?post=556048"}],"version-history":[{"count":0,"href":"https:\/\/www.europesays.com\/it\/wp-json\/wp\/v2\/posts\/556048\/revisions"}],"wp:featuredmedia":[{"embeddable":true,"href":"https:\/\/www.europesays.com\/it\/wp-json\/wp\/v2\/media\/552979"}],"wp:attachment":[{"href":"https:\/\/www.europesays.com\/it\/wp-json\/wp\/v2\/media?parent=556048"}],"wp:term":[{"taxonomy":"category","embeddable":true,"href":"https:\/\/www.europesays.com\/it\/wp-json\/wp\/v2\/categories?post=556048"},{"taxonomy":"post_tag","embeddable":true,"href":"https:\/\/www.europesays.com\/it\/wp-json\/wp\/v2\/tags?post=556048"}],"curies":[{"name":"wp","href":"https:\/\/api.w.org\/{rel}","templated":true}]}}