{"id":556140,"date":"2026-06-25T21:27:15","date_gmt":"2026-06-25T21:27:15","guid":{"rendered":"https:\/\/www.europesays.com\/it\/556140\/"},"modified":"2026-06-25T21:27:15","modified_gmt":"2026-06-25T21:27:15","slug":"strage-di-viareggio-la-cassazione-conferma-la-condanna-a-5-anni-per-lex-ad-di-ferrovie-mauro-moretti-che-andra-in-carcere","status":"publish","type":"post","link":"https:\/\/www.europesays.com\/it\/556140\/","title":{"rendered":"Strage di Viareggio, la Cassazione conferma la condanna a 5 anni per l&#8217;ex ad di Ferrovie Mauro Moretti che andr\u00e0 in carcere"},"content":{"rendered":"<p>    di<br \/>\n    Redazione Cronaca<\/p>\n<p class=\"summary-art is-line-h-12\">La pronuncia della massima corta sull&#8217;incidente ferroviario del 29 giugno 2009 che cost\u00f2 la vita a 32 persone. L&#8217;avvocato: \u00abSi costituir\u00e0  presto\u00bb<\/p>\n<p class=\"chapter-paragraph\"><b><a href=\"https:\/\/corrierefiorentino.corriere.it\/notizie\/cronaca\/25_settembre_26\/strage-di-viareggio-le-motivazioni-delle-12-condanne-pene-adeguate-alla-gravita-2af4a652-5f1f-4c00-8ae1-9c0d8eb31xlk.shtml\" title=\"Strage di Viareggio, le motivazioni delle 12 condanne: \u00abPene adeguate alla gravit\u00e0\u00bb\" rel=\"nofollow noopener\" target=\"_blank\">Strage alla stazione di Viareggio<\/a><\/b>, condanne definitive in Cassazione per l&#8217;ex ad di Fs e Rfi <b>Mauro Moretti<\/b> e per li altri 10 imputati: confermata la pena a 5 anni e ora Moretti rischia il carcere. La pronuncia della della quarta sezione penale della massima corte sull&#8217;incidente ferroviario\u00a0del 29 giugno 2009: rigettati i rircorsi. Per tutti l&#8217;accusa \u00e8 <b>disastro ferroviario colposo<\/b> e per Moretti c&#8217;\u00e8 anche l&#8217;accusa di\u00a0incendio.<\/p>\n<p class=\"chapter-paragraph\">\u00abSono indignata da questa sentenza perch\u00e9 profondamente ingiusta. \u00c8 ingiusto per le persone che vengono travolte da questo esito, per alcuna delle quali significa aprire le porte del carcere per un reato colposo, che sicuramente \u00e8 un fatto gravissimo: ci furono 32 morti e centinaia di feriti. Un reato per il quale l&#8217;ingegnere Moretti non \u00e8 colpevole. Devo dirlo &#8211; ma non lo dice il suo avvocato &#8211; ma lo dicono le carte\u00bb. Queste le parole dell&#8217;<b>avvocato Ambra Giovene<\/b>, difensore di Mauro Moretti dopo la sentenza della Cassazione sulla strage di Viareggio. Che conferma come presto Moretti <b>si costituir\u00e0<\/b>. Quindi andr\u00e0 <b>in carcere<\/b>. \u00ab\u00c8 profondamente ingiusto aprire le porte del carcere per Moretti &#8211; aggiunge &#8211; Dispiace molto che alla fine chi<br \/>festegger\u00e0, come sappiamo tutti, saranno i familiari delle vittime che gi\u00e0 hanno organizzato un concerto. Dispiace per chi parteciper\u00e0 al concerto, dispiace per i familiari delle vittime che devono inchinarsi, come ci inchiniamo noi, a questa sentenza ma c&#8217;\u00e8 niente da festeggiare, per noi e per loro\u00bb.    &#13;<br \/>\n&#13;<br \/>\n&#13;<br \/>\n&#13;<br \/>\n&#13;<br \/>\n&#13;<br \/>\n&#13;<br \/>\n&#13;<br \/>\n&#13;<br \/>\n&#13;<br \/>\n&#13;<br \/>\n&#13;<br \/>\n&#13;<br \/>\n&#13;<br \/>\n&#13;<br \/>\n&#13;<br \/>\n&#13;<br \/>\n&#13;<br \/>\n&#13;<br \/>\n&#13;<br \/>\n&#13;<br \/>\n&#13;<br \/>\n&#13;<br \/>\n&#13;<br \/>\n&#13;<br \/>\n&#13;<br \/>\n&#13;<br \/>\n&#13;<br \/>\n&#13;<br \/>\n&#13;<br \/>\n&#13;<br \/>\n&#13;<br \/>\n&#13;<br \/>\n&#13;<br \/>\n&#13;<br \/>\n&#13;<br \/>\n&#13;<br \/>\n&#13;<br \/>\n&#13;<br \/>\n&#13;<br \/>\n&#13;<br \/>\n&#13;<br \/>\n&#13;<br \/>\n&#13;<br \/>\n&#13;<br \/>\n&#13;<br \/>\n&#13;<br \/>\n&#13;<br \/>\n&#13;<br \/>\n&#13;<br \/>\n&#13;<br \/>\n&#13;<br \/>\n&#13;\n<\/p>\n<p class=\"chapter-paragraph\">Sono passati <b>12 anni e mezzo dall\u2019inizio del processo<\/b> di primo grado in tribunale a Lucca, datato 13 novembre 2013. E 17 anni da quel 29 giugno 2009 quando, alle 23.48, un treno merci contenente gpl deragli\u00f2 a poche centinaia di metri di distanza dalla stazione ferroviaria causando\u00a0una violentissima esplosione. Le fiamme si \u00abmangiarono\u00bb quasi tutta via Ponchielli, al lato della ferrovia. Le vittime furono\u00a0<b>32<\/b>, <b>bruciate vive <\/b>dalle fiamme. Molti morirono sul colpo, altri subirono la stessa sorte nei giorni seguenti, a causa delle gravissime ustioni causate dal fuoco.\u00a0<\/p>\n<p class=\"is-mr-t-20 is-mr-b-20\"><b><br \/>\n                    <a href=\"https:\/\/corrierefiorentino.corriere.it\/?intcmp=Notizielocali_nd_010623_corriere_ss_fior\" target=\"_blank\" rel=\"nofollow noopener\">Vai a tutte le notizie di Firenze<\/a><br \/>\n            <\/b><\/p>\n<p class=\"chapter-paragraph\"><b><a href=\"https:\/\/www.corriere.it\/newsletter\/?theme=45&amp;intcmp=NL-artic_nd_050624_corriere_ss_fior\" target=\"_blank\" rel=\"nofollow noopener\">Iscriviti alla newsletter del Corriere Fiorentino<\/a><\/b><\/p>\n<p class=\"is-last-update\" datetime=\"2026-06-25T20:39:01+02:00\">25 giugno 2026 ( modifica il 25 giugno 2026 | 20:39)<\/p>\n<p class=\"is-copyright\">\n            \u00a9 RIPRODUZIONE RISERVATA\n        <\/p>\n","protected":false},"excerpt":{"rendered":"di Redazione Cronaca La pronuncia della massima corta sull&#8217;incidente ferroviario del 29 giugno 2009 che cost\u00f2 la vita&hellip;\n","protected":false},"author":3,"featured_media":556141,"comment_status":"","ping_status":"","sticky":false,"template":"","format":"standard","meta":{"footnotes":"","_share_on_mastodon":"0"},"categories":[6],"tags":[506,5831,306833,6510,306834,306835,1239,874,306836,10294,3844,8985,14,6037,39028,1148,8,1537,90,89,26758,306832,15246,7,15,82,9,83,10,2319,11990,13,11,80,84,12,81,85,4408,838],"class_list":["post-556140","post","type-post","status-publish","format-standard","has-post-thumbnail","category-ultime-notizie","tag-accusa","tag-andra","tag-andra-carcere","tag-aprire","tag-aprire-porte","tag-aprire-porte-carcere","tag-avvocato","tag-carcere","tag-carcere-pronuncia","tag-cassazione","tag-centinaia","tag-colposo","tag-cronaca","tag-dispiace","tag-ferroviario","tag-giugno","tag-headlines","tag-it","tag-italia","tag-italy","tag-mauro","tag-mauro-moretti","tag-moretti","tag-news","tag-notizie","tag-notizie-di-cronaca","tag-notizie-principali","tag-notiziedicronaca","tag-notizieprincipali","tag-sentenza","tag-strage","tag-titoli","tag-ultime-notizie","tag-ultime-notizie-di-cronaca","tag-ultime-notizie-e-news-di-oggi","tag-ultimenotizie","tag-ultimenotiziedicronaca","tag-ultimenotizieenewsdioggi","tag-viareggio","tag-vittime"],"share_on_mastodon":{"url":"","error":"Validation failed: Text character limit of 500 exceeded"},"_links":{"self":[{"href":"https:\/\/www.europesays.com\/it\/wp-json\/wp\/v2\/posts\/556140","targetHints":{"allow":["GET"]}}],"collection":[{"href":"https:\/\/www.europesays.com\/it\/wp-json\/wp\/v2\/posts"}],"about":[{"href":"https:\/\/www.europesays.com\/it\/wp-json\/wp\/v2\/types\/post"}],"author":[{"embeddable":true,"href":"https:\/\/www.europesays.com\/it\/wp-json\/wp\/v2\/users\/3"}],"replies":[{"embeddable":true,"href":"https:\/\/www.europesays.com\/it\/wp-json\/wp\/v2\/comments?post=556140"}],"version-history":[{"count":0,"href":"https:\/\/www.europesays.com\/it\/wp-json\/wp\/v2\/posts\/556140\/revisions"}],"wp:featuredmedia":[{"embeddable":true,"href":"https:\/\/www.europesays.com\/it\/wp-json\/wp\/v2\/media\/556141"}],"wp:attachment":[{"href":"https:\/\/www.europesays.com\/it\/wp-json\/wp\/v2\/media?parent=556140"}],"wp:term":[{"taxonomy":"category","embeddable":true,"href":"https:\/\/www.europesays.com\/it\/wp-json\/wp\/v2\/categories?post=556140"},{"taxonomy":"post_tag","embeddable":true,"href":"https:\/\/www.europesays.com\/it\/wp-json\/wp\/v2\/tags?post=556140"}],"curies":[{"name":"wp","href":"https:\/\/api.w.org\/{rel}","templated":true}]}}