{"id":556249,"date":"2026-06-25T23:14:21","date_gmt":"2026-06-25T23:14:21","guid":{"rendered":"https:\/\/www.europesays.com\/it\/556249\/"},"modified":"2026-06-25T23:14:21","modified_gmt":"2026-06-25T23:14:21","slug":"bologna-nella-morsa-di-caronte-piano-demergenza-per-il-caldo-autobotti-borracce-libere-ai-concerti-e-rifugi-climatici","status":"publish","type":"post","link":"https:\/\/www.europesays.com\/it\/556249\/","title":{"rendered":"Bologna\u00a0nella morsa di Caronte, piano d\u2019emergenza per il caldo: autobotti,\u00a0borracce libere ai concerti e rifugi climatici"},"content":{"rendered":"<p>Bologna, 25 giugno 2026 \u2013 Visto il perdurare del <a rel=\"follow nofollow noopener\" href=\"https:\/\/www.ilrestodelcarlino.it\/meteo\/temporali-estremi-incognite-meteo-caldo-emilia-romagna-vepxifh7\" target=\"_blank\"><strong>grande caldo <\/strong><\/a>e del <strong>disagio bioclimatico<\/strong> dovuto alle alte temperature che nei prossimi giorni saliranno ulteriormente, il Comune di<strong> Bologna <\/strong>ha attivato oggi il <strong>Centro Operativo Comunale (Coc)<\/strong> fino a cessata allerta. Il sindaco firmer\u00e0 inoltre <strong>un\u2019ordinanza valida dal 26 al 30 giugno<\/strong>, in cui ordina, in vista degli importanti eventi in programma in questi giorni, a tutti i gestori di eventi e concerti di rendere agevole l\u2019utilizzo di punti di fornitura acqua, se presenti nelle aree assegnate, e di consentire, ove non confligga con motivi di ordine pubblico, <strong>l&#8217;ingresso dall&#8217;esterno di bottiglie d&#8217;acqua e borracce<\/strong> nelle aree delle manifestazioni. Il Comune ha chiesto inoltre a <strong>Hera di mettere a disposizione un\u2019autobotte per la distribuzione dell\u2019acqua potabile<\/strong>, in occasione di particolari eventi, come i due concerti allo Stadio Dall\u2019Ara di sabato e domenica.<\/p>\n<p>Durante la riunione del COC, coordinata dal<strong> sindaco Matteo Lepore<\/strong>, si \u00e8 fatto inoltre il punto sulle misure gi\u00e0 attivate dal Comune e si \u00e8 deciso di rinforzarle ulteriormente.<\/p>\n<p>Approfondisci:<\/p>\n<p><a href=\"https:\/\/www.ilrestodelcarlino.it\/meteo\/temporali-estremi-incognite-meteo-caldo-emilia-romagna-vepxifh7\" class=\"ArticleEmbed_article__embed__content__Jzqnz\" rel=\"nofollow noopener\" target=\"_blank\">Temporali (forti?) e incognite meteo: come finir\u00e0 il caldo record in Emilia-Romagna<img alt=\"Temporali (forti?) e incognite meteo: come finir\u00e0 il caldo record in Emilia-Romagna\" loading=\"lazy\" width=\"140\" height=\"78\" decoding=\"async\" data-nimg=\"1\" style=\"color:transparent\"  src=\"https:\/\/www.europesays.com\/it\/wp-content\/uploads\/2026\/06\/l-allerta-meteo-nella-nostra-regione-ancora-un-weekend-di-fuoco.webp\"\/><\/a><br \/>\nAi rifugi climatici si aggiungono altre biblioteche <\/p>\n<p>Il Comune di Bologna, per incrementare il numero di luoghi dove trovare sollievo durante le ore pi\u00f9 calde della giornata, mette a disposizione, oltre alla <strong><a rel=\"follow nofollow noopener\" href=\"https:\/\/www.ilrestodelcarlino.it\/bologna\/cronaca\/caldo-rifugi-climatici-dove-mx6nt4gz\" target=\"_blank\">rete dei rifugi climatici gratuiti<\/a> <\/strong>e accessibili gi\u00e0 attivi, anche le biblioteche diffuse sul territorio in cui poter fare una sosta per trovare ristoro, che saranno disponibili negli orari di apertura. Nel dettaglio: Biblioteca Borgo Panigale Miriam Ridolfi, Biblioteca Corticella Luigi Fabbri, Biblioteca Casa di Khaoula, Biblioteca Luigi Spina Casa Gialla, Biblioteca Natalia Ginzburg, Biblioteca Jorge Luis Borges, Biblioteca Scandellara Mirella Bartolotti, Tassinari Cl\u00f2 Villa Spada, Biblioteca Istituto Storico Parri.<\/p>\n<p> <img alt=\"I nuovi rifugi climatici a Bologna: la mappa indica dove sono\" loading=\"lazy\" width=\"1600\" height=\"900\" decoding=\"async\" data-nimg=\"1\" style=\"color:transparent;max-width:100%;height:auto\"   src=\"https:\/\/www.europesays.com\/it\/wp-content\/uploads\/2026\/06\/i-nuovi-rifugi-climatici-a-bologna-la-mappa-indica-dove-sono.webp\"\/><\/p>\n<p>I nuovi rifugi climatici a Bologna: la mappa indica dove sono<\/p>\n<p>Approfondisci:<\/p>\n<p><a href=\"https:\/\/www.ilrestodelcarlino.it\/meteo\/termometro-39-gradi-caldo-record-hva9rnoj\" class=\"ArticleEmbed_article__embed__content__Jzqnz\" rel=\"nofollow noopener\" target=\"_blank\">Termometro a 39 gradi e caldo record, nessun sollievo: \u201cPeggio del 2003\u201d. Ecco quando finir\u00e0<img alt=\"Termometro a 39 gradi e caldo record, nessun sollievo: \u201cPeggio del 2003\u201d. Ecco quando finir\u00e0\" loading=\"lazy\" width=\"140\" height=\"78\" decoding=\"async\" data-nimg=\"1\" style=\"color:transparent\"  src=\"https:\/\/www.europesays.com\/it\/wp-content\/uploads\/2026\/06\/1782429257_977_situazione-in-emilia-romagna-sabato-27giugno-ore-17-foto-windy-a-destra-federico-grazzini-arpae.webp\"\/><\/a><br \/>\nL\u2019elenco dei rifugi climatici attivi <\/p>\n<p>Ecco di seguito i rifugi climatici attivi (<strong><a rel=\"nofollow noopener\" href=\"https:\/\/sitmappe.comune.bologna.it\/RifugiClimatici\/\" target=\"_blank\">qui la mappa<\/a><\/strong>): <strong>Biblioteca Salaborsa<\/strong>, Biblioteca dell\u2019Archiginnasio, Casa di Quartiere Il Parco, Casa di Quartiere Santa Viola, MAMbo, Museo della Musica, Giardini Margherita, Giardino Pier Paolo Pasolini, Parco dei Cedri, Parco dei Giardini &#8211; C\u00e0 Bura, Parco 11 Settembre\/Giardino Klemlen, Parco della Montagnola, Piazza Lucio Dalla, Velostazione-Ex Dynamo e Palazzo Pepoli, Casa di Quartiere Lunetta Gamberini, Casa di Quartiere Katia Bertasi, Casa di Quartiere Centro Sociale Montanari, Casa di Quartiere Fondo Comini, Giardino Renato Bentivogli, Giardino Padre Caroli, Giardino Piazza Giovanni XXIII, Giardino Lavinia Fontana.<\/p>\n<p> <img alt=\"Bologna nella morsa di Caronte, piano d\u2019emergenza per il caldo: autobotti, borracce libere ai concerti e rifugi climatici\" loading=\"lazy\" width=\"762\" height=\"429\" decoding=\"async\" data-nimg=\"1\" style=\"color:transparent\"  src=\"https:\/\/www.europesays.com\/it\/wp-content\/uploads\/2026\/06\/xahur3i.jpeg\"\/><br \/>\nNidi e scuole d&#8217;infanzia <\/p>\n<p>Dopo la consegna nei giorni scorsi di<strong> 42 condizionatori mobili a nidi e scuole<\/strong> per l\u2019infanzia tra oggi e domani ne vengono installati ulteriori 30. Se ne stanno inoltre reperendo altri grazie anche allo spostamento di dispositivi da altre sedi comunali.<\/p>\n<p>Inoltre dal 1 luglio \u00e8 stata data indicazione ai nidi di utilizzare anche gli spazi climatizzati delle scuole dell&#8217;infanzia adiacenti, quindi per i 48 nidi la situazione \u00e8 destinata a migliorare decisamente da tale data.<\/p>\n<p>Approfondisci:<\/p>\n<p><a href=\"https:\/\/www.ilrestodelcarlino.it\/modena\/cronaca\/sintomi-colpo-calore-kpv19gf3\" class=\"ArticleEmbed_article__embed__content__Jzqnz\" rel=\"nofollow noopener\" target=\"_blank\">Stordimento, sete, confusione, assopimento: i sintomi del colpo di calore. Il dottor Bandiera: \u201cSpesso \u00e8 improvviso\u201d<img alt=\"Stordimento, sete, confusione, assopimento: i sintomi del colpo di calore. Il dottor Bandiera: \u201cSpesso \u00e8 improvviso\u201d\" loading=\"lazy\" width=\"140\" height=\"78\" decoding=\"async\" data-nimg=\"1\" style=\"color:transparent\"  src=\"https:\/\/www.europesays.com\/it\/wp-content\/uploads\/2026\/06\/1782429260_29_il-dottor-geminiano-bandiera-primario-del-pronto-soccorso.webp\"\/><\/a><br \/>\nAnziani e persone fragili <\/p>\n<p>Si ricorda che <strong>dal 15 giugno \u00e8 in funzione il piano comunale<\/strong> per la prevenzione e il contrasto degli effetti delle ondate di calore, che prevede servizi di supporto e prevenzione rivolti in particolare alle persone anziane e pi\u00f9 fragili:<\/p>\n<p>assistenza domiciliare con monitoraggio e tutela;<\/p>\n<p>supporto infermieristico telefonico;<\/p>\n<p>accompagnamento a visite mediche e per il disbrigo di pratiche;<\/p>\n<p>consegna di spesa e farmaci a domicilio.<\/p>\n<p>Durante questi giorni di allerta, i volontari della <strong>Protezione Civile<\/strong> affiancheranno gli addetti ai servizi socio-assistenziali e garantendo il presidio territoriale.<\/p>\n<p>Numero verde gratuito <\/p>\n<p>A supporto di queste attivit\u00e0, dall\u20191 giugno \u00e8 attivo su tutto il territorio dell\u2019Azienda USL di Bologna il Numero Verde gratuito 800 562 110, dal <strong>luned\u00ec al venerd\u00ec dalle 9 alle 17<\/strong>, che offre informazioni, consigli utili e orientamento sulle misure di prevenzione da adottare durante le ondate di calore e sulle forme di sostegno attivate dalla rete dei servizi pubblici e del volontariato.<\/p>\n<p>Anche quest\u2019anno circa <strong>2.100 cittadini over 65 in condizione di fragilit\u00e0 sanitaria<\/strong> individuati dall\u2019Azienda USL di Bologna hanno ricevuto dal Comune una lettera informativa sul progetto, con il<strong> Numero Verde e indicazioni utili <\/strong>per affrontare in sicurezza le giornate pi\u00f9 calde.<\/p>\n<p>All\u2019interno del sistema di protezione delle persone anziane e fragili si inserisce anche il <strong>Piano MAIS (Monitoraggio Anziani in Solitudine)<\/strong>, che prevede un monitoraggio telefonico periodico intensivo rivolto a persone over 75 in situazione di grave complessit\u00e0 socio-sanitaria.<\/p>\n<p>Sono inoltre disponibili<strong> posti letto aggiuntivi nei centri di accoglienza<\/strong> per le persone senza dimora e verranno incrementate le uscite del Servizio Instrada per agganciare le persone pi\u00f9 fragili in citt\u00e0.<\/p>\n<p>Le precauzioni suggerite dall\u2019Ausl <\/p>\n<p>Si ricordano infine le precauzioni e le indicazioni in caso di difficolt\u00e0, suggerite dall\u2019Azienda Usl:<\/p>\n<p><strong>bere molto e spesso <\/strong>anche quando non si ha sete, salvo diverso parere del medico, evitando bibite gassate o contenenti zuccheri e astenendosi, in generale, da bevande ghiacciate o fredde;<\/p>\n<p><strong>evitare alcol e caffeina<\/strong>;<\/p>\n<p><strong>fare bagni o docce<\/strong> con acqua tiepida per abbassare la temperatura corporea;<\/p>\n<p>utilizzare climatizzatori regolando la temperatura dell\u2019ambiente con una differenza di non pi\u00f9 di 6\/7 gradi rispetto alla temperatura esterna;<\/p>\n<p><strong>se si usano ventilatori <\/strong>per far circolare l\u2019aria, non rivolgerli direttamente sul corpo<\/p>\n<p>evitare di uscire nelle ore pi\u00f9 calde della giornata;<\/p>\n<p><strong>prestare attenzione<\/strong> a chi ha difficolt\u00e0 ad orientarsi nel tempo e nello spazio, alle persone non autosufficienti, agli anziani che vivono da soli.<\/p>\n<p> <img alt=\" BOLOGNA. PIANO PER VERDE, TOCCA A VIA SAN LEONARDO E PORTA SAN VITALE \/FOTO COMUNE: MIX AZIONI TEMPORANEE-STABILI E BANDO PER TROVARE SPONSOR(FOTO 1 di 1)\" loading=\"lazy\" width=\"3807\" height=\"2856\" decoding=\"async\" data-nimg=\"1\" style=\"color:transparent;max-width:100%;height:auto\"   src=\"https:\/\/www.europesays.com\/it\/wp-content\/uploads\/2026\/06\/bologna-piano-per-verde-tocca-a-via-san-leonardo-e-porta-san-vitale-foto-comune-mix-azioni-temporane.webp\"\/><\/p>\n<p>Gli alberelli in vaso si evolvono. Il Comune di Bologna annuncia &#8220;un piano organico per riportare il verde &#8216;dentro le mura&#8217;<\/p>\n<p>Il nuovo piano per il verde stabile e diffuso nel centro di Bologna <\/p>\n<p>Il Comune intanto ha varato un p<strong>iano organico per riportare stabilmente il verde nel centro<\/strong> storico, superando la logica dei soli allestimenti estivi <strong>per contrastare le isole di calore<\/strong>. La strategia unisce interventi temporanei e strutturali, nascendo anche dal confronto con le categorie economiche e i residenti. Attraverso specifici patti di collaborazione, <strong>cittadini e commercianti potranno posizionare alberi e piante<\/strong>, partendo subito con i progetti in via San Leonardo e presso l&#8217;edicola di porta San Vitale. Inoltre, Palazzo d&#8217;Accursio pubblicher\u00e0 <strong>un bando per raccogliere sponsorizzazioni da privati<\/strong>, mentre da settembre il Comune pianter\u00e0 nuovi alberi nelle aiuole idonee. Infine, \u00e8 stato avviato un percorso con gli Ordini professionali e la Fondazione FIU Rusconi Ghigi per sviluppare i progetti verdi delle prossime annualit\u00e0.<\/p>\n","protected":false},"excerpt":{"rendered":"Bologna, 25 giugno 2026 \u2013 Visto il perdurare del grande caldo e del disagio bioclimatico dovuto alle alte&hellip;\n","protected":false},"author":3,"featured_media":556250,"comment_status":"","ping_status":"","sticky":false,"template":"","format":"standard","meta":{"footnotes":"","_share_on_mastodon":"0"},"categories":[79],"tags":[103298,586,70649,1534,93303,14817,2943,14,93,94,450,1537,90,89,6233,23519,7,15,975,10758,11,84,91,12,85,92],"class_list":["post-556249","post","type-post","status-publish","format-standard","has-post-thumbnail","category-italia","tag-autobotti","tag-bologna","tag-borracce","tag-caldo","tag-caronte","tag-climatici","tag-concerti","tag-cronaca","tag-cronaca-italiana","tag-cronacaitaliana","tag-emergenza","tag-it","tag-italia","tag-italy","tag-libere","tag-morsa","tag-news","tag-notizie","tag-piano","tag-rifugi","tag-ultime-notizie","tag-ultime-notizie-e-news-di-oggi","tag-ultime-notizie-italia","tag-ultimenotizie","tag-ultimenotizieenewsdioggi","tag-ultimenotizieitalia"],"share_on_mastodon":{"url":"https:\/\/pubeurope.com\/@it\/116813291132733669","error":""},"_links":{"self":[{"href":"https:\/\/www.europesays.com\/it\/wp-json\/wp\/v2\/posts\/556249","targetHints":{"allow":["GET"]}}],"collection":[{"href":"https:\/\/www.europesays.com\/it\/wp-json\/wp\/v2\/posts"}],"about":[{"href":"https:\/\/www.europesays.com\/it\/wp-json\/wp\/v2\/types\/post"}],"author":[{"embeddable":true,"href":"https:\/\/www.europesays.com\/it\/wp-json\/wp\/v2\/users\/3"}],"replies":[{"embeddable":true,"href":"https:\/\/www.europesays.com\/it\/wp-json\/wp\/v2\/comments?post=556249"}],"version-history":[{"count":0,"href":"https:\/\/www.europesays.com\/it\/wp-json\/wp\/v2\/posts\/556249\/revisions"}],"wp:featuredmedia":[{"embeddable":true,"href":"https:\/\/www.europesays.com\/it\/wp-json\/wp\/v2\/media\/556250"}],"wp:attachment":[{"href":"https:\/\/www.europesays.com\/it\/wp-json\/wp\/v2\/media?parent=556249"}],"wp:term":[{"taxonomy":"category","embeddable":true,"href":"https:\/\/www.europesays.com\/it\/wp-json\/wp\/v2\/categories?post=556249"},{"taxonomy":"post_tag","embeddable":true,"href":"https:\/\/www.europesays.com\/it\/wp-json\/wp\/v2\/tags?post=556249"}],"curies":[{"name":"wp","href":"https:\/\/api.w.org\/{rel}","templated":true}]}}