{"id":556393,"date":"2026-06-26T01:34:17","date_gmt":"2026-06-26T01:34:17","guid":{"rendered":"https:\/\/www.europesays.com\/it\/556393\/"},"modified":"2026-06-26T01:34:17","modified_gmt":"2026-06-26T01:34:17","slug":"tricolori-crono-ganna-si-conferma-a-barolo-affini-caduto-in-ospedale","status":"publish","type":"post","link":"https:\/\/www.europesays.com\/it\/556393\/","title":{"rendered":"Tricolori crono, Ganna si conferma a Barolo. Affini caduto: in ospedale"},"content":{"rendered":"<p>                                Settimo titolo italiano per il piemontese, ora pronto per il Tour de France, chiudendo con 2\u201906\u201d di vantaggio su Luca Giaimi. Il mantovano,\u00a0uomo di Jonas Vingegaard alla Visma, in ospedale per accertamenti\u00a0<\/p>\n<p class=\"paragraph\" spellcheck=\"true\">Settimo titolo nazionale a cronometro per Filippo Ganna, giunto a 41 successi da pro\u2019 in carriera di cui 33 contro il tempo. Il 29enne piemontese di Netcompany-Ineos ha dominato la prova di 40 chilometri con traguardo a Barolo, chiudendo con 2\u201906\u201d di vantaggio su Luca Giaimi, giovane della Uae, e 2\u201936\u201d su Mattia Cattaneo, veterano della Red Bull. Ganna, dopo il Giro d\u2019Italia in cui ha vinto la crono di Massa, andr\u00e0 al Tour de France.<\/p>\n<p class=\"paragraph\" spellcheck=\"true\">Per il quale invece \u00e8 adesso a rischio Edoardo Affini, uomo di Jonas Vingegaard alla Visma: il mantovano \u00e8 caduto proprio durante la crono di oggi ed \u00e8 stato portato in ospedale per accertamenti.<\/p>\n","protected":false},"excerpt":{"rendered":"Settimo titolo italiano per il piemontese, ora pronto per il Tour de France, chiudendo con 2\u201906\u201d di vantaggio&hellip;\n","protected":false},"author":3,"featured_media":556394,"comment_status":"","ping_status":"","sticky":false,"template":"","format":"standard","meta":{"footnotes":"","_share_on_mastodon":"0"},"categories":[6],"tags":[2801,31104,23019,4643,11782,307002,307003,14,10890,40773,8,1537,90,89,7,15,82,9,83,10,13,3555,11,80,84,12,81,85],"class_list":["post-556393","post","type-post","status-publish","format-standard","has-post-thumbnail","category-ultime-notizie","tag-accertamenti","tag-affini","tag-barolo","tag-caduto","tag-chiudendo","tag-chiudendo-vantaggio","tag-chiudendo-vantaggio-luca","tag-cronaca","tag-crono","tag-ganna","tag-headlines","tag-it","tag-italia","tag-italy","tag-news","tag-notizie","tag-notizie-di-cronaca","tag-notizie-principali","tag-notiziedicronaca","tag-notizieprincipali","tag-titoli","tag-tour","tag-ultime-notizie","tag-ultime-notizie-di-cronaca","tag-ultime-notizie-e-news-di-oggi","tag-ultimenotizie","tag-ultimenotiziedicronaca","tag-ultimenotizieenewsdioggi"],"share_on_mastodon":{"url":"https:\/\/pubeurope.com\/@it\/116813841471700954","error":""},"_links":{"self":[{"href":"https:\/\/www.europesays.com\/it\/wp-json\/wp\/v2\/posts\/556393","targetHints":{"allow":["GET"]}}],"collection":[{"href":"https:\/\/www.europesays.com\/it\/wp-json\/wp\/v2\/posts"}],"about":[{"href":"https:\/\/www.europesays.com\/it\/wp-json\/wp\/v2\/types\/post"}],"author":[{"embeddable":true,"href":"https:\/\/www.europesays.com\/it\/wp-json\/wp\/v2\/users\/3"}],"replies":[{"embeddable":true,"href":"https:\/\/www.europesays.com\/it\/wp-json\/wp\/v2\/comments?post=556393"}],"version-history":[{"count":0,"href":"https:\/\/www.europesays.com\/it\/wp-json\/wp\/v2\/posts\/556393\/revisions"}],"wp:featuredmedia":[{"embeddable":true,"href":"https:\/\/www.europesays.com\/it\/wp-json\/wp\/v2\/media\/556394"}],"wp:attachment":[{"href":"https:\/\/www.europesays.com\/it\/wp-json\/wp\/v2\/media?parent=556393"}],"wp:term":[{"taxonomy":"category","embeddable":true,"href":"https:\/\/www.europesays.com\/it\/wp-json\/wp\/v2\/categories?post=556393"},{"taxonomy":"post_tag","embeddable":true,"href":"https:\/\/www.europesays.com\/it\/wp-json\/wp\/v2\/tags?post=556393"}],"curies":[{"name":"wp","href":"https:\/\/api.w.org\/{rel}","templated":true}]}}