{"id":556426,"date":"2026-06-26T02:15:18","date_gmt":"2026-06-26T02:15:18","guid":{"rendered":"https:\/\/www.europesays.com\/it\/556426\/"},"modified":"2026-06-26T02:15:18","modified_gmt":"2026-06-26T02:15:18","slug":"alvaro-morata-diventa-biondo-in-vacanza-con-alice-campello","status":"publish","type":"post","link":"https:\/\/www.europesays.com\/it\/556426\/","title":{"rendered":"Alvaro Morata diventa biondo in vacanza con Alice Campello"},"content":{"rendered":"<p>                                La coppia si \u00e8 ormai messa alle spalle la lunga crisi e sta approfittando dell&#8217;estate per recuperare il rapporto<\/p>\n<p>                    25 giugno &#8211; 15:04  &#8211; MILANO<\/p>\n<p class=\"paragraph\" spellcheck=\"true\">Mentre la sua Spagna \u00e8 impegnata ai Mondiali tra Messico, Canada e USA,<b> Alvaro Morata<\/b> si gode <b><a href=\"https:\/\/www.gazzetta.it\/spettacolo-tv-gossip\/01-06-2026\/alvaro-morata-e-alice-campello-sono-tornati-insieme-cosa-sappiamo.shtml?intcmp=hyperlink-articolo-gazit\" title=\"\u00c1lvaro Morata e Alice Campello sono tornati insieme: \" si=\"\" stanno=\"\" dando=\"\" una=\"\" nuova=\"\" possibilit=\"\" rel=\"nofollow noopener\" target=\"_blank\">l&#8217;amore ritrovato<\/a> con la sua Alice Campello<\/b>. La coppia nelle scorse settimane \u00e8 tornata a farsi vedere<a href=\"https:\/\/www.gazzetta.it\/spettacolo-tv-gossip\/19-06-2026\/alice-campello-e-alvaro-morata-prima-uscita-pubblica-a-madrid.shtml?intcmp=hyperlink-articolo-gazit\" title=\"Alice Campello e Alvaro Morata: il ritorno in grande stile davanti ai fotografi a Madrid\" rel=\"nofollow noopener\" target=\"_blank\"> ufficialmente insieme<\/a>, mostrando di aver superato una crisi che andava avanti da diverse settimane e che aveva portato l&#8217;attaccante del Como anche a trovare un altro appartamento in quel di Milano.\u00a0<\/p>\n<p>        Alvaro morata e alice campello in vacanza\u2014 \u00a0<\/p>\n<p class=\"paragraph\" spellcheck=\"true\">Per festeggiare la ritrovata serenit\u00e0 e questa nuova fase della sua vita, <b>Alvaro Morata ha sorpreso tutti <\/b>sfoggiando una chioma biondo platino, simile a quella della moglie, durante le vacanze tra Capri, Napoli e Costiera Amalfitana. La foto di Morata biondo \u00e8 apparsa sul profilo Instagram della una pizzeria di Pierpaolo Battara a Calata Capodichino. &#8220;Hanno mangiato la mia tipica frittatina e la pizza fritta, la signora Alice mi ha chiesto una margherita con bufala e funghi porcini&#8221; ha raccontato il titolare a Il Mattino. Il locale \u00e8 spesso frequentato da personaggi famosi, in passato ha ospitato anche Angela Merkel.<\/p>\n<p><a class=\"is-partner-link\" href=\"https:\/\/abbonamenti.gazzetta.it\/de-promo-mondiali\/?pwcmp=cta&amp;forceBrowser=true\" rel=\"nofollow noopener\" target=\"_blank\">Gazzetta Mondiale: ogni notte un\u2019edizione straordinaria esclusiva. Non perdertela, abbonati a 1\u20ac\/mese!<\/a><\/p>\n<p>        ancora innamorati\u2014 \u00a0<\/p>\n<p class=\"paragraph\" spellcheck=\"true\">Una vacanza da sogno per sugellare l&#8217;amore ritrovato della coppia, lontano da tutti ma senza lasciare l&#8217;Italia. <b>Alice Campello <\/b>ha raccontato queste giornata attraverso<b> un classico carosello di foto<\/b> tra bikini in gommone, passeggiate vista mare e scorci da cartolina. Dopo le foto insieme ai figli e la serenit\u00e0 mostrata a favore di fotografi a Madrid, durante un evento pubblico in cui dopo mesi erano tornati a farsi vedere insieme, la coppia si \u00e8 ritagliata alcuni momenti privati, per ritrovare l&#8217;intimit\u00e0 e la complicit\u00e0 di un tempo mettendosi alle spalle le settimane trascorse distanti. Chi ha incrociato Alvaro Morata e Alice Campello in questi giorni di vacanza, come gli avventori della pizzeria, li ha descritti sereni, disposti a fermarsi a chiacchierare con il personale del locale e a scattare qualche foto ricordo.\u00a0<\/p>\n<p class=\"is-above-copyright is-mr-r-10\" spellcheck=\"true\">La Gazzetta dello Sport<\/p>\n<p class=\"is-copyright\">\u00a9 RIPRODUZIONE RISERVATA<\/p>\n","protected":false},"excerpt":{"rendered":"La coppia si \u00e8 ormai messa alle spalle la lunga crisi e sta approfittando dell&#8217;estate per recuperare il&hellip;\n","protected":false},"author":3,"featured_media":556427,"comment_status":"","ping_status":"","sticky":false,"template":"","format":"standard","meta":{"footnotes":"","_share_on_mastodon":"0"},"categories":[1451],"tags":[37492,70161,307014,307015,85081,33920,155317,87,307016,45922,127384,307017,307018,1621,1620,2235,7714,203,8628,228,204,1537,90,89,4977,8910,2100],"class_list":["post-556426","post","type-post","status-publish","format-standard","has-post-thumbnail","category-celebrita","tag-alice","tag-alice-campello","tag-alice-campello-coppia","tag-alice-campello-vacanza","tag-alvaro","tag-alvaro-morata","tag-alvaro-morata-alice","tag-amore","tag-amore-ritrovato","tag-biondo","tag-campello","tag-campello-coppia","tag-campello-vacanza","tag-celebrita","tag-celebrities","tag-coppia","tag-crisi","tag-entertainment","tag-farsi","tag-foto","tag-intrattenimento","tag-it","tag-italia","tag-italy","tag-morata","tag-settimane","tag-vacanza"],"share_on_mastodon":{"url":"https:\/\/pubeurope.com\/@it\/116814002749856696","error":""},"_links":{"self":[{"href":"https:\/\/www.europesays.com\/it\/wp-json\/wp\/v2\/posts\/556426","targetHints":{"allow":["GET"]}}],"collection":[{"href":"https:\/\/www.europesays.com\/it\/wp-json\/wp\/v2\/posts"}],"about":[{"href":"https:\/\/www.europesays.com\/it\/wp-json\/wp\/v2\/types\/post"}],"author":[{"embeddable":true,"href":"https:\/\/www.europesays.com\/it\/wp-json\/wp\/v2\/users\/3"}],"replies":[{"embeddable":true,"href":"https:\/\/www.europesays.com\/it\/wp-json\/wp\/v2\/comments?post=556426"}],"version-history":[{"count":0,"href":"https:\/\/www.europesays.com\/it\/wp-json\/wp\/v2\/posts\/556426\/revisions"}],"wp:featuredmedia":[{"embeddable":true,"href":"https:\/\/www.europesays.com\/it\/wp-json\/wp\/v2\/media\/556427"}],"wp:attachment":[{"href":"https:\/\/www.europesays.com\/it\/wp-json\/wp\/v2\/media?parent=556426"}],"wp:term":[{"taxonomy":"category","embeddable":true,"href":"https:\/\/www.europesays.com\/it\/wp-json\/wp\/v2\/categories?post=556426"},{"taxonomy":"post_tag","embeddable":true,"href":"https:\/\/www.europesays.com\/it\/wp-json\/wp\/v2\/tags?post=556426"}],"curies":[{"name":"wp","href":"https:\/\/api.w.org\/{rel}","templated":true}]}}