{"id":556592,"date":"2026-06-26T05:28:14","date_gmt":"2026-06-26T05:28:14","guid":{"rendered":"https:\/\/www.europesays.com\/it\/556592\/"},"modified":"2026-06-26T05:28:14","modified_gmt":"2026-06-26T05:28:14","slug":"lucca-vista-da-alfredo-meschi-in-mostra-quadri-e-foto-inedite","status":"publish","type":"post","link":"https:\/\/www.europesays.com\/it\/556592\/","title":{"rendered":"Lucca vista da Alfredo Meschi. In mostra quadri e foto inedite"},"content":{"rendered":"<p>\u201cLucca di Alfredo Meschi\u201d: \u00e8 con il pittore lucchese dei paesaggi Alfredo Meschi che riapre le porte la galleria d\u2019arte \u201cOlio su Tavola\u201d, in via del Battistero. Il taglio del nastro oggi alle ore 18. La mostra \u00e8 a cura di Filippo e Martina Bacci di Capaci e di Alessandra Trabucchi, con la collaborazione di Gabriele Meschi. L\u2019esposizione, a ingresso libero, raccoglie 30 opere, che coprono tutto il percorso pittorico, dagli anni Venti ai Settanta. Oltre ai quadri, ci saranno anche foto scattate dall\u2019artista ed esposte per la prima volta in questa occasione. Si tratta di una selezione di fotografie provenienti dall\u2019album personale di Meschi, scattate con una macchina fotografica simil Rolleiflex. Le stampe fotografiche sono state selezionate dal figlio, Gabriele Meschi che le ha messe a disposizione per l\u2019esposizione e rappresentano un contributo concreto per proseguire gli studi sull\u2019opera del padre.<\/p>\n<p>&#8220;Alfredo Meschi (Lucca, 1905-1981) \u00e8 stato un pittore che ha saputo raffigurare e interpretare il luogo e i paesaggi delle localit\u00e0 in cui \u00e8 vissuto e che ha percorso nella sua vita, attingendo da essi le istanze creative che lo hanno caratterizzato nella produzione artistica \u2013 scrive Trabucchi -. Una storia da autodidatta, con frequentazioni importanti e selezionate da lui stesso&#8221;.<\/p>\n<p>&#8220;Le opere proposte in questa esposizione \u2013 prosegue Trabucchi \u2013 si concentrano sulle vedute di Lucca e dintorni, ad eccezione di \u201cVeduta lacustre\u201c del 1926, un raro olio su tela. Si tratta probabilmente di un paesaggio maremmano, in formato quadrato e con singolari particolarit\u00e0 stilistiche che stabiliscono delle connessioni con la pittura astratta, cos\u00ec come in \u201cPrimavera sull\u2019Alpe di Sant\u2019Antonio\u201c, del 1931, un olio su cartone. I quadri dedicati alle vedute di Lucca dalle Mura e della passeggiata urbana, gli alberi visti e descritti in tutte le stagioni, la resa del fogliame, grazie ad un\u2019ampia gamma di verdi sfumati, i campanili che spuntano e permettono di riconoscere le chiese della citt\u00e0, sono diventati inconfondibili soggetti delle opere di Meschi, ognuno dotato della capacit\u00e0 di evocare il desiderio e insieme la nostalgia di quel paesaggio, immortalato in un tempo indefinito nel quale ogni generazione pu\u00f2 riconoscersi lasciandosi avvolgere da quella particolare luce impalpabile, irrorata di mito&#8221;.<\/p>\n<p>L\u2019esposizione rimarr\u00e0 aperta fino al 19 luglio, tutti i giorni tranne il luned\u00ec, con orario 10 &#8211; 12.30\/16.30 &#8211; 19.30.<\/p>\n","protected":false},"excerpt":{"rendered":"\u201cLucca di Alfredo Meschi\u201d: \u00e8 con il pittore lucchese dei paesaggi Alfredo Meschi che riapre le porte la&hellip;\n","protected":false},"author":3,"featured_media":556593,"comment_status":"","ping_status":"","sticky":false,"template":"","format":"standard","meta":{"footnotes":"","_share_on_mastodon":"0"},"categories":[1446],"tags":[10112,1615,1613,1614,1611,1610,1612,203,74205,204,1537,90,89,5287,307077,632,14641,6370],"class_list":["post-556592","post","type-post","status-publish","format-standard","has-post-thumbnail","category-arte-e-design","tag-alfredo","tag-arte","tag-arte-e-design","tag-arteedesign","tag-arts","tag-arts-and-design","tag-design","tag-entertainment","tag-inedite","tag-intrattenimento","tag-it","tag-italia","tag-italy","tag-lucca","tag-meschi","tag-mostra","tag-quadri","tag-vista"],"share_on_mastodon":{"url":"https:\/\/pubeurope.com\/@it\/116814761625871178","error":""},"_links":{"self":[{"href":"https:\/\/www.europesays.com\/it\/wp-json\/wp\/v2\/posts\/556592","targetHints":{"allow":["GET"]}}],"collection":[{"href":"https:\/\/www.europesays.com\/it\/wp-json\/wp\/v2\/posts"}],"about":[{"href":"https:\/\/www.europesays.com\/it\/wp-json\/wp\/v2\/types\/post"}],"author":[{"embeddable":true,"href":"https:\/\/www.europesays.com\/it\/wp-json\/wp\/v2\/users\/3"}],"replies":[{"embeddable":true,"href":"https:\/\/www.europesays.com\/it\/wp-json\/wp\/v2\/comments?post=556592"}],"version-history":[{"count":0,"href":"https:\/\/www.europesays.com\/it\/wp-json\/wp\/v2\/posts\/556592\/revisions"}],"wp:featuredmedia":[{"embeddable":true,"href":"https:\/\/www.europesays.com\/it\/wp-json\/wp\/v2\/media\/556593"}],"wp:attachment":[{"href":"https:\/\/www.europesays.com\/it\/wp-json\/wp\/v2\/media?parent=556592"}],"wp:term":[{"taxonomy":"category","embeddable":true,"href":"https:\/\/www.europesays.com\/it\/wp-json\/wp\/v2\/categories?post=556592"},{"taxonomy":"post_tag","embeddable":true,"href":"https:\/\/www.europesays.com\/it\/wp-json\/wp\/v2\/tags?post=556592"}],"curies":[{"name":"wp","href":"https:\/\/api.w.org\/{rel}","templated":true}]}}