{"id":556990,"date":"2026-06-26T11:17:14","date_gmt":"2026-06-26T11:17:14","guid":{"rendered":"https:\/\/www.europesays.com\/it\/556990\/"},"modified":"2026-06-26T11:17:14","modified_gmt":"2026-06-26T11:17:14","slug":"verso-il-tour-red-bull-bora-con-il-doppio-leader-convocati-anche-hindley-e-cattaneo","status":"publish","type":"post","link":"https:\/\/www.europesays.com\/it\/556990\/","title":{"rendered":"VERSO IL TOUR. RED BULL BORA CON IL DOPPIO LEADER, CONVOCATI ANCHE HINDLEY E CATTANEO"},"content":{"rendered":"<p><strong>Remco Evenepoel e Florian Lipowitz guideranno la Red Bull \u2013 BORA \u2013 hansgrohe al Tour de France 2026 come co-leader.<\/strong> Per il team tedesco, si tratta della tredicesima partecipazione alla corsa ciclistica pi\u00f9 importante del mondo.\n            <\/p>\n<p>Il belga e il tedesco vantano statistiche important: entrambi hanno vinto la classifica dei migliori giovani e si sono classificati terzi assoluti nelle ultime due edizioni del Tour de France. Ora, per la prima volta, saranno al via insieme come coppia di leader.\n            <\/p>\n<p><strong>I loro punti di forza si completano a vicenda alla perfezione<\/strong>: Evenepoel \u00e8 uno dei corridori pi\u00f9 esplosivi e versatili del gruppo, mentre Lipowitz si \u00e8 affermato come uno dei pi\u00f9 costanti nelle corse a tappe. La combinazione delle loro diverse abilit\u00e0 conferisce alla Red Bull \u2013 BORA \u2013 hansgrohe un livello di flessibilit\u00e0 tattica che poche squadre possono eguagliare.<\/p>\n<p>Per Evenepoel sar\u00e0 la terza partecipazione consecutiva al Tour de France, mentre per Lipowitz si tratta della seconda. <strong>Entrambi i corridori hanno costruito la loro stagione intorno a questo evento<\/strong> e hanno trascorso le ultime settimane preparandosi specificamente per le esigenze del pi\u00f9 prestigioso Grande Giro del ciclismo. La Red Bull \u2013 BORA \u2013 hansgrohe si presenta alla corsa con chiare ambizioni di <strong>giocare un ruolo di primo piano<\/strong> nella lotta per la classifica generale.<\/p>\n<p>&#8220;<strong>Il Tour non si vince pi\u00f9 solo grazie a un corridore eccezionale, ma grazie a una squadra eccezionale<\/strong>. Crediamo di schierare una delle squadre pi\u00f9 complete al via. Con Remco e Florian, abbiamo due leader che hanno gi\u00e0 dimostrato di poter salire sul podio del Tour. I loro diversi punti di forza ci offrono opzioni tattiche che potrebbero rivelarsi decisive&#8221; spiega Zak Dempster, Direttore Sportivo del team tedesco.<\/p>\n<p>Con Evenepoel, Lipowitz e<strong> Jai Hindley<\/strong>, la Red Bull \u2013 BORA \u2013 hansgrohe porta con s\u00e9 <strong>tre corridori che hanno gi\u00e0 calcato il podio di un Grande Giro<\/strong>. Di conseguenza, la squadra si posiziona tra le formazioni pi\u00f9 complete nella lotta per la classifica generale. Allo stesso tempo, <strong>Maxim Van Gils, Mattia Cattaneo, Jan Tratnik, Nico Denz<\/strong> e <strong>Tim van Dijke<\/strong> offrono il necessario equilibrio tra forza in salita e controllo nelle tappe pianeggianti.<\/p>\n<p>&#8220;La forza di questa squadra va ben oltre Remco e Florian. <strong>Abbiamo scalatori esperti, corridori completi e capaci di assumersi responsabilit\u00e0 in ogni situazione di gara.<\/strong> Ogni Tour sviluppa una sua dinamica specifica e con questa squadra abbiamo una risposta a quasi ogni possibile scenario&#8221; aggiunge l&#8217;altro direttore sportivo Patxi Vila.<\/p>\n<p><strong>Red Bull \u2013 BORA \u2013 hansgrohe x Tour de France 2026<\/strong><br \/>Remco Evenepoel, Florian Lipowitz, Mattia Cattaneo, Nico Denz, Jai Hindley, Jan Tratnik, Tim van Dijke, Maxim Van Gils<br \/>Direttori Sportivi: Patxi Vila, Oliver Cookson, Klaas Lodewyck<\/p>\n","protected":false},"excerpt":{"rendered":"Remco Evenepoel e Florian Lipowitz guideranno la Red Bull \u2013 BORA \u2013 hansgrohe al Tour de France 2026&hellip;\n","protected":false},"author":3,"featured_media":556991,"comment_status":"","ping_status":"","sticky":false,"template":"","format":"standard","meta":{"footnotes":"","_share_on_mastodon":"0"},"categories":[1456],"tags":[1824,1825,1526,1537,90,89,9740,6647,245,244,1826],"class_list":["post-556990","post","type-post","status-publish","format-standard","has-post-thumbnail","category-ciclismo","tag-ciclismo","tag-cycling","tag-florian-lipowitz","tag-it","tag-italia","tag-italy","tag-red-bull-bora-hansgrohe","tag-remco-evenepoel","tag-sport","tag-sports","tag-tour-de-france"],"share_on_mastodon":{"url":"https:\/\/pubeurope.com\/@it\/116816133933614483","error":""},"_links":{"self":[{"href":"https:\/\/www.europesays.com\/it\/wp-json\/wp\/v2\/posts\/556990","targetHints":{"allow":["GET"]}}],"collection":[{"href":"https:\/\/www.europesays.com\/it\/wp-json\/wp\/v2\/posts"}],"about":[{"href":"https:\/\/www.europesays.com\/it\/wp-json\/wp\/v2\/types\/post"}],"author":[{"embeddable":true,"href":"https:\/\/www.europesays.com\/it\/wp-json\/wp\/v2\/users\/3"}],"replies":[{"embeddable":true,"href":"https:\/\/www.europesays.com\/it\/wp-json\/wp\/v2\/comments?post=556990"}],"version-history":[{"count":0,"href":"https:\/\/www.europesays.com\/it\/wp-json\/wp\/v2\/posts\/556990\/revisions"}],"wp:featuredmedia":[{"embeddable":true,"href":"https:\/\/www.europesays.com\/it\/wp-json\/wp\/v2\/media\/556991"}],"wp:attachment":[{"href":"https:\/\/www.europesays.com\/it\/wp-json\/wp\/v2\/media?parent=556990"}],"wp:term":[{"taxonomy":"category","embeddable":true,"href":"https:\/\/www.europesays.com\/it\/wp-json\/wp\/v2\/categories?post=556990"},{"taxonomy":"post_tag","embeddable":true,"href":"https:\/\/www.europesays.com\/it\/wp-json\/wp\/v2\/tags?post=556990"}],"curies":[{"name":"wp","href":"https:\/\/api.w.org\/{rel}","templated":true}]}}