{"id":557376,"date":"2026-06-26T16:46:17","date_gmt":"2026-06-26T16:46:17","guid":{"rendered":"https:\/\/www.europesays.com\/it\/557376\/"},"modified":"2026-06-26T16:46:17","modified_gmt":"2026-06-26T16:46:17","slug":"formazioni-senegal-iraq-le-ultime-sulla-partita-e-dove-vederla-in-tv-e-in-streaming","status":"publish","type":"post","link":"https:\/\/www.europesays.com\/it\/557376\/","title":{"rendered":"Formazioni Senegal-Iraq: le ultime sulla partita e dove vederla in tv e in streaming"},"content":{"rendered":"<p data-testid=\"article-teaser\">Poche speranze di qualificazione per Senegal e Iraq che si affrontano nella terza giornata del Gruppo I ai Mondiali: le ultime sulle formazioni e dove vedere la partita in tv e streaming.<\/p>\n<p><img loading=\"lazy\" decoding=\"async\" src=\"https:\/\/www.europesays.com\/it\/wp-content\/uploads\/2026\/06\/QjivUSwaaHvQ1SuWfWR23.png\" alt=\"crest\" width=\"20\" height=\"20\"\/>SEN<img loading=\"lazy\" decoding=\"async\" src=\"https:\/\/www.europesays.com\/it\/wp-content\/uploads\/2026\/06\/z5TVNTSqSR28hkocHtCpu.png\" alt=\"crest\" width=\"20\" height=\"20\"\/>IRQ<\/p>\n<p>L&#8217;ultima giornata del Gruppo I mette di fronte Senegal e Iraq in una sfida gi\u00e0 da dentro o fuori. Solo i tre punti potrebbero regalare a una delle due Nazionali la qualificazione ai sedicesimi di finale, visto che entrambe hanno perso contro Norvegia e Francia nelle prime due partite giocate in questi Mondiali.<\/p>\n<p>Il Senegal si affida al tridente formato da Sadio Man\u00e8, Nicolas Jackson e Ismaila Sarr, autore di una doppietta che non \u00e8 bastata ad evitare la sconfitta contro la Norvegia. Koulibaly come sempre guida la difesa. Nell&#8217;Iraq il punto di riferimento l\u00ec davanti \u00e8 Al Hamadi supportato da Qasem e Bayesh.<\/p>\n<p><b><strong>DOVE VEDERE LA PARTITA IN TV E STREAMING<\/strong><\/b><\/p>\n<p>Senegal-Iraq, gara valida per la terza giornata del Gruppo I dei Mondiali, si gioca venerd\u00ec 26 giugno al BMO Field di Toronto con fischio d&#8217;inizio fissato alle ore 21.00. La partita verr\u00e0 trasmessa su DAZN mentre non \u00e8 prevista la diretta in chiaro sulla Rai, dove sar\u00e0 possibile vedere l&#8217;altra sfida del girone ovvero Norvegia-Francia.<\/p>\n","protected":false},"excerpt":{"rendered":"Poche speranze di qualificazione per Senegal e Iraq che si affrontano nella terza giornata del Gruppo I ai&hellip;\n","protected":false},"author":3,"featured_media":557377,"comment_status":"","ping_status":"","sticky":false,"template":"","format":"standard","meta":{"footnotes":"","_share_on_mastodon":"0"},"categories":[1452],"tags":[721,100612,1740,37924,1537,90,89,36860,307408,1739,245,244,32959],"class_list":["post-557376","post","type-post","status-publish","format-standard","has-post-thumbnail","category-calcio","tag-calcio","tag-coppa-del-mondo","tag-football","tag-iraq","tag-it","tag-italia","tag-italy","tag-senegal","tag-senegal-vs-iraq","tag-soccer","tag-sport","tag-sports","tag-world-cup"],"share_on_mastodon":{"url":"https:\/\/pubeurope.com\/@it\/116817428524683878","error":""},"_links":{"self":[{"href":"https:\/\/www.europesays.com\/it\/wp-json\/wp\/v2\/posts\/557376","targetHints":{"allow":["GET"]}}],"collection":[{"href":"https:\/\/www.europesays.com\/it\/wp-json\/wp\/v2\/posts"}],"about":[{"href":"https:\/\/www.europesays.com\/it\/wp-json\/wp\/v2\/types\/post"}],"author":[{"embeddable":true,"href":"https:\/\/www.europesays.com\/it\/wp-json\/wp\/v2\/users\/3"}],"replies":[{"embeddable":true,"href":"https:\/\/www.europesays.com\/it\/wp-json\/wp\/v2\/comments?post=557376"}],"version-history":[{"count":0,"href":"https:\/\/www.europesays.com\/it\/wp-json\/wp\/v2\/posts\/557376\/revisions"}],"wp:featuredmedia":[{"embeddable":true,"href":"https:\/\/www.europesays.com\/it\/wp-json\/wp\/v2\/media\/557377"}],"wp:attachment":[{"href":"https:\/\/www.europesays.com\/it\/wp-json\/wp\/v2\/media?parent=557376"}],"wp:term":[{"taxonomy":"category","embeddable":true,"href":"https:\/\/www.europesays.com\/it\/wp-json\/wp\/v2\/categories?post=557376"},{"taxonomy":"post_tag","embeddable":true,"href":"https:\/\/www.europesays.com\/it\/wp-json\/wp\/v2\/tags?post=557376"}],"curies":[{"name":"wp","href":"https:\/\/api.w.org\/{rel}","templated":true}]}}