{"id":557416,"date":"2026-06-26T17:22:12","date_gmt":"2026-06-26T17:22:12","guid":{"rendered":"https:\/\/www.europesays.com\/it\/557416\/"},"modified":"2026-06-26T17:22:12","modified_gmt":"2026-06-26T17:22:12","slug":"ambra-angiolini-felice-e-innamorata-del-mio-fidanzato-amo-il-sorriso-che-porta-via-la-negativita-siamo-anime-affini","status":"publish","type":"post","link":"https:\/\/www.europesays.com\/it\/557416\/","title":{"rendered":"Ambra Angiolini felice e innamorata: \u00abDel mio fidanzato amo il sorriso che porta via la negativit\u00e0. Siamo anime affini\u00bb"},"content":{"rendered":"<p class=\"has-dropcap body dropcap\">\u00c8 felice <strong>Ambra Angiolini<\/strong> e ha voglia di dirlo forte e chiaro. Merito di una maturit\u00e0 che a 49 anni la fa sentire in pace con se stessa, di una carriera che procede pi\u00f9 che positivamente soprattutto a teatro (\u00e8 in tour con lo spettacolo La misteriosa scomparsa di W, che la vede per la prima volta lla regia) e di un <strong>grande amore<\/strong> che le riempie il cuore, quello con il presidente e amministratore delegato di Warner Music Italy, <strong>Pico Cibelli<\/strong>.<\/p>\n<p>A dirlo \u00e8 stata lei stessa in una lunga intervista rilasciata al settimanale F, nella quale ha definito la sua e quella del fidanzato due anime affini che si sono trovate, a un certo punto della vita, l\u2019una accanto all\u2019altra.<\/p>\n<p>Complice il lavoro di Cibelli e quello dell\u2019ex storico di Ambra, <a href=\"https:\/\/www.vanityfair.it\/article\/francesco-renga-ambra-angiolini-ci-siamo-fatti-male-oggi-siamo-felici-nostra-storia-eccessiva-esposizione-mediatica\" target=\"_blank\" rel=\"nofollow noopener\">Francesco Renga<\/a>, <strong>i due si conoscono da tempo<\/strong>. \u00abLui lavorava con Francesco ma le nostre vite non si sono mai davvero intrecciate\u00bb. Incontri estemporanei che per anni non si sono trasformati in nulla fino a quando, dopo essersi persi di vista per un po\u2019, Ambra e Pico <strong>si sono ritrovati, anche se solo virtualmente.<\/strong><\/p>\n<p>L\u2019attrice infatti racconta di aver pubblicato sui social una riflessione: \u00abDurante un podcast sull\u2019amore ho capito una cosa mentre la stavo dicendo. Mi sarebbe piaciuto innamorarmi di qualcuno per come sta al mondo\u00bb. Una frase che ha colpito il manager, che ha commentato: \u00abDifficile. Ma incredibilmente giusto\u00bb. Poche e semplici parole che hanno fatto scattare una connessione immediata. <strong>\u00abAbbiamo tolto difficile al commento lasciando incredibilmente giusto\u00bb.<\/strong><\/p>\n<p>I due oggi vivono il loro amore sereni, incastrando in modo naturale figli, lavoro, amici e una <strong>quotidianit\u00e0<\/strong> che Ambra Angiolini ha detto di non aver pi\u00f9 condiviso con nessuno dopo la fine della relazione con Francesco Renga.<\/p>\n<p>Ambra Angiolini e Pico Cibelli si frequentano da qualche mese. Dopo alcuni avvistamenti, a <strong>marzo 2026<\/strong> era arrivato il <a href=\"https:\/\/www.vanityfair.it\/article\/ambra-angiolini-pico-cibelli-arriva-instagram-official-progetti-nuovi-lasciamoli-parlare\" target=\"_blank\" rel=\"nofollow noopener\">primo selfie di coppia pubblicato sui social<\/a>, che nell\u2019era moderna vale come l\u2019ufficializzazione di un amore adulto che non ha bisogno di artifici per sopravvivere. \u00abMi ha vista struccata dal primo giorno\u00bb, ha dichiarato con ironia sempre nel corso dell\u2019intervista l\u2019attrice.<\/p>\n","protected":false},"excerpt":{"rendered":"\u00c8 felice Ambra Angiolini e ha voglia di dirlo forte e chiaro. Merito di una maturit\u00e0 che a&hellip;\n","protected":false},"author":3,"featured_media":557417,"comment_status":"","ping_status":"","sticky":false,"template":"","format":"standard","meta":{"footnotes":"","_share_on_mastodon":"0"},"categories":[174],"tags":[8534,203,204,1537,90,89,8533,45973,6124],"class_list":["post-557416","post","type-post","status-publish","format-standard","has-post-thumbnail","category-intrattenimento","tag-celebrity","tag-entertainment","tag-intrattenimento","tag-it","tag-italia","tag-italy","tag-people","tag-splitscreenimageleftfullbleed","tag-web"],"share_on_mastodon":{"url":"https:\/\/pubeurope.com\/@it\/116817569392560257","error":""},"_links":{"self":[{"href":"https:\/\/www.europesays.com\/it\/wp-json\/wp\/v2\/posts\/557416","targetHints":{"allow":["GET"]}}],"collection":[{"href":"https:\/\/www.europesays.com\/it\/wp-json\/wp\/v2\/posts"}],"about":[{"href":"https:\/\/www.europesays.com\/it\/wp-json\/wp\/v2\/types\/post"}],"author":[{"embeddable":true,"href":"https:\/\/www.europesays.com\/it\/wp-json\/wp\/v2\/users\/3"}],"replies":[{"embeddable":true,"href":"https:\/\/www.europesays.com\/it\/wp-json\/wp\/v2\/comments?post=557416"}],"version-history":[{"count":0,"href":"https:\/\/www.europesays.com\/it\/wp-json\/wp\/v2\/posts\/557416\/revisions"}],"wp:featuredmedia":[{"embeddable":true,"href":"https:\/\/www.europesays.com\/it\/wp-json\/wp\/v2\/media\/557417"}],"wp:attachment":[{"href":"https:\/\/www.europesays.com\/it\/wp-json\/wp\/v2\/media?parent=557416"}],"wp:term":[{"taxonomy":"category","embeddable":true,"href":"https:\/\/www.europesays.com\/it\/wp-json\/wp\/v2\/categories?post=557416"},{"taxonomy":"post_tag","embeddable":true,"href":"https:\/\/www.europesays.com\/it\/wp-json\/wp\/v2\/tags?post=557416"}],"curies":[{"name":"wp","href":"https:\/\/api.w.org\/{rel}","templated":true}]}}