{"id":557529,"date":"2026-06-26T19:09:19","date_gmt":"2026-06-26T19:09:19","guid":{"rendered":"https:\/\/www.europesays.com\/it\/557529\/"},"modified":"2026-06-26T19:09:19","modified_gmt":"2026-06-26T19:09:19","slug":"f1-la-ferrari-si-nasconde-in-austria-vasseur-scherza-copiamo-barcellona-news","status":"publish","type":"post","link":"https:\/\/www.europesays.com\/it\/557529\/","title":{"rendered":"F1 | La Ferrari si nasconde in Austria? Vasseur scherza: &#8220;Copiamo Barcellona!&#8221; &#8211; News"},"content":{"rendered":"<p>Una Ferrari che gioca a nascondino?<\/p>\n<p>La <strong>Ferrari <\/strong>vista nel <strong>venerd\u00ec del Red Bull Ring<\/strong> \u00e8 sembrata essere una <strong>brutta copia<\/strong> di quella ammirata a Barcellona, tanto che Lewis Hamilton ha accusato un ritardo di sei decimi e Charles Leclerc di otto, su un miglior tempo \u2013 quello di George Russell \u2013 di appena 67 secondi. <br \/>Il distacco \u00e8 stato <a href=\"https:\/\/www.formulapassion.it\/f1\/f1-risultati\/gp-austria-red-bull-ring-classifica-prove-libere-fp2-ferrari-hamilton-leclerc-antonelli-mercedes-russell-mclaren-norris-piastri\" target=\"_blank\" title=\"talmente ampio\" rel=\"nofollow noopener\">talmente ampio<\/a> che subito \u00e8 partito il dibattito se si tratti di <strong>reale difficolt\u00e0 o di una Rossa che si starebbe nascondendo<\/strong>, dato che ha montato anche la PU aggiornata grazie all\u2019ADUO.<\/p>\n<p>Per rompere il ghiaccio, <strong>Frederic Vasseur<\/strong> si \u00e8 lasciato andare ad una battuta di spirito, che si \u00e8 immediatamente trasformata in un meme che sta facendo il giro dei social: \u201c<strong>Stiamo copiando Barcellona! Ahahah!\u201d.<\/strong><br \/>Si tratta ovviamente di uno <strong>scherzo<\/strong>, ma rientra nel ruolo del team principal Ferrari quello di smorzare gli alti e i bassi, come ha pi\u00f9 volte raccontato nel corso degli anni.<\/p>\n<p>L\u2019analisi di Vasseur<\/p>\n<p>Entrando nel merito delle sessioni in pista in Austria, ai microfoni di F1TV, <strong>Vasseur <\/strong>ha spiegato: \u201c<strong>\u00c8 stato un venerd\u00ec difficile. <\/strong>Abbiamo faticato un po\u2019 con le condizioni, che erano un po\u2019 estreme tra altitudine e temperatura. So che per tutti \u00e8 cos\u00ec, ma non ci siamo adattati molto bene. Abbiamo la notte per correggere e per essere pronti per domani. Vogliamo fare il meglio, come sempre. Vedremo il risultato domenica sera, ma<strong> finora siamo lontani dal nostro potenziale.<\/strong> Questo significa che dobbiamo lavorare su di noi e concentrarci su di noi e cercare di mettere tutto insieme\u201d. <\/p>\n<p>Vasseur ha poi abbassato le aspettative per la <strong>power unit Ferrari aggiornata<\/strong>: \u201cSapevamo dell\u2019ADUO da una o due settimane. Non ci si pu\u00f2 attendere un enorme balzo in avanti. S\u00ec, <strong>abbiamo montato un motore nuovo, ma non \u00e8 un passo avanti significativo\u201d. <\/strong><\/p>\n","protected":false},"excerpt":{"rendered":"Una Ferrari che gioca a nascondino? La Ferrari vista nel venerd\u00ec del Red Bull Ring \u00e8 sembrata essere&hellip;\n","protected":false},"author":3,"featured_media":557530,"comment_status":"","ping_status":"","sticky":false,"template":"","format":"standard","meta":{"footnotes":"","_share_on_mastodon":"0"},"categories":[176],"tags":[1781,33137,1537,90,89,1782,245,244],"class_list":["post-557529","post","type-post","status-publish","format-standard","has-post-thumbnail","category-sport","tag-frederic-vasseur","tag-gp-austria","tag-it","tag-italia","tag-italy","tag-scuderia-ferrari","tag-sport","tag-sports"],"share_on_mastodon":{"url":"https:\/\/pubeurope.com\/@it\/116817989967197169","error":""},"_links":{"self":[{"href":"https:\/\/www.europesays.com\/it\/wp-json\/wp\/v2\/posts\/557529","targetHints":{"allow":["GET"]}}],"collection":[{"href":"https:\/\/www.europesays.com\/it\/wp-json\/wp\/v2\/posts"}],"about":[{"href":"https:\/\/www.europesays.com\/it\/wp-json\/wp\/v2\/types\/post"}],"author":[{"embeddable":true,"href":"https:\/\/www.europesays.com\/it\/wp-json\/wp\/v2\/users\/3"}],"replies":[{"embeddable":true,"href":"https:\/\/www.europesays.com\/it\/wp-json\/wp\/v2\/comments?post=557529"}],"version-history":[{"count":0,"href":"https:\/\/www.europesays.com\/it\/wp-json\/wp\/v2\/posts\/557529\/revisions"}],"wp:featuredmedia":[{"embeddable":true,"href":"https:\/\/www.europesays.com\/it\/wp-json\/wp\/v2\/media\/557530"}],"wp:attachment":[{"href":"https:\/\/www.europesays.com\/it\/wp-json\/wp\/v2\/media?parent=557529"}],"wp:term":[{"taxonomy":"category","embeddable":true,"href":"https:\/\/www.europesays.com\/it\/wp-json\/wp\/v2\/categories?post=557529"},{"taxonomy":"post_tag","embeddable":true,"href":"https:\/\/www.europesays.com\/it\/wp-json\/wp\/v2\/tags?post=557529"}],"curies":[{"name":"wp","href":"https:\/\/api.w.org\/{rel}","templated":true}]}}