{"id":557626,"date":"2026-06-26T20:30:12","date_gmt":"2026-06-26T20:30:12","guid":{"rendered":"https:\/\/www.europesays.com\/it\/557626\/"},"modified":"2026-06-26T20:30:12","modified_gmt":"2026-06-26T20:30:12","slug":"perche-deschamps-non-e-in-panchina-per-norvegia-francia-chi-e-il-vice-guy-stephan","status":"publish","type":"post","link":"https:\/\/www.europesays.com\/it\/557626\/","title":{"rendered":"Perch\u00e9 Deschamps non \u00e8 in panchina per Norvegia-Francia: chi \u00e8 il vice Guy St\u00e9phan"},"content":{"rendered":"<p>Guy St\u00e9phan compir\u00e0 70 anni il prossimo 17 ottobre ed \u00e8 stato un calciatore professionista tra gli anni Settanta e Ottanta, con le maglie di Brest, Guingamp e Rennes.<\/p>\n<p>Dopo il ritiro, ha intrapreso la carriera da allenatore. Dopo aver guidato diversi club francesi, tra cui Bordeaux e Lione, ha fatto parte dello staff tecnico della Francia Campione d&#8217;Europa nel 2000 con Lemerre in panchina, edizione dolorosa per l&#8217;Italia sconfitta proprio dai Bleus.<\/p>\n<p>E&#8217; stato commissario tecnico del Senegal dal 2002 al 2005 ma senza avere fortuna nella Coppa d&#8217;Africa del 2006\/07. Ha lavorato poi come assistente al Besiktas e nel 2009 \u00e8 iniziato il binomio con Deschamps: la prima esperienza al Marsiglia, poi con la Francia quando Did\u00ec ha preso il posto di Laurent Blanc al termine degli Europei del 2012.<\/p>\n<p>Con i transalpini si \u00e8 laureato Campione del Mondo nel 2018 e ha raggiunto la finale dei Mondiali 2022 in Qatar perdendo ai rigori contro la Francia.<\/p>\n","protected":false},"excerpt":{"rendered":"Guy St\u00e9phan compir\u00e0 70 anni il prossimo 17 ottobre ed \u00e8 stato un calciatore professionista tra gli anni&hellip;\n","protected":false},"author":3,"featured_media":557627,"comment_status":"","ping_status":"","sticky":false,"template":"","format":"standard","meta":{"footnotes":"","_share_on_mastodon":"0"},"categories":[176],"tags":[100612,307491,2240,4300,307492,1537,90,89,3038,307242,129015,307243,245,244,32959],"class_list":["post-557626","post","type-post","status-publish","format-standard","has-post-thumbnail","category-sport","tag-coppa-del-mondo","tag-d-deschamps","tag-france","tag-francia","tag-g-stephan","tag-it","tag-italia","tag-italy","tag-norvegia","tag-norvegia-vs-francia","tag-norway","tag-norway-vs-france","tag-sport","tag-sports","tag-world-cup"],"share_on_mastodon":{"url":"https:\/\/pubeurope.com\/@it\/116818308456777931","error":""},"_links":{"self":[{"href":"https:\/\/www.europesays.com\/it\/wp-json\/wp\/v2\/posts\/557626","targetHints":{"allow":["GET"]}}],"collection":[{"href":"https:\/\/www.europesays.com\/it\/wp-json\/wp\/v2\/posts"}],"about":[{"href":"https:\/\/www.europesays.com\/it\/wp-json\/wp\/v2\/types\/post"}],"author":[{"embeddable":true,"href":"https:\/\/www.europesays.com\/it\/wp-json\/wp\/v2\/users\/3"}],"replies":[{"embeddable":true,"href":"https:\/\/www.europesays.com\/it\/wp-json\/wp\/v2\/comments?post=557626"}],"version-history":[{"count":0,"href":"https:\/\/www.europesays.com\/it\/wp-json\/wp\/v2\/posts\/557626\/revisions"}],"wp:featuredmedia":[{"embeddable":true,"href":"https:\/\/www.europesays.com\/it\/wp-json\/wp\/v2\/media\/557627"}],"wp:attachment":[{"href":"https:\/\/www.europesays.com\/it\/wp-json\/wp\/v2\/media?parent=557626"}],"wp:term":[{"taxonomy":"category","embeddable":true,"href":"https:\/\/www.europesays.com\/it\/wp-json\/wp\/v2\/categories?post=557626"},{"taxonomy":"post_tag","embeddable":true,"href":"https:\/\/www.europesays.com\/it\/wp-json\/wp\/v2\/tags?post=557626"}],"curies":[{"name":"wp","href":"https:\/\/api.w.org\/{rel}","templated":true}]}}