{"id":557684,"date":"2026-06-26T21:17:12","date_gmt":"2026-06-26T21:17:12","guid":{"rendered":"https:\/\/www.europesays.com\/it\/557684\/"},"modified":"2026-06-26T21:17:12","modified_gmt":"2026-06-26T21:17:12","slug":"milan-goncalo-ramos-e-fatta-sara-lacquisto-piu-caro-nella-storia-del-diavolo","status":"publish","type":"post","link":"https:\/\/www.europesays.com\/it\/557684\/","title":{"rendered":"Milan-Gon\u00e7alo Ramos, \u00e8 fatta. Sar\u00e0 l&#8217;acquisto pi\u00f9 caro nella storia del Diavolo"},"content":{"rendered":"<p>                                Nelle ultime ore l&#8217;accelerata decisiva del club rossonero. Il portoghese arriva dal Psg e ha gi\u00e0 sostenuto le visite mediche<\/p>\n<p class=\"paragraph\" spellcheck=\"true\">Una sgasata potente, di quelle buone e utili per non rischiare di restare invischiati con la concorrenza. Il Milan, con un&#8217;accelerata decisiva nelle ultime ore, mette le mani su Gon\u00e7alo Ramos. Stavolta per davvero. Accordo trovato, il 25enne portoghese sar\u00e0 il nuovo centravanti rossonero. La cifra \u00e8 importante. Anzi, molto importante perch\u00e9 &#8211; considerando anche i bonus &#8211; \u00e8 compresa tra i 60 e i 70 milioni. Vale a dire l&#8217;esborso pi\u00f9 alto nella storia del Milan, il secondo per un attaccante in Serie A dal 2019 (ovvero Lukaku, che l&#8217;Inter prelev\u00f2 dallo United). Il giocatore, attualmente impegnato al Mondiale con la nazionale portoghese, ha gi\u00e0 effettuato le visite mediche.<\/p>\n<p>        segnale concreto\u2014 \u00a0<\/p>\n<p class=\"paragraph\" spellcheck=\"true\">Gi\u00e0 lungo la giornata di ieri si stava capendo che il club rossonero voleva andare a dama in tempi rapidi. Sullo sfondo c&#8217;era l&#8217;insidia dell&#8217;Atletico Madrid, e comunque il Milan aveva bisogno di iniziare a dare un segnale concreto su un mercato sin qui forzatamente immobile. Le basi per una fumata bianca, che verr\u00e0 formalizzata pi\u00f9 avanti, comunque c&#8217;erano ormai tutte: l&#8217;offerta di via Aldo Rossi e il gradimento reciproco di allenatore e giocatore, felice di poter lavorare con Amorim. Ramos era ovviamente il nome in cima alla lista del tecnico. La presenza milanese odierna di Cardinale, impegnato in un summit di mercato con tutto il management, \u00e8 equivalsa al timbro di ceralacca finale. Il semaforo verde da parte della propriet\u00e0, con il numero uno di RedBird che \u00e8stato direttamente coinvolto nella negoziazione e ha potuto contare anche sul suo buon rapporto con Al-Khelaifi. Gon\u00e7alo Ramos lascer\u00e0 Parigi e il Psg &#8211; dove ha arricchito considerevolmente la bacheca (12 titoli, fra cui 2 Champions), pur non essendo un titolare &#8211; dopo tre stagioni e 45 gol.<\/p>\n<p><a class=\"is-partner-link\" href=\"https:\/\/aipredictor.gazzetta.it\/?intcmp=calciomercato\" rel=\"nofollow noopener\" target=\"_blank\">Promo Mondiale 1\u20ac al mese per 3 mesi &#8211; Scopri chi vince con Gazzetta AI Predictor!<\/a><\/p>\n<p>        le motivazioni\u2014 \u00a0<\/p>\n<p class=\"paragraph\" spellcheck=\"true\">Un profilo su cui il Diavolo \u00e8 fortemente motivato &#8211; come peraltro dimostra l&#8217;investimento -, nella convinzione di aver acquisito gli anni migliori nella carriera del giocatore, inserendolo in un contesto ideale per valorizzarlo. Ecco perch\u00e9 il Milan si \u00e8 mosso per primo su un attaccante ambito da altre piazza europee. A fare la differenza &#8211; anche &#8211; la sua volont\u00e0 di sposare la causa rossonera. Amorim, pur essendo aperto ad altri nomi, aveva messo Ramos in cima alla lista di gradimento nell&#8217;ambito di una shortlist in linea con il profilo richiesto dal sistema di gioco. E&#8217; un messaggio di fiducia da parte della propriet\u00e0 anche all&#8217;indirizzo dell&#8217;allenatore. Gon\u00e7alo peraltro era seguito da oltre quattro anni dallo scouting e dai data analyst rossoneri.<\/p>\n<p class=\"is-copyright\">\u00a9 RIPRODUZIONE RISERVATA<\/p>\n","protected":false},"excerpt":{"rendered":"Nelle ultime ore l&#8217;accelerata decisiva del club rossonero. Il portoghese arriva dal Psg e ha gi\u00e0 sostenuto le&hellip;\n","protected":false},"author":3,"featured_media":557685,"comment_status":"","ping_status":"","sticky":false,"template":"","format":"standard","meta":{"footnotes":"","_share_on_mastodon":"0"},"categories":[1452],"tags":[23269,307513,1960,1017,50020,562,721,554,31555,2570,7116,8001,1740,564,39996,39997,21951,27483,48,1537,90,89,113,604,1412,553,134,13201,2717,14154,24823,9611,1739,245,244],"class_list":["post-557684","post","type-post","status-publish","format-standard","has-post-thumbnail","category-calcio","tag-accelerata","tag-accelerata-decisiva","tag-allenatore","tag-ambito","tag-amorim","tag-attaccante","tag-calcio","tag-club","tag-club-rossonero","tag-concreto","tag-decisiva","tag-diavolo","tag-football","tag-giocatore","tag-goncalo","tag-goncalo-ramos","tag-gradimento","tag-impegnato","tag-importante","tag-it","tag-italia","tag-italy","tag-lista","tag-mediche","tag-mercato","tag-milan","tag-peraltro","tag-portoghese","tag-profilo","tag-proprieta","tag-ramos","tag-rossonero","tag-soccer","tag-sport","tag-sports"],"share_on_mastodon":{"url":"https:\/\/pubeurope.com\/@it\/116818493319762276","error":""},"_links":{"self":[{"href":"https:\/\/www.europesays.com\/it\/wp-json\/wp\/v2\/posts\/557684","targetHints":{"allow":["GET"]}}],"collection":[{"href":"https:\/\/www.europesays.com\/it\/wp-json\/wp\/v2\/posts"}],"about":[{"href":"https:\/\/www.europesays.com\/it\/wp-json\/wp\/v2\/types\/post"}],"author":[{"embeddable":true,"href":"https:\/\/www.europesays.com\/it\/wp-json\/wp\/v2\/users\/3"}],"replies":[{"embeddable":true,"href":"https:\/\/www.europesays.com\/it\/wp-json\/wp\/v2\/comments?post=557684"}],"version-history":[{"count":0,"href":"https:\/\/www.europesays.com\/it\/wp-json\/wp\/v2\/posts\/557684\/revisions"}],"wp:featuredmedia":[{"embeddable":true,"href":"https:\/\/www.europesays.com\/it\/wp-json\/wp\/v2\/media\/557685"}],"wp:attachment":[{"href":"https:\/\/www.europesays.com\/it\/wp-json\/wp\/v2\/media?parent=557684"}],"wp:term":[{"taxonomy":"category","embeddable":true,"href":"https:\/\/www.europesays.com\/it\/wp-json\/wp\/v2\/categories?post=557684"},{"taxonomy":"post_tag","embeddable":true,"href":"https:\/\/www.europesays.com\/it\/wp-json\/wp\/v2\/tags?post=557684"}],"curies":[{"name":"wp","href":"https:\/\/api.w.org\/{rel}","templated":true}]}}