{"id":557791,"date":"2026-06-26T22:52:15","date_gmt":"2026-06-26T22:52:15","guid":{"rendered":"https:\/\/www.europesays.com\/it\/557791\/"},"modified":"2026-06-26T22:52:15","modified_gmt":"2026-06-26T22:52:15","slug":"roma-casalotti-famiglia-sterminata-a-coltellate-madre-padre-e-bambina-di-cinque-anni-ferito-un-altro-figlio-minore","status":"publish","type":"post","link":"https:\/\/www.europesays.com\/it\/557791\/","title":{"rendered":"Roma Casalotti, famiglia sterminata a coltellate: madre, padre e bambina di cinque anni. Ferito un altro figlio minore"},"content":{"rendered":"<p>    di<br \/>\n    Rinaldo Frignani<\/p>\n<p class=\"summary-art is-line-h-12\">La polizia indaga sul triplice omicidio scoperto nella tarda serata di venerd\u00ec in un appartamento di via Montiglio. Il giovane ferito \u00e8 stato ricoverato in ospedale. Le vittime sono tutte di nazionalit\u00e0 bengalese<\/p>\n<p class=\"chapter-paragraph\">Strage a Roma nella zona della Pineta Sacchetti. Madre, padre e la figlia di cinque anni sono stati uccisi a coltellate nella loro abitazione in via Montiglio. <b>La scoperta \u00e8 stata fatta nella tarda serata di venerd\u00ec e sul caso indaga la polizia.<\/b> Un altro figlio dela coppia, anche lui minorenne, \u00e8 rimasto ferito ed \u00e8 stato ricoverato al vicino Policlinico Gemelli. Non sarebbe in gravi condizioni. Sono tutti di nazionalit\u00e0 bengalese. Accertamenti in corso da parte della Squadra mobile e della polizia scientifica.\u00a0<\/p>\n<p>    L&#8217;allarme dato dai vicini di casa<\/p>\n<p class=\"chapter-paragraph\">Le vittime hanno 38 e 39 anni, mentre l&#8217;altro figlio ferito \u00e8 un ventenne. Secondo i primi accertamenti non si tratterebbe di un tentativo di furto o rapina finito male. A dare l&#8217;allarme sono stati alcuni vicini di casa che hanno sentito <b>le grida provenire dall&#8217;appartamento delle vittime<\/b>. Non si esclude che i componenti della famiglia conoscessero chi li ha uccisi. Non \u00e8 chiaro se per motivi familiari o lavorativi. Gli investigatori hanno cominciato a sentire alcune persone, amici e conoscenti delle vittime, come anche altri membri della numerosa comunit\u00e0 bengalese per ricostruire il giro di contatti che avevano i genitori della piccola e dell&#8217;altro ragazzo.\u00a0    &#13;<br \/>\n&#13;<br \/>\n&#13;<br \/>\n&#13;<br \/>\n&#13;<br \/>\n&#13;<br \/>\n&#13;<br \/>\n&#13;<br \/>\n&#13;<br \/>\n&#13;<br \/>\n&#13;<br \/>\n&#13;<br \/>\n&#13;<br \/>\n&#13;<br \/>\n&#13;<br \/>\n&#13;<br \/>\n&#13;<br \/>\n&#13;<br \/>\n&#13;<br \/>\n&#13;<br \/>\n&#13;<br \/>\n&#13;<br \/>\n&#13;<br \/>\n&#13;<br \/>\n&#13;<br \/>\n&#13;<br \/>\n&#13;<br \/>\n&#13;<br \/>\n&#13;<br \/>\n&#13;<br \/>\n&#13;<br \/>\n&#13;<br \/>\n&#13;<br \/>\n&#13;<br \/>\n&#13;<br \/>\n&#13;<br \/>\n&#13;<br \/>\n&#13;<br \/>\n&#13;<br \/>\n&#13;<br \/>\n&#13;<br \/>\n&#13;<br \/>\n&#13;<br \/>\n&#13;<br \/>\n&#13;<br \/>\n&#13;<br \/>\n&#13;<br \/>\n&#13;<br \/>\n&#13;<br \/>\n&#13;<br \/>\n&#13;<br \/>\n&#13;<br \/>\n&#13;\n<\/p>\n<p class=\"is-mr-t-20 is-mr-b-20\"><b><br \/>\n                    <a href=\"https:\/\/roma.corriere.it\/?intcmp=Notizielocali_nd_010623_corriere_ss_roma\" target=\"_blank\" rel=\"nofollow noopener\">Vai a tutte le notizie di Roma<\/a><br \/>\n            <\/b><\/p>\n<p class=\"chapter-paragraph\"><b><a href=\"https:\/\/www.corriere.it\/newsletter\/?theme=52&amp;intcmp=NL-artic_nd_050624_corriere_ss_roma\" target=\"_blank\" rel=\"nofollow noopener\">Iscriviti alla newsletter di Corriere Roma<\/a><\/b><\/p>\n<p class=\"is-last-update\" datetime=\"2026-06-27T00:35:32+02:00\">26 giugno 2026 ( modifica il 27 giugno 2026 | 00:35)<\/p>\n<p class=\"is-copyright\">\n            \u00a9 RIPRODUZIONE RISERVATA\n        <\/p>\n","protected":false},"excerpt":{"rendered":"di Rinaldo Frignani La polizia indaga sul triplice omicidio scoperto nella tarda serata di venerd\u00ec in un appartamento&hellip;\n","protected":false},"author":3,"featured_media":557792,"comment_status":"","ping_status":"","sticky":false,"template":"","format":"standard","meta":{"footnotes":"","_share_on_mastodon":"0"},"categories":[79],"tags":[2801,2271,6656,141485,631,39394,14,93,94,1909,10474,307571,2716,12468,1537,90,89,4045,7,15,531,11,84,91,12,85,92,838],"class_list":["post-557791","post","type-post","status-publish","format-standard","has-post-thumbnail","category-italia","tag-accertamenti","tag-allarme","tag-appartamento","tag-bengalese","tag-cinque","tag-coltellate","tag-cronaca","tag-cronaca-italiana","tag-cronacaitaliana","tag-famiglia","tag-ferito","tag-ferito-ricoverato","tag-figlio","tag-indaga","tag-it","tag-italia","tag-italy","tag-madre","tag-news","tag-notizie","tag-polizia","tag-ultime-notizie","tag-ultime-notizie-e-news-di-oggi","tag-ultime-notizie-italia","tag-ultimenotizie","tag-ultimenotizieenewsdioggi","tag-ultimenotizieitalia","tag-vittime"],"share_on_mastodon":{"url":"https:\/\/pubeurope.com\/@it\/116818866672777421","error":""},"_links":{"self":[{"href":"https:\/\/www.europesays.com\/it\/wp-json\/wp\/v2\/posts\/557791","targetHints":{"allow":["GET"]}}],"collection":[{"href":"https:\/\/www.europesays.com\/it\/wp-json\/wp\/v2\/posts"}],"about":[{"href":"https:\/\/www.europesays.com\/it\/wp-json\/wp\/v2\/types\/post"}],"author":[{"embeddable":true,"href":"https:\/\/www.europesays.com\/it\/wp-json\/wp\/v2\/users\/3"}],"replies":[{"embeddable":true,"href":"https:\/\/www.europesays.com\/it\/wp-json\/wp\/v2\/comments?post=557791"}],"version-history":[{"count":0,"href":"https:\/\/www.europesays.com\/it\/wp-json\/wp\/v2\/posts\/557791\/revisions"}],"wp:featuredmedia":[{"embeddable":true,"href":"https:\/\/www.europesays.com\/it\/wp-json\/wp\/v2\/media\/557792"}],"wp:attachment":[{"href":"https:\/\/www.europesays.com\/it\/wp-json\/wp\/v2\/media?parent=557791"}],"wp:term":[{"taxonomy":"category","embeddable":true,"href":"https:\/\/www.europesays.com\/it\/wp-json\/wp\/v2\/categories?post=557791"},{"taxonomy":"post_tag","embeddable":true,"href":"https:\/\/www.europesays.com\/it\/wp-json\/wp\/v2\/tags?post=557791"}],"curies":[{"name":"wp","href":"https:\/\/api.w.org\/{rel}","templated":true}]}}