{"id":557842,"date":"2026-06-26T23:48:21","date_gmt":"2026-06-26T23:48:21","guid":{"rendered":"https:\/\/www.europesays.com\/it\/557842\/"},"modified":"2026-06-26T23:48:21","modified_gmt":"2026-06-26T23:48:21","slug":"strazio-per-la-morte-di-michele-vittima-di-un-incidente-stradale-insieme-al-suo-amato-cagnolino","status":"publish","type":"post","link":"https:\/\/www.europesays.com\/it\/557842\/","title":{"rendered":"Strazio per la morte di Michele, vittima di un incidente stradale insieme al suo amato cagnolino"},"content":{"rendered":"<p>La Spezia, 26 giugno 2026 &#8211; Lo spezzino <a rel=\"follow nofollow noopener\" href=\"https:\/\/www.lanazione.it\/la-spezia\/cronaca\/incidente-morto-motociclista-spezia-8bc6463a\" target=\"_blank\"><strong>Michele Pinza<\/strong><\/a>, <strong>35 anni<\/strong>, \u00e8 la vittima del violentissimo <a rel=\"follow nofollow noopener\" href=\"https:\/\/www.lanazione.it\/la-spezia\/cronaca\/incidente-morto-motociclista-spezia-8bc6463a\" target=\"_blank\"><strong>scontro frontale<\/strong><\/a> avvenuto questa mattina, venerd\u00ec 26 giugno, intorno alle 8.30 in <strong>via del Camposanto<\/strong>, nei pressi dell\u2019ingresso del <strong>cimitero dei Boschetti <\/strong>alla Spezia.<\/p>\n<p>Approfondisci:<\/p>\n<p><a href=\"https:\/\/www.lanazione.it\/pisa\/cronaca\/incidente-mortale-in-autostrada-tragedia-nel-pisano-donna-perde-la-vita-ir44aqxa\" class=\"ArticleEmbed_article__embed__content__Jzqnz\" rel=\"nofollow noopener\" target=\"_blank\">Incidente mortale in autostrada: tragedia nel Pisano, donna perde la vita<img alt=\"Incidente mortale in autostrada: tragedia nel Pisano, donna perde la vita\" loading=\"lazy\" width=\"140\" height=\"78\" decoding=\"async\" data-nimg=\"1\" style=\"color:transparent\"  src=\"https:\/\/www.europesays.com\/it\/wp-content\/uploads\/2026\/06\/1782517701_259_image.webp\"\/><\/a><br \/>\nLa dinamica dell&#8217;incidente <\/p>\n<p>Pinza era in sella alla sua motocicletta quando \u00e8 avvenuto il frontale con un camioncino bianco, alla cui guida c\u2019era un uomo del 1971. Il personale della Pubblica assistenza accorso sul posto ha tentato a lungo di rianimare il giovane, ma qualsiasi sforzo \u00e8 stato inutile.<\/p>\n<p>Le ferite riportate sono risultate davvero troppo gravi. Il centauro trasportava in uno zaino il suo <strong>cagnolino <\/strong>che \u00e8 morto sul colpo. Il conducente dell\u2019autoveicolo, trasportato in codice rosso al Sant\u2019Andrea, si trova ora ricoverato in ospedale ed \u00e8 fuori pericolo.<\/p>\n<p>Al momento la polizia locale sta lavorando per fare luce sulla <strong>dinamica<\/strong> dell\u2019accaduto.<\/p>\n<p>Chi era Michele Pinza <\/p>\n<p>La vittima era impiegata da oltre 12 anni nella <strong>ditta Global Trading<\/strong> in viale S. Bartolomeo, un\u2019attivit\u00e0 che opera nella sanificazione di impianti aeraulici e idrici, inizialmente ricoprendo ruoli operativi, finch\u00e9 non \u00e8 passato a posizioni di gestione e controllo sia in ambito tecnico-commerciale sia di logistica. Pinza aveva studiato al <strong>liceo scientifico A.Pacinotti<\/strong>. Il suo percorso di studi era proseguito, una volta ottenuto il diploma, prima all\u2019Universit\u00e0 degli Studi di Genova dove si era laureato in Scienze tecniche e psicologiche e poi aveva conseguito la specialistica in Scienze del corpo e della mente all\u2019Universit\u00e0 degli Studi di Torino. Numerosi i messaggi di cordoglio e vicinanza alla famiglia Pinza per questa ennesima tragica e improvvisa morte sulle strade che colpisce nel profondo la comunit\u00e0 spezzina.<\/p>\n","protected":false},"excerpt":{"rendered":"La Spezia, 26 giugno 2026 &#8211; Lo spezzino Michele Pinza, 35 anni, \u00e8 la vittima del violentissimo scontro&hellip;\n","protected":false},"author":3,"featured_media":557843,"comment_status":"","ping_status":"","sticky":false,"template":"","format":"standard","meta":{"footnotes":"","_share_on_mastodon":"0"},"categories":[6],"tags":[5466,45135,14,8,298,1537,90,89,3602,964,7,15,82,9,83,10,13570,133468,13,11,80,84,12,81,85,548],"class_list":["post-557842","post","type-post","status-publish","format-standard","has-post-thumbnail","category-ultime-notizie","tag-amato","tag-cagnolino","tag-cronaca","tag-headlines","tag-incidente","tag-it","tag-italia","tag-italy","tag-michele","tag-morte","tag-news","tag-notizie","tag-notizie-di-cronaca","tag-notizie-principali","tag-notiziedicronaca","tag-notizieprincipali","tag-stradale","tag-strazio","tag-titoli","tag-ultime-notizie","tag-ultime-notizie-di-cronaca","tag-ultime-notizie-e-news-di-oggi","tag-ultimenotizie","tag-ultimenotiziedicronaca","tag-ultimenotizieenewsdioggi","tag-vittima"],"share_on_mastodon":{"url":"https:\/\/pubeurope.com\/@it\/116819086710280023","error":""},"_links":{"self":[{"href":"https:\/\/www.europesays.com\/it\/wp-json\/wp\/v2\/posts\/557842","targetHints":{"allow":["GET"]}}],"collection":[{"href":"https:\/\/www.europesays.com\/it\/wp-json\/wp\/v2\/posts"}],"about":[{"href":"https:\/\/www.europesays.com\/it\/wp-json\/wp\/v2\/types\/post"}],"author":[{"embeddable":true,"href":"https:\/\/www.europesays.com\/it\/wp-json\/wp\/v2\/users\/3"}],"replies":[{"embeddable":true,"href":"https:\/\/www.europesays.com\/it\/wp-json\/wp\/v2\/comments?post=557842"}],"version-history":[{"count":0,"href":"https:\/\/www.europesays.com\/it\/wp-json\/wp\/v2\/posts\/557842\/revisions"}],"wp:featuredmedia":[{"embeddable":true,"href":"https:\/\/www.europesays.com\/it\/wp-json\/wp\/v2\/media\/557843"}],"wp:attachment":[{"href":"https:\/\/www.europesays.com\/it\/wp-json\/wp\/v2\/media?parent=557842"}],"wp:term":[{"taxonomy":"category","embeddable":true,"href":"https:\/\/www.europesays.com\/it\/wp-json\/wp\/v2\/categories?post=557842"},{"taxonomy":"post_tag","embeddable":true,"href":"https:\/\/www.europesays.com\/it\/wp-json\/wp\/v2\/tags?post=557842"}],"curies":[{"name":"wp","href":"https:\/\/api.w.org\/{rel}","templated":true}]}}