{"id":557926,"date":"2026-06-27T01:23:12","date_gmt":"2026-06-27T01:23:12","guid":{"rendered":"https:\/\/www.europesays.com\/it\/557926\/"},"modified":"2026-06-27T01:23:12","modified_gmt":"2026-06-27T01:23:12","slug":"mercato-inter-topalovic-come-stankovic-risorsa-o-plusvalenza","status":"publish","type":"post","link":"https:\/\/www.europesays.com\/it\/557926\/","title":{"rendered":"Mercato Inter, Topalovic come Stankovic: risorsa o plusvalenza"},"content":{"rendered":"<p>                                Devastante in Primavera e prezioso in Under 23, il 2006 ha sfruttato al massimo la vetrina dell&#8217;ultima di campionato che Chivu gli ha concesso a Bologna<\/p>\n<p class=\"paragraph\" spellcheck=\"true\">Luka Topalovic ha aperto e chiuso la sua stagione 2025-26 a Bologna e al Dall&#8217;Ara si \u00e8 fatto vedere, eccome. Non \u00e8 stata una semplice comparsata d&#8217;ufficio dell&#8217;ultima giornata di campionato, lo sloveno ha voluto lasciare in qualche modo il segno e l&#8217;ha fatto con un assist che ha lanciato in porta Diouf. Gol del definitivo 3-3 e tutti a casa, o meglio, in vacanza. Marcus Thuram, dopo quel lancio lungo, l&#8217;ha definito &#8220;crack&#8221; e ha detto al 2006: &#8220;Anche io ho bisogno di passaggi cos\u00ec!&#8221;. Il francese ci spera, il mercato dice &#8220;chiss\u00e0&#8221;, perch\u00e9 Topalovic tra i baby dell&#8217;Inter \u00e8 un profilo molto ambito.\u00a0<\/p>\n<p>    chi lo vuole\u2014 \u00a0<\/p>\n<p class=\"paragraph is-inline\" spellcheck=\"true\">Svariate societ\u00e0 hanno bussato alla porta dell&#8217;Inter per strapparlo al club del presidente Beppe Marotta, almeno in prestito. Cos\u00ec Topalovic \u00e8 rientrato nei discorsi con il Pisa (insieme a Cocchi) dopo <a href=\"https:\/\/www.gazzetta.it\/Calcio\/Calciomercato\/Inter\/22-06-2026\/akinsanmiro-perche-saltato-riscatto-inter-vuole-10-milioni.shtml?intcmp=hyperlink-articolo-gazit\" target=\"_blank\" rel=\"nofollow noopener\">il mancato riscatto di\u00a0Ebenezer Akinsanmiro<\/a>, ma \u00e8 anche entrato nel mirino della Juve Stabia ed \u00e8 monitorato dal Padova. Il 20enne ha giocato in C con l&#8217;Under 23 nerazzurra ma il salto di categoria verso (almeno) la B sembra essere pronto.\u00a0<\/p>\n<p><a class=\"is-partner-link\" href=\"https:\/\/abbonamenti.gazzetta.it\/de-promo-mondiali\/?pwcmp=cta&amp;forceBrowser=true\" rel=\"nofollow noopener\" target=\"_blank\">Gazzetta Mondiale: ogni notte un\u2019edizione straordinaria esclusiva. Non perdertela, abbonati a 1\u20ac\/mese!<\/a><\/p>\n<p>    doppie risorse\u2014 \u00a0<\/p>\n<p class=\"paragraph is-inline\" spellcheck=\"true\">A met\u00e0 luglio comunque, salvo sorprese, Topalovic far\u00e0 parte della spedizione nerazzurra che trascorrer\u00e0 dieci giorni di ritiro in Germania. L\u00ec Chivu avr\u00e0 modo di rivederlo in azione e di parlarci di nuovo, come accaduto tante volte nella passata stagione, anche dopo quel famoso Bologna-Inter. Allora c&#8217;era un clima da ultimo giorno di scuola, tra tre settimane si ricomincer\u00e0 a fare sul serio e il mercato potr\u00e0 cambiare l&#8217;estate del giovane sloveno. Un po&#8217; come potr\u00e0 succedere ad Aleksandar Stankovic, il primo dei baby (o ex tali) Inter col futuro da definire. Elementi che sono diventati risorse in tutti i sensi, sia nell&#8217;ottica di poter restare a Milano e contribuire alla causa nerazzurra, sia in quella di lasciare il club e diventare golose plusvalenze.\u00a0<\/p>\n<p class=\"is-copyright\">\u00a9 RIPRODUZIONE RISERVATA<\/p>\n","protected":false},"excerpt":{"rendered":"Devastante in Primavera e prezioso in Under 23, il 2006 ha sfruttato al massimo la vetrina dell&#8217;ultima di&hellip;\n","protected":false},"author":3,"featured_media":557927,"comment_status":"","ping_status":"","sticky":false,"template":"","format":"standard","meta":{"footnotes":"","_share_on_mastodon":"0"},"categories":[1452],"tags":[839,25141,307673,586,721,1856,2839,554,1740,350,1537,90,89,53,1412,24737,98,8014,10332,9126,1739,245,244,577,81528,15752,2199,4315],"class_list":["post-557926","post","type-post","status-publish","format-standard","has-post-thumbnail","category-calcio","tag-almeno","tag-baby","tag-baby-inter","tag-bologna","tag-calcio","tag-campionato","tag-chivu","tag-club","tag-football","tag-inter","tag-it","tag-italia","tag-italy","tag-lasciare","tag-mercato","tag-nerazzurra","tag-porta","tag-potra","tag-risorse","tag-sloveno","tag-soccer","tag-sport","tag-sports","tag-stagione","tag-stankovic","tag-topalovic","tag-ultima","tag-under"],"share_on_mastodon":{"url":"https:\/\/pubeurope.com\/@it\/116819460381652547","error":""},"_links":{"self":[{"href":"https:\/\/www.europesays.com\/it\/wp-json\/wp\/v2\/posts\/557926","targetHints":{"allow":["GET"]}}],"collection":[{"href":"https:\/\/www.europesays.com\/it\/wp-json\/wp\/v2\/posts"}],"about":[{"href":"https:\/\/www.europesays.com\/it\/wp-json\/wp\/v2\/types\/post"}],"author":[{"embeddable":true,"href":"https:\/\/www.europesays.com\/it\/wp-json\/wp\/v2\/users\/3"}],"replies":[{"embeddable":true,"href":"https:\/\/www.europesays.com\/it\/wp-json\/wp\/v2\/comments?post=557926"}],"version-history":[{"count":0,"href":"https:\/\/www.europesays.com\/it\/wp-json\/wp\/v2\/posts\/557926\/revisions"}],"wp:featuredmedia":[{"embeddable":true,"href":"https:\/\/www.europesays.com\/it\/wp-json\/wp\/v2\/media\/557927"}],"wp:attachment":[{"href":"https:\/\/www.europesays.com\/it\/wp-json\/wp\/v2\/media?parent=557926"}],"wp:term":[{"taxonomy":"category","embeddable":true,"href":"https:\/\/www.europesays.com\/it\/wp-json\/wp\/v2\/categories?post=557926"},{"taxonomy":"post_tag","embeddable":true,"href":"https:\/\/www.europesays.com\/it\/wp-json\/wp\/v2\/tags?post=557926"}],"curies":[{"name":"wp","href":"https:\/\/api.w.org\/{rel}","templated":true}]}}