{"id":558031,"date":"2026-06-27T03:19:20","date_gmt":"2026-06-27T03:19:20","guid":{"rendered":"https:\/\/www.europesays.com\/it\/558031\/"},"modified":"2026-06-27T03:19:20","modified_gmt":"2026-06-27T03:19:20","slug":"lotito-prende-anche-la-reggina-ecco-qual-e-il-regolamento-sulle-multiproprieta","status":"publish","type":"post","link":"https:\/\/www.europesays.com\/it\/558031\/","title":{"rendered":"Lotito prende (anche) la Reggina, ecco qual \u00e8 il regolamento sulle multipropriet\u00e0"},"content":{"rendered":"<p>                                Non sono ammesse partecipazioni in due societ\u00e0 professionistiche, quindi se i calabresi salissero in Lega Pro, il presidente dovrebbe scegliere tra loro e la Lazio<\/p>\n<p class=\"paragraph\" spellcheck=\"true\">Claudio Lotito ha allarga nuovamente la sua corte calcistica, aggiungendo alla Lazio la Reggina. Il presidente biancoceleste ha voluto puntare sullo storico club calabrese che oggi milita in Serie D e il regolamento federale sulle multipropriet\u00e0 non lo proibisce. Almeno finch\u00e9 la situazione resta questa.<\/p>\n<p>        le norme\u2014 \u00a0<\/p>\n<p class=\"paragraph\" spellcheck=\"true\">Diamo allora un&#8217;occhiata alle norme. Lo Statuto Figc (art. 7) e le Noif (art. 16 bis), modificati dal Consiglio federale del 30 settembre 2021, vietano qualsiasi partecipazione societaria in pi\u00f9 di un club professionistico &#8220;con l\u2019obbligo di tempestiva dismissione, pena decadenza dell\u2019affiliazione, per quelle societ\u00e0 che dovessero salire in Lega Pro dalla Serie D&#8221;. Soltanto per i casi gi\u00e0 esistenti (all&#8217;epoca erano due, Verona\/Mantova e Napoli\/Bari, ormai resta solo il secondo) era prevista una deroga, inizialmente fissata per l\u2019inizio della stagione 2024\/2025, poi slittata alla partenza di quella 2028\/29. Dunque non vale nel caso in questione.<\/p>\n<p><a class=\"is-partner-link\" href=\"https:\/\/abbonamenti.gazzetta.it\/de-promo-mondiali\/?pwcmp=cta&amp;forceBrowser=true\" rel=\"nofollow noopener\" target=\"_blank\">Gazzetta Mondiale: ogni notte un\u2019edizione straordinaria esclusiva. Non perdertela, abbonati a 1\u20ac\/mese!<\/a><\/p>\n<p>        lazio-reggina\u2014 \u00a0<\/p>\n<p class=\"paragraph\" spellcheck=\"true\">Nella vicenda di Lazio e Reggina tutto \u00e8 in regola fino all&#8217;eventuale promozione dei calabresi in Serie C. A quel punto Lotito si trover\u00e0 davanti a un bivio, esattamente come quando nel 2021 la sua Salernitana aveva raggiunto la Lazio in Serie A. Quel divieto di multipropriet\u00e0 nella medesima competizione \u00e8 stato poi allargato a tutto il settore professionistico, quindi dalla Lega Pro in su. Forse Lotito spera che la norma cambi, ma al momento il nuovo presidente Figc Giovanni Malag\u00f2 ha chiuso cos\u00ec la questione: &#8220;C\u2019\u00e8 una norma che non ho fatto io, che esiste ed \u00e8 stata approvata da un Consiglio federale. Ci sono state varie vicende, anche proroghe. Personalmente non mi sembra che oggi questo sia la priorit\u00e0&#8221;.<\/p>\n<p class=\"is-copyright\">\u00a9 RIPRODUZIONE RISERVATA<\/p>\n","protected":false},"excerpt":{"rendered":"Non sono ammesse partecipazioni in due societ\u00e0 professionistiche, quindi se i calabresi salissero in Lega Pro, il presidente&hellip;\n","protected":false},"author":3,"featured_media":558032,"comment_status":"","ping_status":"","sticky":false,"template":"","format":"standard","meta":{"footnotes":"","_share_on_mastodon":"0"},"categories":[176],"tags":[46815,22492,554,284,23067,1537,90,89,5188,307718,109,72866,47918,150757,6878,6884,135,1465,13976,860,133698,1821,245,244],"class_list":["post-558031","post","type-post","status-publish","format-standard","has-post-thumbnail","category-sport","tag-art","tag-calabresi","tag-club","tag-federale","tag-figc","tag-it","tag-italia","tag-italy","tag-lazio","tag-lazio-reggina","tag-lega","tag-lega-pro","tag-lotito","tag-multiproprieta","tag-norma","tag-norme","tag-presidente","tag-pro","tag-professionistico","tag-questione","tag-reggina","tag-serie","tag-sport","tag-sports"],"share_on_mastodon":{"url":"https:\/\/pubeurope.com\/@it\/116819916534315531","error":""},"_links":{"self":[{"href":"https:\/\/www.europesays.com\/it\/wp-json\/wp\/v2\/posts\/558031","targetHints":{"allow":["GET"]}}],"collection":[{"href":"https:\/\/www.europesays.com\/it\/wp-json\/wp\/v2\/posts"}],"about":[{"href":"https:\/\/www.europesays.com\/it\/wp-json\/wp\/v2\/types\/post"}],"author":[{"embeddable":true,"href":"https:\/\/www.europesays.com\/it\/wp-json\/wp\/v2\/users\/3"}],"replies":[{"embeddable":true,"href":"https:\/\/www.europesays.com\/it\/wp-json\/wp\/v2\/comments?post=558031"}],"version-history":[{"count":0,"href":"https:\/\/www.europesays.com\/it\/wp-json\/wp\/v2\/posts\/558031\/revisions"}],"wp:featuredmedia":[{"embeddable":true,"href":"https:\/\/www.europesays.com\/it\/wp-json\/wp\/v2\/media\/558032"}],"wp:attachment":[{"href":"https:\/\/www.europesays.com\/it\/wp-json\/wp\/v2\/media?parent=558031"}],"wp:term":[{"taxonomy":"category","embeddable":true,"href":"https:\/\/www.europesays.com\/it\/wp-json\/wp\/v2\/categories?post=558031"},{"taxonomy":"post_tag","embeddable":true,"href":"https:\/\/www.europesays.com\/it\/wp-json\/wp\/v2\/tags?post=558031"}],"curies":[{"name":"wp","href":"https:\/\/api.w.org\/{rel}","templated":true}]}}