{"id":558145,"date":"2026-06-27T05:37:15","date_gmt":"2026-06-27T05:37:15","guid":{"rendered":"https:\/\/www.europesays.com\/it\/558145\/"},"modified":"2026-06-27T05:37:15","modified_gmt":"2026-06-27T05:37:15","slug":"al-bano-la-sua-voce-rubata-dallia-usavano-le-mie-canzoni-per-addestrare-i-generatori-di-musica","status":"publish","type":"post","link":"https:\/\/www.europesays.com\/it\/558145\/","title":{"rendered":"Al Bano, la sua voce rubata dall&#8217;IA: \u00abUsavano le mie canzoni per addestrare i generatori di musica\u00bb"},"content":{"rendered":"<p>&#13;<br \/>\n                               &#13;<br \/>\n                                                &#13;<br \/>\n                &#13;<\/p>\n<p><strong><a href=\"https:\/\/www.leggo.it\/t\/al-bano\" rel=\"nofollow noopener\" target=\"_blank\">Al Bano<\/a><\/strong> dice &#8220;no&#8221; all&#8217;<strong><a href=\"https:\/\/www.leggo.it\/t\/intelligenza-artificiale\" rel=\"nofollow noopener\" target=\"_blank\">intelligenza artificiale<\/a><\/strong> e corre ai ripari per &#8220;blindare&#8221; la propria <strong><a href=\"https:\/\/www.leggo.it\/t\/voce\" rel=\"nofollow noopener\" target=\"_blank\">voce<\/a><\/strong>. Una presa di coscienza arrivata dopo aver scoperto che oltre 232 suoi brani sono stati utilizzati nel dataset LAION-DISCO-12M, un archivio digitale centrale per l&#8217;addestramento dei modelli musicali generativi.<\/p>\n<p>&#13;<br \/>\n&#13;<br \/>\nLa voce rubata&#13;<br \/>\n&#13;<\/p>\n<p>Al Bano \u00e8 stato ascoltato da Fanpage, a cui ha raccontato tutta la sua sorpresa e il suo risentimento: \u00ab\u00c8 incredibile, perch\u00e9 c&#8217;\u00e8 una parte positiva, ovvero che abbiano scelto tante canzoni del mio repertorio \u2014 ha affermato il musicista \u2014. Dall&#8217;altra parte, per\u00f2, questa cosa mi fa pensare: ma \u00e8 possibile che possano fare quello che vogliono senza chiedere nulla a nessuno? \u00c8 come se io entrassi a casa tua, mi piacessero delle cose, me le prendessi e me le portassi via. Non \u00e8 giusto\u00bb. I tempi che viviamo spesso ci sorprendono: ogni volta che ci rendiamo conto di quanto il mondo stia cambiando, lo percepiamo come qualcosa di inaspettato, quasi fantascientifico. <strong>Anche Al Bano non fa eccezione<\/strong>: \u00abNon ho mai pensato che potesse creare nuove canzoni nel mio stile\u00bb, ha sottolineato il cantante parlando della generazione di brani con l&#8217;IA. Tra le questioni ancora da chiarire c&#8217;\u00e8 quella di un possibile vero e proprio furto della voce. Oltre all&#8217;utilizzo dei brani del cantautore pugliese per addestrare l&#8217;intelligenza artificiale a produrre canzoni nel suo stile, infatti, c&#8217;\u00e8 la possibilit\u00e0 che sia stato replicato anche il suo timbro vocale.<\/p>\n<p>&#13;<br \/>\n&#13;<br \/>\nBrevettare la propria voce&#13;<br \/>\n&#13;<\/p>\n<p><strong>Per questa ragione, Al Bano ha dichiarato di voler brevettare la propria voce, cos\u00ec da impedire che possa essere utilizzata senza consenso<\/strong>. Una posizione che si aggiunge alle reazioni di molti artisti, sempre pi\u00f9 insofferenti rispetto all&#8217;invasivit\u00e0 di queste nuove tecnologie: \u00abLa reazione degli artisti c&#8217;\u00e8 \u2014 ha spiegato l&#8217;autore di &#8220;Felicit\u00e0&#8221; \u2014. \u00c8 come vedere un ladro in casa tua che ruba, si prende tutto il bello che c&#8217;\u00e8 e ne fa l&#8217;uso che vuole\u00bb. \u00abLa musica \u00e8 bella perch\u00e9 le stesse sette note sono state utilizzate in modo completamente diverso da Vivaldi, Rossini e da tanti altri compositori \u2014 ha continuato Al Bano, parlando a Fanpage \u2014. Sono state trasformate da questi geni, da questi straordinari innovatori del linguaggio musicale. E vale anche per la musica leggera italiana: basti pensare al lavoro di <strong><a href=\"https:\/\/www.leggo.it\/t\/adriano-celentano\" rel=\"nofollow noopener\" target=\"_blank\">Adriano Celentano<\/a><\/strong>. \u00c8 incredibile come, attraverso la potenza e la versatilit\u00e0 di sole sette note, possano nascere sapori, atmosfere ed emozioni cos\u00ec differenti\u00bb. <\/p>\n<p>Ma, nonostante la contrariet\u00e0 nei confronti dell&#8217;intelligenza artificiale, il cantautore di Celle San Marco sa che il progresso non pu\u00f2 essere fermato: \u00abIo resto contrario a questa tecnologia e credo che si debba correre ai ripari per salvaguardare la nostra unicit\u00e0, quella di ogni artista. Per\u00f2 non possiamo fermare il progresso. Del resto, siamo arrivati perfino a rompere i cogl***ni alla Luna\u00bb, ha concluso.                                &#13;<br \/>\n                &#13;<br \/>\n&#13;<br \/>\n                Ultimo aggiornamento: venerd\u00ec 26 giugno 2026, 19:43&#13;<br \/>\n                <br \/>&#13;<br \/>\n                &#13;<br \/>\n                  &#13;<br \/>\n                    &#13;<br \/>\n                        \u00a9 RIPRODUZIONE RISERVATA&#13;<\/p>\n<p>&#13;<\/p>\n<p>                    &#13;<\/p>\n","protected":false},"excerpt":{"rendered":"&#13; &#13; &#13; &#13; Al Bano dice &#8220;no&#8221; all&#8217;intelligenza artificiale e corre ai ripari per &#8220;blindare&#8221; la propria&hellip;\n","protected":false},"author":3,"featured_media":558146,"comment_status":"","ping_status":"","sticky":false,"template":"","format":"standard","meta":{"footnotes":"","_share_on_mastodon":"0"},"categories":[1443],"tags":[24824,203,32724,668,204,1537,90,89,1538,1539],"class_list":["post-558145","post","type-post","status-publish","format-standard","has-post-thumbnail","category-musica","tag-al-bano","tag-entertainment","tag-ia","tag-intelligenza-artificiale","tag-intrattenimento","tag-it","tag-italia","tag-italy","tag-music","tag-musica"],"share_on_mastodon":{"url":"https:\/\/pubeurope.com\/@it\/116820459314018128","error":""},"_links":{"self":[{"href":"https:\/\/www.europesays.com\/it\/wp-json\/wp\/v2\/posts\/558145","targetHints":{"allow":["GET"]}}],"collection":[{"href":"https:\/\/www.europesays.com\/it\/wp-json\/wp\/v2\/posts"}],"about":[{"href":"https:\/\/www.europesays.com\/it\/wp-json\/wp\/v2\/types\/post"}],"author":[{"embeddable":true,"href":"https:\/\/www.europesays.com\/it\/wp-json\/wp\/v2\/users\/3"}],"replies":[{"embeddable":true,"href":"https:\/\/www.europesays.com\/it\/wp-json\/wp\/v2\/comments?post=558145"}],"version-history":[{"count":0,"href":"https:\/\/www.europesays.com\/it\/wp-json\/wp\/v2\/posts\/558145\/revisions"}],"wp:featuredmedia":[{"embeddable":true,"href":"https:\/\/www.europesays.com\/it\/wp-json\/wp\/v2\/media\/558146"}],"wp:attachment":[{"href":"https:\/\/www.europesays.com\/it\/wp-json\/wp\/v2\/media?parent=558145"}],"wp:term":[{"taxonomy":"category","embeddable":true,"href":"https:\/\/www.europesays.com\/it\/wp-json\/wp\/v2\/categories?post=558145"},{"taxonomy":"post_tag","embeddable":true,"href":"https:\/\/www.europesays.com\/it\/wp-json\/wp\/v2\/tags?post=558145"}],"curies":[{"name":"wp","href":"https:\/\/api.w.org\/{rel}","templated":true}]}}