{"id":558244,"date":"2026-06-27T07:08:13","date_gmt":"2026-06-27T07:08:13","guid":{"rendered":"https:\/\/www.europesays.com\/it\/558244\/"},"modified":"2026-06-27T07:08:13","modified_gmt":"2026-06-27T07:08:13","slug":"vannacci-al-6-sopra-la-lega-il-centrodestra-avanti-solo-con-lui-cresce-il-gradimento-di-meloni-il-sondaggio-di-pagnoncelli","status":"publish","type":"post","link":"https:\/\/www.europesays.com\/it\/558244\/","title":{"rendered":"Vannacci al 6%, sopra la Lega. Il centrodestra avanti solo con lui. Cresce il gradimento di Meloni | Il sondaggio di Pagnoncelli"},"content":{"rendered":"<p>    di<br \/>\n    Nando Pagnoncelli<\/p>\n<p class=\"summary-art is-line-h-12\">L\u2019effetto sulla fiducia dopo il duello con Trump. FdI al 27%, Pd al 20<\/p>\n<p class=\"chapter-paragraph\">Come siamo oramai abituati, anche questo mese ha visto eventi rilevanti sia a livello internazionale che nazionale. <b>In politica estera ha dominato il conflitto con l\u2019Iran, che ha visto avviarsi una faticosa trattativa<\/b>, per ora arrivata alla firma digitale di un memorandum con diversi aspetti piuttosto generici, ma che sembra complessivamente delineare una situazione di relativa difficolt\u00e0 per gli Stati Uniti. Rimangono naturalmente al centro la guerra in Ucraina, con un posizionamento sempre pi\u00f9 efficace, sia in termini politici che militari del paese attaccato dalla Russia, e il tema del Libano e di Gaza. Ma, per le ricadute sulla politica nazionale, <b>particolare impatto ha avuto la <a href=\"https:\/\/www.corriere.it\/politica\/26_giugno_24\/meloni-e-il-traino-del-video-contro-trump-un-milione-di-follower-in-piu-372484e9-f716-4026-bd0c-b3a7382a9xlk.shtml\" rel=\"nofollow noopener\" target=\"_blank\">polemica fra Giorgia Meloni e Donald Trump<\/a>, che ha visto la nostra presidente del Consiglio reagire senza mezzi termini<\/b> alle critiche, e in diversi casi agli insulti, del presidente americano.<\/p>\n<p class=\"chapter-paragraph\">Per quel che riguarda la politica interna, citando in disordine, la conclusione del turno di elezioni amministrative ha visto un sostanziale pareggio tra le coalizioni; <b>nella Lega si \u00e8 enfatizzato il quadro di problematicit\u00e0 gi\u00e0 evidente, con il segretario in difficolt\u00e0 e ulteriori fuoruscite<\/b> (non solo dalla Lega ma anche da Forza Italia) verso <a href=\"\">Roberto Vannacci<\/a> sempre pi\u00f9 attivo e presente nella cronaca politica; nella compagine di governo sono emerse differenze sulle spese per la difesa, in particolare in relazione all\u2019utilizzo dei fondi Safe; tra le forze di opposizione rimane ancora prevalente la questione della leadership e della struttura delle alleanze (questione enfatizzata ulteriormente dalla foto a quattro che sembrava esprimere una distanza dalle forze centriste) <b>mentre nel Pd i malumori rimangono evidenti, con una fuoruscita di rilievo <\/b>come quella di Pina Picierno.    &#13;<br \/>\n&#13;<br \/>\n&#13;<br \/>\n&#13;<br \/>\n&#13;<br \/>\n&#13;<br \/>\n&#13;<br \/>\n&#13;<br \/>\n&#13;<br \/>\n&#13;<br \/>\n&#13;<br \/>\n&#13;<br \/>\n&#13;<br \/>\n&#13;<br \/>\n&#13;<br \/>\n&#13;<br \/>\n&#13;<br \/>\n&#13;<br \/>\n&#13;<br \/>\n&#13;<br \/>\n&#13;<br \/>\n&#13;<br \/>\n&#13;<br \/>\n&#13;<br \/>\n&#13;<br \/>\n&#13;<br \/>\n&#13;<br \/>\n&#13;<br \/>\n&#13;<br \/>\n&#13;<br \/>\n&#13;<br \/>\n&#13;<br \/>\n&#13;<br \/>\n&#13;<br \/>\n&#13;<br \/>\n&#13;<br \/>\n&#13;<br \/>\n&#13;<br \/>\n&#13;<br \/>\n&#13;<br \/>\n&#13;<br \/>\n&#13;<br \/>\n&#13;<br \/>\n&#13;<br \/>\n&#13;<br \/>\n&#13;<br \/>\n&#13;<br \/>\n&#13;<br \/>\n&#13;<br \/>\n&#13;<br \/>\n&#13;<br \/>\n&#13;<br \/>\n&#13;\n<\/p>\n<p class=\"chapter-paragraph\">Le intenzioni di voto segnalano pochi cambiamenti, con una eccezione che vedremo tra poco. Fratelli d\u2019Italia vede un calo del proprio consenso che oggi si colloca al 27% con una contrazione dello 0,6% nell\u2019ultimo mese. Stabile Forza Italia all\u20198,3% e anche <b>la Lega che si conferma per\u00f2 ai suoi minimi negli anni recenti, con il 5,6%<\/b>. In ulteriore ed evidente crescita invece Futuro nazionale, la formazione di Vannacci, che guadagna oltre un punto (+1,2 per l\u2019esattezza) nell\u2019ultimo mese e si colloca al 6 per cento, superando la Lega per la prima volta nei nostri sondaggi. <b>Il contributo al voto per Vannacci viene, come avevamo gi\u00e0 evidenziato, dagli elettori della Lega e da quelli di Fratelli d\u2019Italia<\/b>, oltre a una piccola capacit\u00e0 di attrazione verso l\u2019area dell\u2019astensione.\u00a0<\/p>\n<p>APPROFONDISCI CON IL PODCAST<\/p>\n<p class=\"chapter-paragraph\">Poche variazioni nell\u2019ambito delle forze di opposizione: il Pd \u00e8 infatti stabile al 20,1% (il dato pi\u00f9 basso registrato nell\u2019ultimo anno); sostanzialmente stabile anche il Movimento 5 Stelle, stimato al 14,3% contro il 14,5% di maggio;<b> in calo invece Alleanza Verdi Sinistra che perde lo 0,6% e si colloca al 6,2%<\/b>. Anche tra le \u00abterze forze\u00bb si evidenzia una sostanziale stabilit\u00e0, con Azione al 3%, Italia viva al 2% e +Europa all\u20191,9%, con un incremento dello 0,4% nell\u2019ultimo mese.<\/p>\n<p class=\"chapter-paragraph\">Le coalizioni vedono il centrodestra \u00abtradizionale\u00bb (cio\u00e8 le forze che compongono l\u2019attuale compagine di governo) al 41,7%, conto l\u2019alleanza progressista (oltre a Pd, M5S, Avs, composta anche da Italia viva e +Europa) al 44,5%. <b>\u00c8 evidente che, per quanto non ci sia la certezza che tutti gli elettori di quest\u2019area confermeranno il loro voto in caso di coalizione, la distanza diventa importante<\/b>. \u00c8 quindi altrettanto evidente che il centrodestra attuale sembra obbligato all\u2019alleanza con Vannacci, che lo porterebbe al 47,7%. Ammesso, anche in questo caso, che tutti gli elettori delle singole forze confermino il voto per una coalizione siffatta. \u00c8 infine da sottolineare che il piccolo incremento di partecipazione che si era registrato lo scorso mese e che avevamo attribuito ai risultati delle consultazioni amministrative, \u00e8 prontamente rientrato. <b>Oggi l\u2019astensione e l\u2019incertezza si collocano al 41,1%<\/b> crescendo dell\u20191,3% e riavvicinandosi ai valori medi registrati nei mesi precedenti.<\/p>\n<p class=\"chapter-paragraph\">Le valutazioni del governo e della presidente Meloni vedono un miglioramento dell\u2019indice di gradimento (la percentuale di valutazioni positive su chi si esprime, esclusi i non sa): <b>il governo ottiene un indice di 42, contro il 40 del mese precedente, e un analogo incremento si evidenzia per Giorgia Meloni che ottiene il 44 contro il 42 precedente<\/b>. \u00c8 assai probabile che la polemica con Trump abbia avuto qualche ruolo in questo miglioramento.<\/p>\n<p class=\"chapter-paragraph\">Tra i leader le variazioni sono molto ridotte (al primo posto si mantiene Giuseppe Conte, seguito da Antonio Tajani e da Elly Schlein)<b> con l\u2019eccezione di Roberto Vannacci che cresce ancora di tre punti <\/b>e si colloca al quarto posto, a ridosso della segretaria del Pd.<\/p>\n<p class=\"chapter-paragraph\">Insomma, l\u2019unica variabile che scuote il panorama politico \u00e8 quella di <b>Futuro nazionale, la cui evidente crescita pone il centrodestra di fronte alla probabile necessit\u00e0<\/b>, in particolare in caso di approvazione della nuova legge elettorale, di scegliere l\u2019alleanza con questa formazione. Con un indubbio cambiamento dei rapporti di forze all\u2019interno della coalizione stessa.\u00a0<\/p>\n<p class=\"is-last-update\" datetime=\"2026-06-27T09:00:17+02:00\">27 giugno 2026 ( modifica il 27 giugno 2026 | 09:00)<\/p>\n<p class=\"is-copyright\">\n            \u00a9 RIPRODUZIONE RISERVATA\n        <\/p>\n","protected":false},"excerpt":{"rendered":"di Nando Pagnoncelli L\u2019effetto sulla fiducia dopo il duello con Trump. FdI al 27%, Pd al 20 Come&hellip;\n","protected":false},"author":3,"featured_media":558245,"comment_status":"","ping_status":"","sticky":false,"template":"","format":"standard","meta":{"footnotes":"","_share_on_mastodon":"0"},"categories":[6],"tags":[4596,117,841,36247,1963,723,112,121,100050,60699,48190,13611,1307,14,5376,3669,2391,61640,13089,3085,1373,307836,30312,1974,769,307837,322,323,125,126,21951,8,14794,3770,1537,90,68780,307838,89,109,58,3783,13115,7,15,82,9,83,10,18155,42643,1316,490,3968,477,6427,135,16984,13,379,11,80,84,12,81,85,18099,2424],"class_list":["post-558244","post","type-post","status-publish","format-standard","has-post-thumbnail","category-ultime-notizie","tag-alleanza","tag-amministrative","tag-area","tag-astensione","tag-attuale","tag-calo","tag-centrodestra","tag-coalizione","tag-coalizioni","tag-colloca","tag-compagine","tag-cresce","tag-crescita","tag-cronaca","tag-difficolta","tag-distanza","tag-diversi","tag-eccezione","tag-elettori","tag-europa","tag-evidente","tag-evidente-crescita","tag-evidenzia","tag-formazione","tag-forze","tag-forze-opposizione","tag-fratelli","tag-fratelli-italia","tag-giorgia","tag-giorgia-meloni","tag-gradimento","tag-headlines","tag-incremento","tag-indice","tag-it","tag-italia","tag-italia-viva","tag-italia-viva-europa","tag-italy","tag-lega","tag-meloni","tag-mese","tag-miglioramento","tag-news","tag-notizie","tag-notizie-di-cronaca","tag-notizie-principali","tag-notiziedicronaca","tag-notizieprincipali","tag-opposizione","tag-ottiene","tag-particolare","tag-pd","tag-polemica","tag-politica","tag-precedente","tag-presidente","tag-stabile","tag-titoli","tag-trump","tag-ultime-notizie","tag-ultime-notizie-di-cronaca","tag-ultime-notizie-e-news-di-oggi","tag-ultimenotizie","tag-ultimenotiziedicronaca","tag-ultimenotizieenewsdioggi","tag-vannacci","tag-voto"],"share_on_mastodon":{"url":"","error":"Validation failed: Text character limit of 500 exceeded"},"_links":{"self":[{"href":"https:\/\/www.europesays.com\/it\/wp-json\/wp\/v2\/posts\/558244","targetHints":{"allow":["GET"]}}],"collection":[{"href":"https:\/\/www.europesays.com\/it\/wp-json\/wp\/v2\/posts"}],"about":[{"href":"https:\/\/www.europesays.com\/it\/wp-json\/wp\/v2\/types\/post"}],"author":[{"embeddable":true,"href":"https:\/\/www.europesays.com\/it\/wp-json\/wp\/v2\/users\/3"}],"replies":[{"embeddable":true,"href":"https:\/\/www.europesays.com\/it\/wp-json\/wp\/v2\/comments?post=558244"}],"version-history":[{"count":0,"href":"https:\/\/www.europesays.com\/it\/wp-json\/wp\/v2\/posts\/558244\/revisions"}],"wp:featuredmedia":[{"embeddable":true,"href":"https:\/\/www.europesays.com\/it\/wp-json\/wp\/v2\/media\/558245"}],"wp:attachment":[{"href":"https:\/\/www.europesays.com\/it\/wp-json\/wp\/v2\/media?parent=558244"}],"wp:term":[{"taxonomy":"category","embeddable":true,"href":"https:\/\/www.europesays.com\/it\/wp-json\/wp\/v2\/categories?post=558244"},{"taxonomy":"post_tag","embeddable":true,"href":"https:\/\/www.europesays.com\/it\/wp-json\/wp\/v2\/tags?post=558244"}],"curies":[{"name":"wp","href":"https:\/\/api.w.org\/{rel}","templated":true}]}}