{"id":558279,"date":"2026-06-27T07:43:14","date_gmt":"2026-06-27T07:43:14","guid":{"rendered":"https:\/\/www.europesays.com\/it\/558279\/"},"modified":"2026-06-27T07:43:14","modified_gmt":"2026-06-27T07:43:14","slug":"flavia-pennetta-intervista-se-serena-vincesse-sarebbe-un-problema","status":"publish","type":"post","link":"https:\/\/www.europesays.com\/it\/558279\/","title":{"rendered":"Flavia Pennetta, intervista: &#8220;Se Serena vincesse sarebbe un problema&#8221;"},"content":{"rendered":"<p>                                L&#8217;ex tennista commenta il ritorno in campo della sua rivale storica e analizza il Wimbledon di Sinner, Cobolli, Berrettini e Jasmine Paolini: &#8220;Jannik \u00e8 il migliore: da vicino mi ha impressionato&#8221;<\/p>\n<p>                    27 giugno 2026 (modifica alle 08:52)  &#8211; LONDRA<\/p>\n<p class=\"paragraph\" spellcheck=\"true\">Flavia Pennetta ha sempre amato Wimbledon e dallo scorso anno, quando Fabio Fognini contro Carlos Alcaraz \u00e8 stato protagonista di uno dei match pi\u00f9 spettacolari degli ultimi lustri, \u00e8 diventato ancora di pi\u00f9 il torneo del cuore. Anche quest\u2019anno lo commenter\u00e0 in veste di talent per Sky Sport, curiosa e attenta di quanto succeder\u00e0 ai nostri ma anche a Serena Williams, che lei ha conosciuto bene.<\/p>\n<p class=\"paragraph\" spellcheck=\"true\"><b>Flavia, partiamo da Jannik Sinner che torna dopo la delusione di Parigi. Come lo vede?<\/b><\/p>\n<p class=\"paragraph\" spellcheck=\"true\">&#8220;Ho visto che debutta con Kecmanovic, un giocatore che pu\u00f2 sempre dare fastidio, ma il livello di Jannik \u00e8 molto superiore rispetto a tutti gli altri.  Io credo che, da una parte, sia stato molto dispiaciuto di uscire presto dal Roland Garros, ma dall\u2019altra, se deve guardare la parte positiva, \u00e8 che \u00e8 riuscito un attimino a staccare la spina, recuperare e rilassarsi dopo due mesi e mezzo di un tour de force assurdo. Certo, forse col senno di poi magari avrebbero potuto gestire diversamente alcune cose, per\u00f2 dagli errori uno apprende con il tempo&#8221;.<\/p>\n<p class=\"paragraph\" spellcheck=\"true\"><b>Lei lo ha visto da vicino nell\u2019esibizione di Hurlingham, come le \u00e8 sembrato?<\/b><\/p>\n<p class=\"paragraph\" spellcheck=\"true\">&#8220;Impatta la palla in una maniera impressionante, \u00e8 sempre messo bene, \u00e8 alto ma riesce a stare basso. Dicono che il suo gioco sia monocorde e invece bisogna soffermarsi sulla pulizia e la velocit\u00e0 di palla che sono pazzesche&#8221;.<\/p>\n<p class=\"paragraph\" spellcheck=\"true\"><b>Abbiamo tanti italiani da seguire. Flavio Cobolli difende i quarti del 2025 e arriva da una finale Slam. Sentir\u00e0 la pressione?<\/b><\/p>\n<p class=\"paragraph\" spellcheck=\"true\">&#8220;Giocare una finale Slam ti d\u00e0 uno sprint, una consapevolezza e una carica davvero importanti. Adesso, per\u00f2, deve essere molto bravo nella gestione: in campo, fuori dal campo e sul fronte calendario. Deve cambiare mentalit\u00e0 ed entrare in quella dei top player, che magari giocano un po\u2019 meno, si dividono meglio le settimane e puntano ai grandi tornei, a fare punti dove contano davvero. Da una parte c\u2019\u00e8 entusiasmo, consapevolezza e fiducia perch\u00e9 sta andando fortissimo; dall\u2019altra c\u2019\u00e8 una pressione diversa da gestire. Adesso la gente si aspetta che Flavio faccia risultato. Ed \u00e8 l\u00ec la parte pi\u00f9 difficile: analizzare s\u00e9 stessi, essere consapevoli di chi si \u00e8, farsi scivolare le cose addosso e mantenere lucidit\u00e0&#8221;.<\/p>\n<p class=\"text\">Jasmine Paolini? Wimbledon pu\u00f2 essere la fiamma per riaccendersi<\/p>\n<p>Flavia Pennetta<\/p>\n<p class=\"paragraph\" spellcheck=\"true\"><b>Matteo Berrettini a Wimbledon parte con Wawrinka: subito un gran match.<\/b><\/p>\n<p class=\"paragraph\" spellcheck=\"true\">&#8220;Se Matteo fosse una testa di serie non lo vorrei beccare mai.  Credo che Wawrinka sia uno di quei giocatori che in determinate occasioni riescono a tirare fuori il meglio. Sono quei campioni che sono alla fine della carriera e che, in una situazione particolare, dove sono particolarmente motivati, magari ti fanno la partita della vita. Ti alzano il livello. Un po\u2019 quello che \u00e8 successo a Fabio l\u2019anno scorso contro Alcaraz&#8221;.<\/p>\n<p class=\"paragraph\" spellcheck=\"true\"><b>Parliamo di donne: Jasmine Paolini \u00e8 in difficolt\u00e0, come si risale la china?<\/b><\/p>\n<p class=\"paragraph\" spellcheck=\"true\">&#8220;A volte bisogna toccare il fondo per risalire la china. Penso che questo torneo possa essere la fiamma per riaccendersi. Non dimentichiamo che Jasmine ha macinato in singolare e doppio per due anni&#8230; \u00c8 una fatica immane&#8221;.<\/p>\n<p class=\"paragraph\" spellcheck=\"true\"><b>Da fine carriera a nuova carriera torna Serena Williams. Pu\u00f2 tornare anche la Pennetta?<\/b><\/p>\n<p class=\"paragraph\" spellcheck=\"true\">&#8220;No, per carit\u00e0. Lei \u00e8 pazza scatenata! Secondo me non ha neanche avuto il tempo di tornare davvero a competere. Non si \u00e8 preparata per giocare Wimbledon tornando qualche mese prima, facendo tornei di singolare. \u00c8 rimasta ferma quattro anni, puoi allenarti quanto vuoi, ma quando giochi il punto \u00e8 tutto totalmente diverso&#8221;.<\/p>\n<p class=\"paragraph\" spellcheck=\"true\"><b>Ma l\u2019esperienza \u00e8 dalla sua parte&#8230;<\/b><\/p>\n<p><a class=\"is-partner-link\" href=\"https:\/\/www.nowtv.it\/sport\/tennis\/wimbledon?dcmp=SPORT_SOCIAL_AW_PROS_Wimbledon_CairoRCS_Gazzetta_CTA&amp;ead-publisher=N1792338.340088CAIRORCSMEDIAS.P.&amp;ead-name=N1792338.340088CAIRORCSMEDIAS.P.-35025367&amp;ead-location=450176911&amp;ead-creative=249314339&amp;ead-creativetype=1x1&amp;dya=4b3d5\" rel=\"nofollow noopener\" target=\"_blank\">Guarda live tutte le partite di Wimbledon dal 29 giugno in esclusiva streaming su NOW! Attiva il Pass Sport da 19,99\u20ac al mese<\/a><\/p>\n<p class=\"paragraph\" spellcheck=\"true\">&#8220;Se Serena dovesse andare avanti, ritengo che non sarebbe una grande immagine per il tennis femminile, significherebbe che una campionessa &#8211; per quanto la pi\u00f9 grande &#8211; pu\u00f2 competere e vincere a 45 anni.   Per\u00f2, allo stesso tempo, la Wta ha bisogno di un ritorno del genere perch\u00e9 le giocatrici che ci sono oggi non vendono quello che vendeva lei. Io, comunque, mi porto i popcorn in studio a Sky e me la guardo&#8221;.<\/p>\n<p class=\"is-copyright\">\u00a9 RIPRODUZIONE RISERVATA<\/p>\n","protected":false},"excerpt":{"rendered":"L&#8217;ex tennista commenta il ritorno in campo della sua rivale storica e analizza il Wimbledon di Sinner, Cobolli,&hellip;\n","protected":false},"author":3,"featured_media":558280,"comment_status":"","ping_status":"","sticky":false,"template":"","format":"standard","meta":{"footnotes":"","_share_on_mastodon":"0"},"categories":[1457],"tags":[1265,2537,3049,3439,921,1902,9713,20222,82379,3449,122,1367,1278,15504,1426,33023,9090,18672,4036,1889,1537,90,89,1269,19629,13617,6110,1894,114,3171,19630,14618,48645,10360,1918,3675,38248,13528,10321,366,270,3423,245,244,1273,1274],"class_list":["post-558279","post","type-post","status-publish","format-standard","has-post-thumbnail","category-tennis","tag-alcaraz","tag-altra","tag-berrettini","tag-bisogna","tag-campo","tag-carriera","tag-china","tag-cobolli","tag-competere","tag-consapevolezza","tag-cose","tag-credo","tag-davvero","tag-fabio","tag-finale","tag-finale-slam","tag-flavia","tag-flavio","tag-gestire","tag-giocare","tag-it","tag-italia","tag-italy","tag-jannik","tag-jasmine","tag-jasmine-paolini","tag-livello","tag-match","tag-matteo","tag-palla","tag-paolini","tag-pazza","tag-pennetta","tag-pressione","tag-quei","tag-ritorno","tag-serena-williams","tag-serena","tag-singolare","tag-sinner","tag-sky","tag-slam","tag-sport","tag-sports","tag-tennis","tag-wimbledon"],"share_on_mastodon":{"url":"https:\/\/pubeurope.com\/@it\/116820954598275374","error":""},"_links":{"self":[{"href":"https:\/\/www.europesays.com\/it\/wp-json\/wp\/v2\/posts\/558279","targetHints":{"allow":["GET"]}}],"collection":[{"href":"https:\/\/www.europesays.com\/it\/wp-json\/wp\/v2\/posts"}],"about":[{"href":"https:\/\/www.europesays.com\/it\/wp-json\/wp\/v2\/types\/post"}],"author":[{"embeddable":true,"href":"https:\/\/www.europesays.com\/it\/wp-json\/wp\/v2\/users\/3"}],"replies":[{"embeddable":true,"href":"https:\/\/www.europesays.com\/it\/wp-json\/wp\/v2\/comments?post=558279"}],"version-history":[{"count":0,"href":"https:\/\/www.europesays.com\/it\/wp-json\/wp\/v2\/posts\/558279\/revisions"}],"wp:featuredmedia":[{"embeddable":true,"href":"https:\/\/www.europesays.com\/it\/wp-json\/wp\/v2\/media\/558280"}],"wp:attachment":[{"href":"https:\/\/www.europesays.com\/it\/wp-json\/wp\/v2\/media?parent=558279"}],"wp:term":[{"taxonomy":"category","embeddable":true,"href":"https:\/\/www.europesays.com\/it\/wp-json\/wp\/v2\/categories?post=558279"},{"taxonomy":"post_tag","embeddable":true,"href":"https:\/\/www.europesays.com\/it\/wp-json\/wp\/v2\/tags?post=558279"}],"curies":[{"name":"wp","href":"https:\/\/api.w.org\/{rel}","templated":true}]}}