{"id":558333,"date":"2026-06-27T08:29:18","date_gmt":"2026-06-27T08:29:18","guid":{"rendered":"https:\/\/www.europesays.com\/it\/558333\/"},"modified":"2026-06-27T08:29:18","modified_gmt":"2026-06-27T08:29:18","slug":"milano-si-sottomette-allislam-maxi-corteo-con-le-donne-recintate-il-tempo","status":"publish","type":"post","link":"https:\/\/www.europesays.com\/it\/558333\/","title":{"rendered":"Milano si sottomette all&#8217;Islam: maxi corteo con le donne recintate \u2013 Il Tempo"},"content":{"rendered":"<p>            <img decoding=\"async\" src=\"https:\/\/www.europesays.com\/it\/wp-content\/uploads\/2026\/06\/054802698-00cc50b2-6627-4da1-8e90-4e856e4c8e58.jpg\" class=\"lazy\" alt=\"\"\/><\/p>\n<p class=\"briefly\">Costrette a partecipare separate dagli uomini che si battono il petto in segno di penitenza. \u00c8 la ricorrenza sciita della Ashura<\/p>\n<p>\t\t\t\t\t\t\t<a href=\"\" class=\"author\">Christian Campigli<\/a><\/p>\n<p>\t\t\t\t\t\t\t27 giugno 2026<\/p>\n<p>Nabatiyeh chiama, Milano risponde. Il capoluogo lombardo \u00e8 stato ieri teatro della rievocazione musulmana dell\u2019Ashura. Nonostante il caldo da record, la stazione Centrale \u00e8 stata letteralmente presa d\u2019assalto. Migliaia di persone si sono radunate in Piazza Duca d\u2019Aosta e poi hanno percorso via Vittor Pisani, bloccando anche il traffico. Dal Libano all\u2019Iraq, passando per l\u2019Iran e i paesi del Nordafrica, per due giorni i musulmani sunniti e quelli sciiti di tutto il mondo hanno celebrato l\u2019Ashura, una delle ricorrenze sacre pi\u00f9 importanti dell&#8217;anno islamico, che d\u00e0 luogo a interpretazioni e pratiche differenti tra le due comunit\u00e0 (tutt&#8217;altro che solidali tra loro). Ashura significa letteralmente \u00abil decimo\u00bb in arabo e cade nel primo mese del calendario islamico, il Muharram.<\/p>\n<p>Per i musulmani sunniti, l\u2019Ashura \u00e8 il giorno in cui il profeta Nuh (No\u00e8) sbarc\u00f2 dalla sua Arca dopo il diluvio sul monte Judi, nonch\u00e9 il giorno in cui Allah salv\u00f2 il profeta Musa (Mos\u00e8) dal faraone dividendo il Mar Rosso e garantendo il passaggio sicuro ai Figli d&#8217;Israele fuori dall\u2019Egitto. Per i musulmani sciiti, l\u2019Ashura \u00e8 il momento pi\u00f9 sacro dell&#8217;anno, ma \u00e8 un giorno di lutto: si commemora il martirio dell\u2019imam Hussein, nipote del profeta Maometto, nella battaglia nel 680 d.C. Hussein fu ucciso a Karbala, nell&#8217;odierno Iraq, quando con i suoi seguaci si scontr\u00f2 con le forze omayyadi fedeli al califfo Yazid I. Nella citt\u00e0 di Nabatiyeh, nel Libano meridionale, decine di persone si sono radunate nei pressi della piazza principale, gran parte della quale \u00e8 stata distrutta dagli attacchi aerei israeliani delle ultime settimane. I partecipanti hanno affermato che la cerimonia \u00e8 stata anche una dimostrazione di resilienza. La processione infatti si \u00e8 svolta tra le macerie di Nabatiyeh.<\/p>\n<p>\u00a0<\/p>\n<p>\t\t\t\t\t\t\t\t<a href=\"https:\/\/www.iltempo.it\/roma-capitale\/2026\/06\/19\/news\/roma-parco-colle-oppio-arriva-la-sharia-48231363\/\" rel=\"nofollow noopener\" target=\"_blank\"><\/p>\n<p>\t\t\t\t\t\t\t\t\t\t<img decoding=\"async\" src=\"https:\/\/img.iltempo.it\/images\/2026\/06\/18\/192319964-8bbaac92-4572-47ba-861c-20f269a8c449.jpg\" class=\"lazy\" alt=\"Sharia al Colosseo, clochard picchiato perch\u00e9 non segue le regole dell'islam\" bad-src=\"https:\/\/www.europesays.com\/it\/wp-content\/uploads\/2025\/07\/placeholder_iltempo.png\"\/><\/p>\n<p>\t\t\t\t\t\t\t\t<\/a><\/p>\n<p>I Milanesi, ma anche i turisti presenti in citt\u00e0, hanno assistito alla dimostrazione plastica di come il Nuovo partito Islamico non sia pi\u00f9 solo un\u2019ipotesi. Nei pressi della stazione meneghina, migliaia di sciiti sono accorsi per battersi il petto in segno di penitenza. Surreale non solo l\u2019effetto visivo che trasmette quell\u2019esternazione, ma anche il rumore dei corpi sudati. Il tutto, tra enormi bandiere islamiche, in una prova di forza che dimostra che l\u2019islamizzazione nel nostro Paese stia diventano una (preoccupante) certezza. La nostra attenzione viene poi catalizzata da un secondo passaggio emblematico: come gi\u00e0 osservato l\u2019anno scorso, le donne (tutte velate) sono separate in modo ben visibile dagli uomini durante il corteo, all\u2019interno di recinti e posizionate dietro un telo nero, alle spalle di un camion.<\/p>\n<p>\u00abSiamo di fronte all\u2019ennesimo episodio di evidente discriminazione nei confronti delle donne, che ormai \u00e8 consuetudine in molte comunit\u00e0 musulmane \u2013 ha sottolineato il vicesegretario della Lega, Silvia Sardone &#8211; Il sindaco Sala non ha nulla da dire di fronte a queste immagini? Schlein, Boldrini e il Partito Democratico considerano queste scene un arricchimento culturale e un\u2019integrazione positiva? Le femministe staranno in silenzio come al solito, pur di non affrontare il tema del patriarcato islamico?\u00bb. L\u2019europarlamentare del Carroccio ha poi evidenziato il problema politico. \u00abOltre all\u2019oppressione femminile, colpisce il numero dei presenti e l\u2019islamismo sempre pi\u00f9 evidente. Il rischio serio \u00e8 che, in nome del politicamente corretto e di una finta integrazione, continueremo a nascondere o censurare i nostri simboli, la nostra cultura e la nostra identit\u00e0 per subire tradizioni che non ci appartengono e sono inconciliabili con i nostri valori, a partire dalla libert\u00e0 delle donne\u00bb.<\/p>\n","protected":false},"excerpt":{"rendered":"Costrette a partecipare separate dagli uomini che si battono il petto in segno di penitenza. \u00c8 la ricorrenza&hellip;\n","protected":false},"author":3,"featured_media":558334,"comment_status":"","ping_status":"","sticky":false,"template":"","format":"standard","meta":{"footnotes":"","_share_on_mastodon":"0"},"categories":[79],"tags":[14,93,94,1634,1537,90,89,28,7,15,11,84,91,12,85,92],"class_list":["post-558333","post","type-post","status-publish","format-standard","has-post-thumbnail","category-italia","tag-cronaca","tag-cronaca-italiana","tag-cronacaitaliana","tag-islam","tag-it","tag-italia","tag-italy","tag-milano","tag-news","tag-notizie","tag-ultime-notizie","tag-ultime-notizie-e-news-di-oggi","tag-ultime-notizie-italia","tag-ultimenotizie","tag-ultimenotizieenewsdioggi","tag-ultimenotizieitalia"],"share_on_mastodon":{"url":"https:\/\/pubeurope.com\/@it\/116821136018795080","error":""},"_links":{"self":[{"href":"https:\/\/www.europesays.com\/it\/wp-json\/wp\/v2\/posts\/558333","targetHints":{"allow":["GET"]}}],"collection":[{"href":"https:\/\/www.europesays.com\/it\/wp-json\/wp\/v2\/posts"}],"about":[{"href":"https:\/\/www.europesays.com\/it\/wp-json\/wp\/v2\/types\/post"}],"author":[{"embeddable":true,"href":"https:\/\/www.europesays.com\/it\/wp-json\/wp\/v2\/users\/3"}],"replies":[{"embeddable":true,"href":"https:\/\/www.europesays.com\/it\/wp-json\/wp\/v2\/comments?post=558333"}],"version-history":[{"count":0,"href":"https:\/\/www.europesays.com\/it\/wp-json\/wp\/v2\/posts\/558333\/revisions"}],"wp:featuredmedia":[{"embeddable":true,"href":"https:\/\/www.europesays.com\/it\/wp-json\/wp\/v2\/media\/558334"}],"wp:attachment":[{"href":"https:\/\/www.europesays.com\/it\/wp-json\/wp\/v2\/media?parent=558333"}],"wp:term":[{"taxonomy":"category","embeddable":true,"href":"https:\/\/www.europesays.com\/it\/wp-json\/wp\/v2\/categories?post=558333"},{"taxonomy":"post_tag","embeddable":true,"href":"https:\/\/www.europesays.com\/it\/wp-json\/wp\/v2\/tags?post=558333"}],"curies":[{"name":"wp","href":"https:\/\/api.w.org\/{rel}","templated":true}]}}