{"id":558352,"date":"2026-06-27T08:52:15","date_gmt":"2026-06-27T08:52:15","guid":{"rendered":"https:\/\/www.europesays.com\/it\/558352\/"},"modified":"2026-06-27T08:52:15","modified_gmt":"2026-06-27T08:52:15","slug":"loredana-berte-domenica-al-lazzaretto","status":"publish","type":"post","link":"https:\/\/www.europesays.com\/it\/558352\/","title":{"rendered":"Loredana Bert\u00e8 domenica al Lazzaretto"},"content":{"rendered":"\n<p>Regina incontrastata del rock italiano, decenni di carriera alle spalle, Loredana Bert\u00e8 torna in citt\u00e0, domenica 28 giugno, al festival \u00abLazzaretto Estate 2026\u00bb (inizio ore 21.30; biglietti disponibili). Lontana dall\u2019immagine classica della cantante italiana, \u00e8 una \u00abbad girl\u00bb che ha dato anima e corpo a una discografia esemplare, nata dalla fruttuosa collaborazione con autori importanti, da Fossati a Pino Daniele in grande spaccata. Dalle hit degli anni Settanta, sino ai recenti successi sanremesi, la qualit\u00e0 artistica della Bert\u00e8 si \u00e8 affermata nella volont\u00e0 di <strong class=\"nero\">attraversare tutte le musiche<\/strong>, dal beat in poi, passando per la \u00abtrilogia Fossati\u00bb che a tutt\u2019oggi resta il punto pi\u00f9 alto della sua carriera. Sempre al pezzo, sempre in cerca delle canzoni che parlano la sua lingua. <\/p>\n<p>\u00abHo conservato la stessa curiosit\u00e0 degli inizi e continuo a cercare\u00bb, spiega Loredana. \u00abOgni volta per buttarmi in un nuovo progetto devo convincermi al cento per cento. Sto ascoltando tanti pezzi per uscire con un nuovo album, ne abbiamo sentiti molti e selezionati pochi. \u00c8 un processo creativo impegnativo. Uscir\u00f2 con un altro disco solo quando sar\u00f2 pronta\u00bb.<\/p>\n<p>  Quasi trent\u2019anni fa in un pezzo come \u00abRap di fine secolo\u00bb, cantava: \u00abGuerre e guerre di religione \/ E genocidi di popolazioni \/ Fame, peste e carestia \/ E l\u2019America per polizia\u00bb. Si sarebbe immaginata che questa canzone mantenesse una cos\u00ec stretta attualit\u00e0? <\/p>\n<p class=\"risposta\">\u00abMi hanno fatto notare tante volte la tremenda attualit\u00e0 di questa canzone. Stiamo vivendo anni veramente terribili, per questo dobbiamo mantenere l\u2019attenzione sempre alta e continuare a combattere contro le ingiustizie. Oggi \u00e8 tutto un casino. Il mondo sembra sia stato rovesciato\u00bb.<\/p>\n<p>  Cosa ha comportato \u00abessere rock\u00bb, andare sempre in direzione ostinata e contraria, sovvertendo spesso le regole? <\/p>\n<p class=\"risposta\">\u00abEssere scomodi non \u00e8 stato per niente semplice, ma se questo \u00e8 il prezzo da pagare per la libert\u00e0, va bene cos\u00ec. Ricordo sempre ai giovani che avere personalit\u00e0 significa essere unici\u00bb.<\/p>\n<p>  Il tema del femminile \u00e8 una costante nella sua vita, nel percorso artistico. A che punto sono le donne? <\/p>\n<p class=\"risposta\">\u00abPurtroppo oggi vedo che tante conquiste del passato sono di nuovo messe in discussione, si vuole ancora dire alle donne cosa devono pensare, come si devono vestire, si \u00e8 tornati ad imporre chi devono amare. Non \u00e8 accettabile che oggi ci sia qualcuno che vuole rimetterci dietro ai fornelli, toglierci la possibilit\u00e0 di votare\u00bb.<\/p>\n<blockquote class=\"quote-article-cont\">\n<p>\u00abEssere scomodi non \u00e8 stato per niente semplice, ma se questo \u00e8 il prezzo da pagare per la libert\u00e0, va bene cos\u00ec. Ricordo sempre ai giovani che avere personalit\u00e0 significa essere unici\u00bb<\/p>\n<\/blockquote>\n<p>  Che idea s\u2019\u00e8 fatta dei giovani? A suo vedere c\u2019\u00e8 ancora spazio per una sana ribellione? <\/p>\n<p class=\"risposta\">\u00abAi miei concerti vedo tanta bella giovent\u00f9, questo mi d\u00e0 speranza, vedo che ragionano con la propria testa, anche se stanno facendo di tutto per farli vivere nel torpore\u00bb.<\/p>\n<blockquote class=\"quote-article-cont\">\n<p>\u00abC\u2019\u00e8 un album realizzato in Brasile tra il 1984 e il 1985 che la mia casa discografica non comprese. Lo amo moltissimo, s\u2019intitola \u201cCarioca\u201d\u00bb<\/p>\n<\/blockquote>\n<p>  Si \u00e8 raccontata in tv senza reticenze, passando dalla carriera alla sfera privata. Cosa le piace di s\u00e9 e cosa cambierebbe col senno di poi? <\/p>\n<p class=\"risposta\">\u00abPer la carriera non credo di dover dimostrare pi\u00f9 niente a nessuno, nella sfera privata ho imparato ad accettarmi con i miei difetti. Nessuno \u00e8 perfetto\u00bb.<\/p>\n<p>  C\u2019\u00e8 una canzone che ama e non ha ottenuto la sperata attenzione? <\/p>\n<p class=\"risposta\">\u00abC\u2019\u00e8 un album realizzato in Brasile tra il 1984 e il 1985 che la mia casa discografica non comprese. Lo amo moltissimo, s\u2019intitola \u201cCarioca\u201d\u00bb.<\/p>\n<p>  Cosa le ha dato l\u2019esperienza di \u00abThe Voice\u00bb, grandi e piccoli? <\/p>\n<p class=\"risposta\">\u00ab\u00c8 una bella esperienza, vedere grandi e piccoli che si mettono in gioco con il loro talento, le loro passioni. D\u00e0 grande emozione\u00bb.<\/p>\n<p>  Cosa vorrebbe che accadesse ancora nella sua carriera. Al film di un grande regista ha detto no, ma ha cucinato pasta per la Factory di Andy Warhol. Ha conosciuto e frequentato artisti straordinari. C\u2019\u00e8 ancora qualcosa che vorrebbe fare? <\/p>\n<p class=\"risposta\">\u00abUna cosa che ancora non ho fatto e che potrei realizzare in futuro potrebbe essere un album di cover. Come dicevo prima ho fatto veramente tutto quello che desideravo, sono riuscita anche a doppiare \u201cLa famiglia Addams\u201d, vediamo se riesco a fare un film con Tim Burton!\u00bb.<\/p>\n","protected":false},"excerpt":{"rendered":"Regina incontrastata del rock italiano, decenni di carriera alle spalle, Loredana Bert\u00e8 torna in citt\u00e0, domenica 28 giugno,&hellip;\n","protected":false},"author":3,"featured_media":558353,"comment_status":"","ping_status":"","sticky":false,"template":"","format":"standard","meta":{"footnotes":"","_share_on_mastodon":"0"},"categories":[174],"tags":[37860,1615,1644,203,204,1537,90,89,37199,1539,44398,1733,2257,9053],"class_list":["post-558352","post","type-post","status-publish","format-standard","has-post-thumbnail","category-intrattenimento","tag-andy-warhol","tag-arte","tag-cultura","tag-entertainment","tag-intrattenimento","tag-it","tag-italia","tag-italy","tag-loredana-berte","tag-musica","tag-pino-daniele","tag-polizia-di-stato","tag-rock-and-roll","tag-tim-burton"],"share_on_mastodon":{"url":"https:\/\/pubeurope.com\/@it\/116821226346465205","error":""},"_links":{"self":[{"href":"https:\/\/www.europesays.com\/it\/wp-json\/wp\/v2\/posts\/558352","targetHints":{"allow":["GET"]}}],"collection":[{"href":"https:\/\/www.europesays.com\/it\/wp-json\/wp\/v2\/posts"}],"about":[{"href":"https:\/\/www.europesays.com\/it\/wp-json\/wp\/v2\/types\/post"}],"author":[{"embeddable":true,"href":"https:\/\/www.europesays.com\/it\/wp-json\/wp\/v2\/users\/3"}],"replies":[{"embeddable":true,"href":"https:\/\/www.europesays.com\/it\/wp-json\/wp\/v2\/comments?post=558352"}],"version-history":[{"count":0,"href":"https:\/\/www.europesays.com\/it\/wp-json\/wp\/v2\/posts\/558352\/revisions"}],"wp:featuredmedia":[{"embeddable":true,"href":"https:\/\/www.europesays.com\/it\/wp-json\/wp\/v2\/media\/558353"}],"wp:attachment":[{"href":"https:\/\/www.europesays.com\/it\/wp-json\/wp\/v2\/media?parent=558352"}],"wp:term":[{"taxonomy":"category","embeddable":true,"href":"https:\/\/www.europesays.com\/it\/wp-json\/wp\/v2\/categories?post=558352"},{"taxonomy":"post_tag","embeddable":true,"href":"https:\/\/www.europesays.com\/it\/wp-json\/wp\/v2\/tags?post=558352"}],"curies":[{"name":"wp","href":"https:\/\/api.w.org\/{rel}","templated":true}]}}