{"id":558404,"date":"2026-06-27T09:44:15","date_gmt":"2026-06-27T09:44:15","guid":{"rendered":"https:\/\/www.europesays.com\/it\/558404\/"},"modified":"2026-06-27T09:44:15","modified_gmt":"2026-06-27T09:44:15","slug":"goncalo-ramos-chi-e-il-nuovo-centravanti-del-milan","status":"publish","type":"post","link":"https:\/\/www.europesays.com\/it\/558404\/","title":{"rendered":"Goncalo Ramos: chi \u00e8 il nuovo centravanti del Milan"},"content":{"rendered":"<p>    di<br \/>\n    Salvatore Riggio<\/p>\n<p class=\"summary-art is-line-h-12\">Il Psg ricever\u00e0  70 milioni per cedere il suo cartellino: \u00e8 l&#8217;acquisto pi\u00f9 costoso della storia dei rossoneri<\/p>\n<p class=\"chapter-paragraph\">Il calciomercato estivo italiano del 2026 freme davanti alla trattativa pi\u00f9 clamorosa e onerosa fino a questo punto della stagione: <b>Gon\u00e7alo Ramos, 25 anni appena compiuti,\u00a0<\/b>\u00e8 a un passo <a href=\"https:\/\/www.corriere.it\/sport\/calciomercato\/26_giugno_26\/goncalo-ramos-milan-mercato-6193bb18-7e5d-4739-9d23-52b948139xlk.shtml\" title=\"Goncalo Ramos al Milan, \u00e8 fatta: si chiude a 70 milioni, i dettagli del super affare\" rel=\"nofollow noopener\" target=\"_blank\">dal diventare un nuovo giocatore del Milan<\/a>. L\u2019accordo con il <b>Psg <\/b>\u00e8 ormai ai dettagli per una cifra record di circa 65 milioni di euro pi\u00f9 5 di bonus. Un investimento che, una volta formalizzato, superer\u00e0 persino quello storico per <b>Rafael Leao<\/b>, rendendo l\u2019attaccante classe 2001 l\u2019acquisto pi\u00f9 costoso di sempre nella storia del club rossonero.\u00a0<\/p>\n<p class=\"chapter-paragraph\">Fortemente voluto dal neo allenatore <b>Ruben Amorim <\/b>per guidare il reparto offensivo del suo 3-4-2-1, il centravanti portoghese rappresenta l\u2019operazione pi\u00f9 importante in serie A dai tempi dell\u2019arrivo di Lukaku all\u2019Inter nel 2019 e si appresta a legarsi al Milan con un ingaggio da circa 4 milioni di euro all\u2019anno. Nato a Olh\u00e3o, nello splendido scenario dell\u2019Algarve, Gon\u00e7alo cresce in una famiglia totalmente immersa nel calcio, essendo figlio dell\u2019ex calciatore Manuel e nipote di un altro professionista,<b> Miguel Teixeira. <\/b>Una passione cos\u00ec viscerale da ragazzino, quando segnava gi\u00e0 30 gol a stagione giocando da numero otto, da creare persino qualche simpatica discussione in casa con il nonno, accanito sostenitore dello Sporting Lisbona, la rivale storica del Benfica che fu invece la squadra che lo port\u00f2 a Lisbona a soli 12 anni.\u00a0    &#13;<br \/>\n&#13;<br \/>\n&#13;<br \/>\n&#13;<br \/>\n&#13;<br \/>\n&#13;<br \/>\n&#13;<br \/>\n&#13;<br \/>\n&#13;<br \/>\n&#13;<br \/>\n&#13;<br \/>\n&#13;<br \/>\n&#13;<br \/>\n&#13;<br \/>\n&#13;<br \/>\n&#13;<br \/>\n&#13;<br \/>\n&#13;<br \/>\n&#13;<br \/>\n&#13;<br \/>\n&#13;<br \/>\n&#13;<br \/>\n&#13;<br \/>\n&#13;<br \/>\n&#13;<br \/>\n&#13;<br \/>\n&#13;<br \/>\n&#13;<br \/>\n&#13;<br \/>\n&#13;<br \/>\n&#13;<br \/>\n&#13;<br \/>\n&#13;<br \/>\n&#13;<br \/>\n&#13;<br \/>\n&#13;<br \/>\n&#13;<br \/>\n&#13;<br \/>\n&#13;<br \/>\n&#13;<br \/>\n&#13;<br \/>\n&#13;<br \/>\n&#13;<br \/>\n&#13;<br \/>\n&#13;<br \/>\n&#13;<br \/>\n&#13;<br \/>\n&#13;<br \/>\n&#13;<br \/>\n&#13;<br \/>\n&#13;<br \/>\n&#13;<br \/>\n&#13;\n<\/p>\n<p class=\"chapter-paragraph\">Le giovanili delle Aquile sono state la culla della sua esplosione, culminata con il titolo di capocannoniere della Youth League insieme a Roberto Piccoli e con un debutto da sogno in prima squadra nel 2020, segnando due gol in appena otto minuti. Da l\u00ec in poi la sua strada incrocia continuamente il destino dei predestinati, come quando a 20 anni ha trafitto il Liverpool ad Anfield o come la leggendaria notte del 6 dicembre ai Mondiali in Qatar, quando sostitu\u00ec Cristiano Ronaldo contro la Svizzera segnando una tripletta epica al debutto da titolare, eguagliando i primati di Pel\u00e9 e Klose. Ribattezzato in patria<b> \u00abFeiticeiro de Olh\u00e3o\u00bb, lo Stregone<\/b>, per la sua magica capacit\u00e0 di calamitare sui propri piedi ogni rimpallo, Ramos unisce la fisicit\u00e0 dei suoi 185 centimetri a una tecnica raffinata, celebrando ogni gol con liconica esultanza da pistolero consigliata dal padre e mostrando una leadership innata, la stessa che a 20 anni lo spingeva a strigliare i compagni nello spogliatoio durante un derby. Dietro i successi con il <b>Psg<\/b>, con il quale ha conquistato un Triplete storico inclusa la Champions League viaggiando alla spaventosa media di un gol ogni 98 minuti pur partendo spesso dalla panchina, batte per\u00f2 il cuore di un uomo dai valori saldi, legatissimo alla compagna <b>Margarida Amaral Domingues<\/b> e al piccolo Bernardo, nato nel 2025.\u00a0<\/p>\n<p class=\"chapter-paragraph\">\u00c8 proprio la sua vita privata a regalare l\u2019aneddoto pi\u00f9 romantico e significativo di questa estate di trattative: la coppia aveva infatti programmato il matrimonio per il 18 luglio 2026, ma Gon\u00e7alo ha chiesto di posticipare la data delle nozze dopo aver ricevuto la convocazione per i Mondiali attualmente in corso, poich\u00e9 la finale del torneo si disputer\u00e0 il giorno successivo, il 19 luglio, e l\u2019attaccante ha voluto azzerare ogni distrazione pur di cullare il sogno di portare il Portogallo sul tetto del mondo. Proprio al Mondiale, <b>Gon\u00e7alo Ramos <\/b>ha iniziato a tracciare la sua rotta verso Milano, pronto a caricare le sue pistole a San Siro e a comporre con Pulisic e il connazionale Leao un tridente nato per far sognare il popolo rossonero.<\/p>\n<p class=\"is-last-update\" datetime=\"2026-06-27T09:29:08+02:00\">27 giugno 2026 ( modifica il 27 giugno 2026 | 09:29)<\/p>\n<p class=\"is-copyright\">\n            \u00a9 RIPRODUZIONE RISERVATA\n        <\/p>\n","protected":false},"excerpt":{"rendered":"di Salvatore Riggio Il Psg ricever\u00e0 70 milioni per cedere il suo cartellino: \u00e8 l&#8217;acquisto pi\u00f9 costoso della&hellip;\n","protected":false},"author":3,"featured_media":558405,"comment_status":"","ping_status":"","sticky":false,"template":"","format":"standard","meta":{"footnotes":"","_share_on_mastodon":"0"},"categories":[176],"tags":[61291,2842,43522,307931,2201,562,12837,5373,307932,10607,724,1976,39996,39997,1537,90,89,1980,8007,21098,426,553,3479,4422,2737,307933,14393,4804,24823,9611,54644,2526,245,244,1857,577,1567,7946,27425],"class_list":["post-558404","post","type-post","status-publish","format-standard","has-post-thumbnail","category-sport","tag-accanito","tag-acquisto","tag-acquisto-costoso","tag-acquisto-costoso-storia","tag-appena","tag-attaccante","tag-centravanti","tag-costoso","tag-costoso-storia","tag-debutto","tag-euro","tag-gol","tag-goncalo","tag-goncalo-ramos","tag-it","tag-italia","tag-italy","tag-league","tag-leao","tag-lisbona","tag-luglio","tag-milan","tag-minuti","tag-mondiali","tag-nato","tag-olhao","tag-psg","tag-pur","tag-ramos","tag-rossonero","tag-segnando","tag-sogno","tag-sport","tag-sports","tag-squadra","tag-stagione","tag-storia","tag-storico","tag-voluto"],"share_on_mastodon":{"url":"https:\/\/pubeurope.com\/@it\/116821430281704690","error":""},"_links":{"self":[{"href":"https:\/\/www.europesays.com\/it\/wp-json\/wp\/v2\/posts\/558404","targetHints":{"allow":["GET"]}}],"collection":[{"href":"https:\/\/www.europesays.com\/it\/wp-json\/wp\/v2\/posts"}],"about":[{"href":"https:\/\/www.europesays.com\/it\/wp-json\/wp\/v2\/types\/post"}],"author":[{"embeddable":true,"href":"https:\/\/www.europesays.com\/it\/wp-json\/wp\/v2\/users\/3"}],"replies":[{"embeddable":true,"href":"https:\/\/www.europesays.com\/it\/wp-json\/wp\/v2\/comments?post=558404"}],"version-history":[{"count":0,"href":"https:\/\/www.europesays.com\/it\/wp-json\/wp\/v2\/posts\/558404\/revisions"}],"wp:featuredmedia":[{"embeddable":true,"href":"https:\/\/www.europesays.com\/it\/wp-json\/wp\/v2\/media\/558405"}],"wp:attachment":[{"href":"https:\/\/www.europesays.com\/it\/wp-json\/wp\/v2\/media?parent=558404"}],"wp:term":[{"taxonomy":"category","embeddable":true,"href":"https:\/\/www.europesays.com\/it\/wp-json\/wp\/v2\/categories?post=558404"},{"taxonomy":"post_tag","embeddable":true,"href":"https:\/\/www.europesays.com\/it\/wp-json\/wp\/v2\/tags?post=558404"}],"curies":[{"name":"wp","href":"https:\/\/api.w.org\/{rel}","templated":true}]}}