{"id":558425,"date":"2026-06-27T10:04:15","date_gmt":"2026-06-27T10:04:15","guid":{"rendered":"https:\/\/www.europesays.com\/it\/558425\/"},"modified":"2026-06-27T10:04:15","modified_gmt":"2026-06-27T10:04:15","slug":"mercato-inter-caccia-allesterno-diaby-norton-cuffy-e-wesley-il-punto-dopo-palestra","status":"publish","type":"post","link":"https:\/\/www.europesays.com\/it\/558425\/","title":{"rendered":"Mercato Inter, caccia all&#8217;esterno: Diaby, Norton-Cuffy e&#8230; Wesley, il punto dopo Palestra"},"content":{"rendered":"<p>                                La scelta di Palestra di andare al Chelsea modifica gli scenari sul mercato nerazzurro: cos\u00ec ha ripreso il via la caccia per regalare a Chivu un esterno all&#8217;altezza<\/p>\n<p class=\"paragraph\" spellcheck=\"true\">Qualcuno sostiene che il tempo sia la medicina migliore per cicatrizzare una delusione. E allora per dimenticare il nome Palestra e soprattutto individuare l\u2019obiettivo ideale a cui affidare la fascia destra &#8211; rimasta vacante dopo l\u2019addio di Dumfries e il mancato arrivo dell\u2019ex Cagliari \u2013 l\u2019Inter ha scelto la filosofia della pazienza. Del resto, \u00e8 cosa buona valutare e riflettere con la massima attenzione la mano su cui puntare tutte le proprie fiches come inizialmente era stato stabilito (il ruolo di esterno destro, se ancora sar\u00e0 cos\u00ec), sezionando al microscopio ogni nome iscritto alla lista dei preferiti nerazzurri.<\/p>\n<p>        vecchie fiamme\u2014 \u00a0<\/p>\n<p class=\"paragraph\" spellcheck=\"true\">Un\u2019idea ancora viva che non dovrebbe comportare un esborso esagerato ma garantirebbe qualit\u00e0 e duttilit\u00e0 \u00e8 quella che porta a Moussa Diaby dell\u2019Al-Ittihad. Il francese, acquistato dal club arabo per la cifra monstre di 60 milioni di euro un paio di stagioni fa, ha visto il costo del proprio cartellino deprezzarsi sensibilmente e dopo aver sfiorato l\u2019Inter nel gennaio scorso potrebbe essere preso nuovamente in considerazione. Ma non \u00e8 l\u2019unico ritorno di fiamma su cui l\u2019Inter potrebbe soffiare, perch\u00e9 proprio nello stesso mercato invernale pure Brooke Norton-Cuffy del Genoa era stato vicinissimo. La dirigenza nerazzurra aveva \u201capparecchiato\u201d il futuro in caso di addio a Dumfries, quando l\u2019olandese sembrava diretto verso Liverpool, trovando l\u2019accordo sia con l\u2019esterno inglese che con la societ\u00e0 rossobl\u00f9. La partenza rinviata di Denzel aveva per\u00f2 messo tutto in standby. Il  Genoa chiede circa 18  milioni per lasciar partire Norton-Cuffy, ma nel frattempo \u00e8 cresciuta la concorrenza con Juve, Napoli e Fiorentina vigili .  Resiste poi anche un\u2019opzione pi\u00f9 esotica, la pista israeliana che porterebbe ad Anan Khalaili  dell\u2019Union Saint-Gilloise. Tatticamente l\u2019esterno che appare tra i pi\u00f9 adatti al 3-5-2 dell\u2019Inter, avendo occupato proprio quel ruolo non solo nel campionato belga ma pure in Champions League. Khalaili era stato proposto al club qualche settimana fa e la dirigenza si \u00e8 presa il tempo necessario per valutare pro e contro di un eventuale affondo, ma nel frattempo si \u00e8 inserito il Napoli che ha avviato colloqui approfonditi con il club belga: il via libera potrebbe arrivare con una proposta da una ventina di milioni.<\/p>\n<p><a class=\"is-partner-link\" href=\"https:\/\/aipredictor.gazzetta.it\/?intcmp=calciomercato\" rel=\"nofollow noopener\" target=\"_blank\">Promo Mondiale 1\u20ac al mese per 3 mesi &#8211; Scopri chi vince con Gazzetta AI Predictor!<\/a><\/p>\n<p>        scenario complesso\u2014 \u00a0<\/p>\n<p class=\"paragraph\" spellcheck=\"true\">Un altro profilo molto apprezzato, in casa Inter, \u00e8 quello di Wesley della Roma. Il brasiliano ha il gradimento di tutte le componenti nerazzurre, da quella tecnica (Chivu) a quella della propriet\u00e0. Ma si tratta di una pista parecchio complessa, considerando che la dirigenza giallorossa ha risposto picche proprio al Chelsea prima che i Blues virassero con tale decisione su Palestra. \u00c8 vero che la Roma deve rispettare i vincoli firmati nel settlment agreement con la Uefa e non ha ancora raggiunto le plusvalenze promesse, ma la sensazione \u00e8 che Gasperini reputi il brasiliano il meno sacrificabile tra tutti i gioielli della sua boutique. Cos\u00ec l\u2019Inter \u00e8 rientrata in una profonda fase di valutazioni, per non sparare a salve in una zona cruciale nel gioco di Chivu e dell\u2019intera squadra nerazzurra.<\/p>\n<p class=\"is-copyright\">\u00a9 RIPRODUZIONE RISERVATA<\/p>\n","protected":false},"excerpt":{"rendered":"La scelta di Palestra di andare al Chelsea modifica gli scenari sul mercato nerazzurro: cos\u00ec ha ripreso il&hellip;\n","protected":false},"author":3,"featured_media":558426,"comment_status":"","ping_status":"","sticky":false,"template":"","format":"standard","meta":{"footnotes":"","_share_on_mastodon":"0"},"categories":[1452],"tags":[579,307966,307967,3470,307968,2983,307965,279,4433,721,5368,2839,554,57066,3177,192349,5524,31512,3073,1740,6298,350,1537,90,89,192610,1412,248,24737,1693,70634,77114,6843,696,987,138,1739,245,244,38486],"class_list":["post-558425","post","type-post","status-publish","format-standard","has-post-thumbnail","category-calcio","tag-accordo","tag-accordo-esterno","tag-accordo-esterno-inglese","tag-acquistato","tag-acquistato-club","tag-addio","tag-addio-dumfries","tag-belga","tag-brasiliano","tag-calcio","tag-chelsea","tag-chivu","tag-club","tag-cuffy","tag-destra","tag-diaby","tag-dirigenza","tag-dumfries","tag-esterno","tag-football","tag-genoa","tag-inter","tag-it","tag-italia","tag-italy","tag-khalaili","tag-mercato","tag-napoli","tag-nerazzurra","tag-nome","tag-norton","tag-norton-cuffy","tag-palestra","tag-pista","tag-roma","tag-ruolo","tag-soccer","tag-sport","tag-sports","tag-valutare"],"share_on_mastodon":{"url":"https:\/\/pubeurope.com\/@it\/116821509583464795","error":""},"_links":{"self":[{"href":"https:\/\/www.europesays.com\/it\/wp-json\/wp\/v2\/posts\/558425","targetHints":{"allow":["GET"]}}],"collection":[{"href":"https:\/\/www.europesays.com\/it\/wp-json\/wp\/v2\/posts"}],"about":[{"href":"https:\/\/www.europesays.com\/it\/wp-json\/wp\/v2\/types\/post"}],"author":[{"embeddable":true,"href":"https:\/\/www.europesays.com\/it\/wp-json\/wp\/v2\/users\/3"}],"replies":[{"embeddable":true,"href":"https:\/\/www.europesays.com\/it\/wp-json\/wp\/v2\/comments?post=558425"}],"version-history":[{"count":0,"href":"https:\/\/www.europesays.com\/it\/wp-json\/wp\/v2\/posts\/558425\/revisions"}],"wp:featuredmedia":[{"embeddable":true,"href":"https:\/\/www.europesays.com\/it\/wp-json\/wp\/v2\/media\/558426"}],"wp:attachment":[{"href":"https:\/\/www.europesays.com\/it\/wp-json\/wp\/v2\/media?parent=558425"}],"wp:term":[{"taxonomy":"category","embeddable":true,"href":"https:\/\/www.europesays.com\/it\/wp-json\/wp\/v2\/categories?post=558425"},{"taxonomy":"post_tag","embeddable":true,"href":"https:\/\/www.europesays.com\/it\/wp-json\/wp\/v2\/tags?post=558425"}],"curies":[{"name":"wp","href":"https:\/\/api.w.org\/{rel}","templated":true}]}}