{"id":558609,"date":"2026-06-27T12:43:17","date_gmt":"2026-06-27T12:43:17","guid":{"rendered":"https:\/\/www.europesays.com\/it\/558609\/"},"modified":"2026-06-27T12:43:17","modified_gmt":"2026-06-27T12:43:17","slug":"dieci-anni-dopo-la-diagnosi-piu-dura-torna-sulle-strade-della-fausto-coppi","status":"publish","type":"post","link":"https:\/\/www.europesays.com\/it\/558609\/","title":{"rendered":"Dieci anni dopo la diagnosi pi\u00f9 dura torna sulle strade della \u201cFausto Coppi\u201d"},"content":{"rendered":"<p><strong>Gli anniversari<\/strong> possono essere gioiosi, tristi, di riflessione o un mix di tutti questi aspetti: un\u2019occasione per ricordare come le prospettive e le priorit\u00e0 della nostra vita possono cambiare da un momento all\u2019altro, nella maniera pi\u00f9 repentina possibile, ma anche, e soprattutto, per <strong>ringraziare<\/strong> chi si \u00e8 speso per te a livello umano e professionale. E intanto provare a lanciare un piccolo messaggio di <strong>speranza<\/strong>.<\/p>\n<p><strong>Sportivo<\/strong>, grande appassionato di ciclismo, <strong>dieci anni fa (nell&#8217;agosto 2016)<\/strong> <strong>Marco Bianchino<\/strong> ha 36 anni e lavora a Mondovicino sistemando fino a tardi i prodotti sugli scaffali per i clienti del giorno dopo. All\u2019improvviso un mal di schiena e qualche difficolt\u00e0 a respirare: \u00abSono entrato all\u2019Ospedale di Mondov\u00ec di notte e non sono pi\u00f9 uscito\u00bb. La diagnosi per il giovane monregalese \u00e8 un macigno: <strong>tumore al polmone in stato avanzato<\/strong>. Il lavoro, lo sport, le passioni\u2026 tutto viene travolto. \u00abLa mia vita \u00e8 cambiata dall&#8217;oggi al domani, l&#8217;impatto \u00e8 stato forte e ci sono stati momenti veramente brutti sotto tutti i punti di vista \u2013 ci racconta \u2013. E per uno sportivo \u00e8 ancora pi\u00f9 difficile perch\u00e9 gli si toglie tutto all\u2019improvviso\u00bb. Tra <strong>chemio e radioterapia<\/strong> i frangenti difficili non si contano, eppure Marco si aggrappa ad un obiettivo, all&#8217;apparenza folle, che va oltre le prospettive di un paziente: riprendere ad andare in bicicletta ed affrontare il percorso lungo (180 km) della mitica <strong>Fausto Coppi edizione 2017<\/strong>, pedalando sul leggendario <strong>colle Fauniera<\/strong>. Un\u2019impresa portata a termine dopo essere risalito in sella il giorno del suo compleanno in primavera e preparato la corsa in pochi mesi. Nove anni dopo, e a dieci dalla terribile diagnosi, <strong>domenica 28 giugno<\/strong>,<\/p>\n<p><strong>Marco Bianchino<\/strong> sar\u00e0 di nuovo ai nastri di partenza della <strong>37\u00aa edizione<\/strong>, in <strong>piazza Galimberti<\/strong>, con il <strong>numero 46<\/strong>, quello dei suoi anni. Questa volta per il percorso medio, ma con lo stesso bagaglio di significati.<\/p>\n<p>\u00abHo affrontato altre volte la corsa dopo quel 2017, ma a marzo-aprile di quest\u2019anno l&#8217;idea di prender parte alla &#8220;Fausto Coppi&#8221; non era esattamente nelle mie corde, per motivi di salute e non solo. Ripensare a quella ricorrenza e la spinta di chi mi \u00e8 stato vicino e mi segue nelle cure, per\u00f2, mi ha fatto scattare un <strong>clic<\/strong> nella testa\u00bb.<\/p>\n<p>Pedalata dopo pedalata Marco \u00e8 andato lontano: \u00abpasseggiando non si arriva da nessuna parte\u00bb ama ricordare, ma soprattutto \u00ab<strong>Da soli non si va da nessuna parte<\/strong>\u00bb. \u00abHo incontrato delle persone speciali che &#8220;meritano&#8221; dal punto di vista umano e ci tengo a ringraziare e riconoscere particolarmente qualcosa a chi mi ha dato una mano e un supporto prezioso \u2013 aggiunge Marco Bianchino\u00bb. Grazie a <strong>Emma Mana<\/strong> organizzatrice della Fausto Coppi che quest\u2019anno mi ha iscritto alla corsa, alla primaria della radioterapia di Cuneo, <strong>dott.ssa Anna Maria Merlotti<\/strong>, che mi ha seguito e assecondato fin dal principio e grazie a <strong>Elisa<\/strong> per il grande impatto umano che ha avuto su di me ed il supporto umano ed emotivo nei miei confronti\u00bb.<\/p>\n<p>Perch\u00e9 Marco ha saputo anche entrare nella vita dei medici. Nel reparto di Radioterapia al <strong>Santa Croce di Cuneo<\/strong> c&#8217;\u00e8 la sua <strong>maglia della &#8220;Coppi&#8221; 2017<\/strong> ed ora potrebbe esserci anche quella di quest\u2019anno. \u00abIl colore bianco andrebbe giusto bene per le dediche! Dopo la prima maglia vorrei lasciare in reparto anche questa, a <strong>dieci anni dalla scoperta della malattia<\/strong>. So che in tanti guardano quel ricordo appeso su una parete: non siamo tutti uguali, ma spero possa aiutare e spronare qualcuno nel suo percorso con la malattia\u00bb.<\/p>\n<p>Oggi Marco Bianchino \u00e8 seguito dal reparto di <strong>Oncologia Medica<\/strong> all&#8217;<strong>Ospedale San Luigi Gonzaga di Orbassano<\/strong> diretto dalla dottoressa monregalese <strong>Silva Novello<\/strong>. Nel racconto di Marco non c&#8217;\u00e8 alcuna traccia di retorica o di eroismo: \u00abNel mio caso <strong>non esiste la guarigione<\/strong>, ma c&#8217;\u00e8 chi affronta problemi di salute ancora pi\u00f9 seri e storie come questa in fondo ce ne sono tante. Dopo la &#8220;botta&#8221; della malattia il livello della mia vita \u00e8 comunque alto: mi reputo una persona fortunata ad essere ancora qui dopo dieci anni e apprezzo quello che ho. Sono qui a parlare di cosa mi \u00e8 successo, vado in bici, e far\u00f2 la Fausto Coppi. La medicina ha fatto passi da gigante, la <strong>radioterapia \u00e8 stato il primo passo verso la risalita<\/strong> e nel reparto di Cuneo ho trovato l&#8217;<strong>eccellenza<\/strong>. Fosse accaduto tutto prima del 2016 probabilmente sarebbe andata in maniera diversa\u00bb.<\/p>\n<p><img loading=\"lazy\" decoding=\"async\" src=\"https:\/\/www.europesays.com\/it\/wp-content\/uploads\/2026\/06\/Marco_Bianchino2-1782553554673.jpg\" alt=\"\" width=\"640\" height=\"841\"\/><\/p>\n<p>Nove anni fa al traguardo di Cuneo ad aspettare Marco c&#8217;era <strong>Elvio Russi<\/strong>, l&#8217;allora primario della Radioterapia cuneese oggi in pensione, domenica ci sar\u00e0 la dottoressa <strong>Anna Maria Merlotti<\/strong> che allora era la sua vice per un altro momento speciale.<\/p>\n<p>\u00abNove anni fa ho vissuto emozioni forti: erano usciti articoli, mi hanno seguito in corsa, lavoravo nei villaggi turistici, ma parlare di me stesso su un palco non \u00e8 stato per nulla facile. Quanto sono partito in piazza Galimberti diluviava: sono arrivato sulla prima salita e c&#8217;era qualcuno che tornava indietro, poi \u00e8 tornato il sole. Accanto a me avevo il pap\u00e0 della Balsamo, la campionessa di ciclismo: lei era molto giovane e mi aveva portato la Coca-cola lungo il percorso\u00bb. Tornare alla &#8220;Coppi&#8221; non \u00e8 una passeggiata: \u00abarriver\u00f2 stanco e distrutto, probabilmente sar\u00e0 ancora pi\u00f9 difficile di nove anni fa, ma ci tengo a <strong>tagliare il traguardo<\/strong> in questa mia personale ricorrenza\u00bb. Su quel nastro d\u2019asfalto tra le montagne non conteranno i tempi o le classifiche, ma dietro ogni pedalata c\u2019\u00e8 un ricordo o un\u2019emozione a cui aggiungiamo il nostro personale \u00ab<strong>in bocca al lupo<\/strong>\u00bb.<\/p>\n","protected":false},"excerpt":{"rendered":"Gli anniversari possono essere gioiosi, tristi, di riflessione o un mix di tutti questi aspetti: un\u2019occasione per ricordare&hellip;\n","protected":false},"author":3,"featured_media":558610,"comment_status":"","ping_status":"","sticky":false,"template":"","format":"standard","meta":{"footnotes":"","_share_on_mastodon":"0"},"categories":[1456],"tags":[308028,1824,14229,1825,308030,308026,133522,1537,90,89,308025,3010,23470,308027,308031,308029,245,244],"class_list":["post-558609","post","type-post","status-publish","format-standard","has-post-thumbnail","category-ciclismo","tag-anna-maria-merlotti","tag-ciclismo","tag-coca-cola","tag-cycling","tag-elvio-russi","tag-fauniera","tag-fausto-coppi","tag-it","tag-italia","tag-italy","tag-marco-bianchino","tag-mondovi","tag-mondovicino","tag-ospedale-san-luigi-gonzaga-di-orbassano","tag-reparto-radioterapia-cuneo","tag-silva-novello","tag-sport","tag-sports"],"share_on_mastodon":{"url":"https:\/\/pubeurope.com\/@it\/116822135176000024","error":""},"_links":{"self":[{"href":"https:\/\/www.europesays.com\/it\/wp-json\/wp\/v2\/posts\/558609","targetHints":{"allow":["GET"]}}],"collection":[{"href":"https:\/\/www.europesays.com\/it\/wp-json\/wp\/v2\/posts"}],"about":[{"href":"https:\/\/www.europesays.com\/it\/wp-json\/wp\/v2\/types\/post"}],"author":[{"embeddable":true,"href":"https:\/\/www.europesays.com\/it\/wp-json\/wp\/v2\/users\/3"}],"replies":[{"embeddable":true,"href":"https:\/\/www.europesays.com\/it\/wp-json\/wp\/v2\/comments?post=558609"}],"version-history":[{"count":0,"href":"https:\/\/www.europesays.com\/it\/wp-json\/wp\/v2\/posts\/558609\/revisions"}],"wp:featuredmedia":[{"embeddable":true,"href":"https:\/\/www.europesays.com\/it\/wp-json\/wp\/v2\/media\/558610"}],"wp:attachment":[{"href":"https:\/\/www.europesays.com\/it\/wp-json\/wp\/v2\/media?parent=558609"}],"wp:term":[{"taxonomy":"category","embeddable":true,"href":"https:\/\/www.europesays.com\/it\/wp-json\/wp\/v2\/categories?post=558609"},{"taxonomy":"post_tag","embeddable":true,"href":"https:\/\/www.europesays.com\/it\/wp-json\/wp\/v2\/tags?post=558609"}],"curies":[{"name":"wp","href":"https:\/\/api.w.org\/{rel}","templated":true}]}}