{"id":558646,"date":"2026-06-27T13:14:15","date_gmt":"2026-06-27T13:14:15","guid":{"rendered":"https:\/\/www.europesays.com\/it\/558646\/"},"modified":"2026-06-27T13:14:15","modified_gmt":"2026-06-27T13:14:15","slug":"il-como-puo-permettersi-nico-paz-la-situazione-tra-fair-play-uefa-e-bilanci","status":"publish","type":"post","link":"https:\/\/www.europesays.com\/it\/558646\/","title":{"rendered":"Il Como pu\u00f2 permettersi Nico Paz? La situazione tra Fair play Uefa e bilanci"},"content":{"rendered":"<p>                                L&#8217;acquisto record per 60 milioni appesantisce un bilancio gi\u00e0 in perdita: il club lariano inizier\u00e0 a essere monitorato da Nyon nel 2026-27. E potr\u00e0 firmare un settlement agreement per rientrare nei paletti<\/p>\n<p class=\"paragraph\" spellcheck=\"true\">Alle spalle del Como c\u2019\u00e8 una delle famiglie pi\u00f9 ricche del mondo, con un patrimonio di 44 miliardi di dollari. I soldi non sono mai stati un problema per una &#8220;provinciale&#8221; che ragiona (e spende) da grande. E non lo \u00e8 nemmeno il fair play finanziario dell&#8217;Uefa, almeno per ora. Ecco perch\u00e9 l\u2019acquisto record di Nico Paz (<a href=\"https:\/\/www.gazzetta.it\/Calcio\/Calciomercato\/Como\/26-06-2026\/nico-paz-como-inter-accordo-real-recompra.shtml?intcmp=hyperlink-articolo-gazit\" rel=\"nofollow noopener\" target=\"_blank\">60 milioni al Real Madrid<\/a>) \u00e8 stato avallato dagli Hartono e messo in pratica dal presidente Suwarso.  Il Como si \u00e8 qualificato per la prima volta nella sua storia a una competizione europea, direttamente in Champions League. Ci\u00f2 significa che, a partire dalla stagione 2026-27, entrer\u00e0 sotto i radar dell&#8217;Uefa ai fini del regolamento sulla sostenibilit\u00e0 finanziaria, come tutte le altre squadre partecipanti alle coppe.  Nella primavera del 2027 i funzionari di Nyon esamineranno i documenti contabili del Como per la prima valutazione. Si baseranno sull\u2019ultimo triennio, quindi sui bilanci 2023-24, 2024-25 e 2025-26. Al di l\u00e0 dell\u2019ovvia assenza di debiti scaduti, i club non possono riportare una perdita aggregata superiore a 60 milioni di euro nell\u2019arco di tre anni (soglia incrementabile fino a ulteriori 10 milioni per esercizio per i club che mostrano una buona salute finanziaria). Questa \u00e8 la cosiddetta &#8220;football earnings rule&#8221;. Inoltre, ogni anno, le spese per gli stipendi della prima squadra, gli ammortamenti dei trasferimenti e le commissioni agli agenti non devono superare il 70% dei ricavi lordi (&#8220;squad cost rule&#8221;).\u00a0<\/p>\n<p>    conti\u2014 \u00a0<\/p>\n<p class=\"paragraph is-inline\" spellcheck=\"true\">Il Como sforer\u00e0 inevitabilmente questi paletti, a giudicare dai bilanci gi\u00e0 approvati. Nel 2023-24, ultimo anno in Serie B, il deficit \u00e8 stato di 50 milioni; nel 2024-25, primo anno in Serie A, il rosso \u00e8 schizzato a 132 milioni consolidati, di cui 105 relativi alla sola Como 1907 e il resto alle attivit\u00e0 collaterali. Nell\u2019esercizio che si chiuder\u00e0 il 30 giugno \u00e8 atteso un miglioramento del conto economico, perch\u00e9 le entrate dovrebbero crescere pi\u00f9 dei costi, ma le nostre stime indicano ancora uno squilibrio rilevante, non lontano dai 100 milioni. Anche eliminando le spese virtuose (vivaio, settore femminile e infrastrutture), il risultato combinato del triennio sar\u00e0 nettamente al di sopra del tetto consentito.  A quel punto il Como concorder\u00e0 un piano di rientro con la <a href=\"\">Uefa<\/a> sottoscrivendo un settlement agreement della durata di tre o quattro anni, come hanno fatto in passato molti altri club, praticamente tutte le big italiane. Sar\u00e0 allora che la societ\u00e0 lariana dovr\u00e0 prestare attenzione al controllo dei costi, con prevedibili restrizioni nella compilazione della lista Uefa.  Le modifiche introdotte dopo il Covid, peraltro, hanno incentivato i conferimenti di capitale anzich\u00e9 il ricorso all\u2019indebitamento, perch\u00e9 la soglia di tolleranza delle perdite \u00e8 stata elevata, a patto che queste vengano coperte dagli apporti dei soci.\u00a0<\/p>\n<p><a class=\"is-partner-link\" href=\"https:\/\/aipredictor.gazzetta.it\/?intcmp=calciomercato\" rel=\"nofollow noopener\" target=\"_blank\">Promo Mondiale 1\u20ac al mese per 3 mesi &#8211; Scopri chi vince con Gazzetta AI Predictor!<\/a><\/p>\n<p>    sfida\u2014 \u00a0<\/p>\n<p class=\"paragraph is-inline\" spellcheck=\"true\">La Uefa guarda con favore ai progetti fondati su investimenti razionali e sostenuti dalla propriet\u00e0. \u00c8 quello che sta cercando di fare il Como.  Dal 2019 a oggi <a href=\"\">la famiglia Hartono<\/a> ha versato 390 milioni nella controllante britannica Sent Entertainment, allo scopo di fornire al club le risorse necessarie per aumentarne la competitivit\u00e0 e, allo stesso tempo, costruire un ecosistema capace di diversificare le fonti di ricavo. Al 30 giugno 2025 il gruppo Como vantava un patrimonio netto di 54 milioni e non presentava debiti con le banche.  Siamo ancora in una fase espansiva, appesantita anche dall\u2019avviamento delle nuove linee di business, dall\u2019academy ai negozi, dalle propriet\u00e0 immobiliari al digitale. L\u2019obiettivo \u00e8 raggiungere la sostenibilit\u00e0 nel medio-lungo termine. Per riuscirci bisogner\u00e0 continuare a dare spettacolo e ottenere risultati sul campo e, parallelamente, sfruttare dal punto di vista commerciale e turistico la vicinanza del lago, considerato che il Como non pu\u00f2 contare sul bacino d\u2019utenza di una squadra di una grande citt\u00e0.  Sar\u00e0 fondamentale attivare anche la leva del player trading, che finora ha inciso poco. Una sfida nella sfida: aumentare le entrate fino a compensare i costi. I premi della Champions, soprattutto se ripetuti nel tempo, aiuteranno. In ogni caso, per ora il Como \u00e8 &#8220;vergine&#8221; agli occhi della Uefa. Ci sar\u00e0 tempo per pensarci.<\/p>\n<p class=\"is-copyright\">\u00a9 RIPRODUZIONE RISERVATA<\/p>\n","protected":false},"excerpt":{"rendered":"L&#8217;acquisto record per 60 milioni appesantisce un bilancio gi\u00e0 in perdita: il club lariano inizier\u00e0 a essere monitorato&hellip;\n","protected":false},"author":3,"featured_media":558647,"comment_status":"","ping_status":"","sticky":false,"template":"","format":"standard","meta":{"footnotes":"","_share_on_mastodon":"0"},"categories":[1452],"tags":[11384,308067,308068,2842,308066,308069,308070,16587,16562,721,1969,554,3705,3524,21381,752,2603,3517,3518,16262,1740,1148,100263,1537,90,89,4978,51531,156160,96192,4812,4980,9891,3521,14154,494,3421,37936,1437,1821,299700,299701,3461,1739,11393,8264,3515,245,244,1857,71920,26933],"class_list":["post-558646","post","type-post","status-publish","format-standard","has-post-thumbnail","category-calcio","tag-academy","tag-academy-negozi","tag-academy-negozi-proprieta","tag-acquisto","tag-acquisto-record","tag-acquisto-record-appesantisce","tag-acquisto-record-nico","tag-agreement","tag-bilanci","tag-calcio","tag-champions","tag-club","tag-como","tag-costi","tag-debiti","tag-entrate","tag-esercizio","tag-fair","tag-fair-play","tag-finanziaria","tag-football","tag-giugno","tag-hartono","tag-it","tag-italia","tag-italy","tag-nico","tag-nico-paz","tag-nyon","tag-paletti","tag-patrimonio","tag-paz","tag-perdita","tag-play","tag-proprieta","tag-punto","tag-record","tag-rientrare","tag-rule","tag-serie","tag-settlement","tag-settlement-agreement","tag-sfida","tag-soccer","tag-soglia","tag-sostenibilita","tag-spese","tag-sport","tag-sports","tag-squadra","tag-triennio","tag-uefa"],"share_on_mastodon":{"url":"","error":"Validation failed: Text character limit of 500 exceeded"},"_links":{"self":[{"href":"https:\/\/www.europesays.com\/it\/wp-json\/wp\/v2\/posts\/558646","targetHints":{"allow":["GET"]}}],"collection":[{"href":"https:\/\/www.europesays.com\/it\/wp-json\/wp\/v2\/posts"}],"about":[{"href":"https:\/\/www.europesays.com\/it\/wp-json\/wp\/v2\/types\/post"}],"author":[{"embeddable":true,"href":"https:\/\/www.europesays.com\/it\/wp-json\/wp\/v2\/users\/3"}],"replies":[{"embeddable":true,"href":"https:\/\/www.europesays.com\/it\/wp-json\/wp\/v2\/comments?post=558646"}],"version-history":[{"count":0,"href":"https:\/\/www.europesays.com\/it\/wp-json\/wp\/v2\/posts\/558646\/revisions"}],"wp:featuredmedia":[{"embeddable":true,"href":"https:\/\/www.europesays.com\/it\/wp-json\/wp\/v2\/media\/558647"}],"wp:attachment":[{"href":"https:\/\/www.europesays.com\/it\/wp-json\/wp\/v2\/media?parent=558646"}],"wp:term":[{"taxonomy":"category","embeddable":true,"href":"https:\/\/www.europesays.com\/it\/wp-json\/wp\/v2\/categories?post=558646"},{"taxonomy":"post_tag","embeddable":true,"href":"https:\/\/www.europesays.com\/it\/wp-json\/wp\/v2\/tags?post=558646"}],"curies":[{"name":"wp","href":"https:\/\/api.w.org\/{rel}","templated":true}]}}