{"id":558661,"date":"2026-06-27T13:25:15","date_gmt":"2026-06-27T13:25:15","guid":{"rendered":"https:\/\/www.europesays.com\/it\/558661\/"},"modified":"2026-06-27T13:25:15","modified_gmt":"2026-06-27T13:25:15","slug":"bollette-come-abbassare-il-prezzo-dellenergia-senza-toccare-lets-le-soluzioni-sul-tavolo","status":"publish","type":"post","link":"https:\/\/www.europesays.com\/it\/558661\/","title":{"rendered":"Bollette, come abbassare il prezzo dell&#8217;energia (senza toccare l&#8217;Ets)? Le soluzioni sul tavolo"},"content":{"rendered":"<p>Esclusa la possibilit\u00e0 di togliere dal prezzo dell\u2019energia elettrica i costi per le emissioni di anidride carbonica, ecco quali sarebbero le soluzioni possibili<\/p>\n<p>    Le soluzioni possibili<\/p>\n<p class=\"chapter-paragraph\"><b>Quali soluzioni abbiamo per far costare meno l\u2019energia?<\/b> In bolletta \u2014 hanno scritto Luca Lo Schiavo e Carlo Stagnaro in un\u2019analisi su Ibl in cui citano un documento Arera del 2011 \u2014 oltre all\u2019effetto Ets sul prezzo dell\u2019energia pesa anche il sostegno alle rinnovabili (come i sussidi dei passati Conti Energia) che finiscono tra gli oneri generali. La soluzione pi\u00f9 immediata \u00e8 spostare una parte mirata degli oneri nella fiscalit\u00e0 generale. Ma se lo sviluppo passato delle rinnovabili ha portato inizialmente costi aggiuntivi,<b> da qualche tempo le stesse rinnovabili, grazie al miglioramento tecnologico e al crollo dei costi di realizzazione, esprimono prezzi pi\u00f9 bassi.<\/b> In base all\u2019ultima asta del Gse, il Fer X transitorio, i progetti fotovoltaici sono stati aggiudicati per un costo medio di circa 60 euro al megawattora e l\u2019eolico on shore a circa 73 euro\/MWh e questo a fronte di un prezzo medio nazionale (Pun) di 120 euro\/MWh nel 2025.    &#13;<br \/>\n&#13;<br \/>\n&#13;<br \/>\n&#13;<br \/>\n&#13;<br \/>\n&#13;<br \/>\n&#13;<br \/>\n&#13;<br \/>\n&#13;<br \/>\n&#13;<br \/>\n&#13;<br \/>\n&#13;<br \/>\n&#13;<br \/>\n&#13;<br \/>\n&#13;<br \/>\n&#13;<br \/>\n&#13;<br \/>\n&#13;<br \/>\n&#13;<br \/>\n&#13;<br \/>\n&#13;<br \/>\n&#13;<br \/>\n&#13;<br \/>\n&#13;<br \/>\n&#13;<br \/>\n&#13;<br \/>\n&#13;<br \/>\n&#13;<br \/>\n&#13;<br \/>\n&#13;<br \/>\n&#13;<br \/>\n&#13;<br \/>\n&#13;<br \/>\n&#13;<br \/>\n&#13;<br \/>\n&#13;<br \/>\n&#13;<br \/>\n&#13;<br \/>\n&#13;<br \/>\n&#13;<br \/>\n&#13;<br \/>\n&#13;<br \/>\n&#13;<br \/>\n&#13;<br \/>\n&#13;<br \/>\n&#13;<br \/>\n&#13;<br \/>\n&#13;<br \/>\n&#13;<br \/>\n&#13;<br \/>\n&#13;<br \/>\n&#13;<br \/>\n&#13;\n<\/p>\n<p>    I nuovi impianti di rinnovabili<\/p>\n<p class=\"chapter-paragraph\">La settimana scorsa <a href=\"https:\/\/www.corriere.it\/economia\/energie\/26_giugno_19\/via-alle-nuove-agevolazioni-per-la-produzione-da-eolico-fotovoltaico-e-idroelettrico-perche-possono-ridurre-i-prezzi-dell-energia-17033c8a-b85a-4c0e-80d1-3bb9964e6xlk.shtml\" rel=\"nofollow noopener\" target=\"_blank\">il Mase ha approvato il nuovo decreto Fer X per mettere a gara 37 gigawatt di capacit\u00e0 green<\/a> e, nella lettera di approvazione agli aiuti di Stato, la Commissione europea scrive: \u00abQuesto regime ridurr\u00e0 i prezzi dell\u2019energia elettrica\u00bb. Certo, c\u2019\u00e8 il rischio di eccesso di offerta rispetto alla normale domanda a causa di una produzione solare tutta concentrata nelle ore diurne. Oltre agli accumuli, c\u2019\u00e8 una soluzione \u00absoft\u00bb e non \u00abhard\u00bb dal punto di vista dell\u2019infrastruttura di rete, che \u00e8 anche questa un costo aggiuntivo: <b>la flessibilit\u00e0 dei consumi.<\/b> Arera dovrebbe <b>rivedere le fasce <\/b>e gli operatori dovrebbero ai clienti <b>applicare prezzi minori quando il sole accende i pannelli<\/b>. Proprio come accade in Borsa.<\/p>\n<p class=\"is-last-update\" datetime=\"2026-06-27T09:36:18+02:00\">27 giugno 2026 ( modifica il 27 giugno 2026 | 09:36)<\/p>\n<p class=\"is-copyright\">\n            \u00a9 RIPRODUZIONE RISERVATA\n        <\/p>\n","protected":false},"excerpt":{"rendered":"Esclusa la possibilit\u00e0 di togliere dal prezzo dell\u2019energia elettrica i costi per le emissioni di anidride carbonica, ecco&hellip;\n","protected":false},"author":3,"featured_media":558662,"comment_status":"","ping_status":"","sticky":false,"template":"","format":"standard","meta":{"footnotes":"","_share_on_mastodon":"0"},"categories":[172],"tags":[178,2533,37206,177,2320,2703,3524,224642,6016,27010,3566,13164,92996,724,219493,2697,55311,1537,90,89,6410,64997,6881,17211,3792,4734,58671,243306,58662,6444,24787,308094,23562],"class_list":["post-558661","post","type-post","status-publish","format-standard","has-post-thumbnail","category-affari","tag-affari","tag-aggiuntivi","tag-arera","tag-business","tag-commissione","tag-commissione-europea","tag-costi","tag-costi-aggiuntivi","tag-costo","tag-elettrica","tag-energia","tag-energia-elettrica","tag-ets","tag-euro","tag-euro-mwh","tag-europea","tag-fer","tag-it","tag-italia","tag-italy","tag-medio","tag-mwh","tag-oneri","tag-possibili","tag-prezzi","tag-prezzo","tag-prezzo-energia","tag-prezzo-energia-elettrica","tag-rinnovabili","tag-soluzione","tag-soluzioni","tag-soluzioni-possibili","tag-togliere"],"share_on_mastodon":{"url":"https:\/\/pubeurope.com\/@it\/116822299863745036","error":""},"_links":{"self":[{"href":"https:\/\/www.europesays.com\/it\/wp-json\/wp\/v2\/posts\/558661","targetHints":{"allow":["GET"]}}],"collection":[{"href":"https:\/\/www.europesays.com\/it\/wp-json\/wp\/v2\/posts"}],"about":[{"href":"https:\/\/www.europesays.com\/it\/wp-json\/wp\/v2\/types\/post"}],"author":[{"embeddable":true,"href":"https:\/\/www.europesays.com\/it\/wp-json\/wp\/v2\/users\/3"}],"replies":[{"embeddable":true,"href":"https:\/\/www.europesays.com\/it\/wp-json\/wp\/v2\/comments?post=558661"}],"version-history":[{"count":0,"href":"https:\/\/www.europesays.com\/it\/wp-json\/wp\/v2\/posts\/558661\/revisions"}],"wp:featuredmedia":[{"embeddable":true,"href":"https:\/\/www.europesays.com\/it\/wp-json\/wp\/v2\/media\/558662"}],"wp:attachment":[{"href":"https:\/\/www.europesays.com\/it\/wp-json\/wp\/v2\/media?parent=558661"}],"wp:term":[{"taxonomy":"category","embeddable":true,"href":"https:\/\/www.europesays.com\/it\/wp-json\/wp\/v2\/categories?post=558661"},{"taxonomy":"post_tag","embeddable":true,"href":"https:\/\/www.europesays.com\/it\/wp-json\/wp\/v2\/tags?post=558661"}],"curies":[{"name":"wp","href":"https:\/\/api.w.org\/{rel}","templated":true}]}}