{"id":558710,"date":"2026-06-27T14:04:17","date_gmt":"2026-06-27T14:04:17","guid":{"rendered":"https:\/\/www.europesays.com\/it\/558710\/"},"modified":"2026-06-27T14:04:17","modified_gmt":"2026-06-27T14:04:17","slug":"tour-de-france-ciccone-e-fortunato-non-ci-saranno-ballerini-e-velasco-si","status":"publish","type":"post","link":"https:\/\/www.europesays.com\/it\/558710\/","title":{"rendered":"Tour de France, Ciccone e Fortunato non ci saranno. Ballerini e Velasco: s\u00ec"},"content":{"rendered":"<p>                                La Boucle scatta sabato 4 luglio da Barcellona. Conclusione domenica 26 sui Campi Elisi di Parigi. Confermato: Affini out<\/p>\n<p class=\"paragraph\" spellcheck=\"true\">Niente Tour de France per Giulio Ciccone (Lidl-Trek) e Lorenzo Fortunato (XDS-Astana). Per entrambi in una certa fase della stagione si era parlato della partecipazione alla corsa francese, che scatta sabato 4 luglio da Barcellona per concludersi domenica 26 sui Campi Elisi di Parigi. Ma alla fine i piani sono cambiati: l\u2019abruzzese, reduce dalla maglia azzurra al Giro d\u2019Italia, dopo il campionato italiano correr\u00e0 in agosto San Sebastian e Burgos e poi a settembre le gare World Tour in Canada, in prospettiva Mondiale dove sar\u00e0 il riferimento della Nazionale del ct Roberto Amadio. Mentre per Lorenzo Fortunato (XDS-Astana), che non \u00e8 stato bene a giugno all\u2019ex Delfinato, in prospettiva c\u2019\u00e8 la Vuelta, al via sabato 22 agosto da Montecarlo. Nella XDS-Astana per il Tour ci saranno invece Simone Velasco e Davide Ballerini. Confermato infine, in casa Visma, l&#8217;assenza di Affini, caduto al Tricolore crono.<\/p>\n","protected":false},"excerpt":{"rendered":"La Boucle scatta sabato 4 luglio da Barcellona. Conclusione domenica 26 sui Campi Elisi di Parigi. Confermato: Affini&hellip;\n","protected":false},"author":3,"featured_media":558711,"comment_status":"","ping_status":"","sticky":false,"template":"","format":"standard","meta":{"footnotes":"","_share_on_mastodon":"0"},"categories":[1456],"tags":[31104,2699,62095,2384,351,2008,16136,1824,1825,1910,1537,90,89,2841,245,244,3555,151867,99138],"class_list":["post-558710","post","type-post","status-publish","format-standard","has-post-thumbnail","category-ciclismo","tag-affini","tag-agosto","tag-astana","tag-ballerini","tag-barcellona","tag-campi","tag-campi-elisi","tag-ciclismo","tag-cycling","tag-fortunato","tag-it","tag-italia","tag-italy","tag-sabato","tag-sport","tag-sports","tag-tour","tag-xds","tag-xds-astana"],"share_on_mastodon":{"url":"https:\/\/pubeurope.com\/@it\/116822452911620118","error":""},"_links":{"self":[{"href":"https:\/\/www.europesays.com\/it\/wp-json\/wp\/v2\/posts\/558710","targetHints":{"allow":["GET"]}}],"collection":[{"href":"https:\/\/www.europesays.com\/it\/wp-json\/wp\/v2\/posts"}],"about":[{"href":"https:\/\/www.europesays.com\/it\/wp-json\/wp\/v2\/types\/post"}],"author":[{"embeddable":true,"href":"https:\/\/www.europesays.com\/it\/wp-json\/wp\/v2\/users\/3"}],"replies":[{"embeddable":true,"href":"https:\/\/www.europesays.com\/it\/wp-json\/wp\/v2\/comments?post=558710"}],"version-history":[{"count":0,"href":"https:\/\/www.europesays.com\/it\/wp-json\/wp\/v2\/posts\/558710\/revisions"}],"wp:featuredmedia":[{"embeddable":true,"href":"https:\/\/www.europesays.com\/it\/wp-json\/wp\/v2\/media\/558711"}],"wp:attachment":[{"href":"https:\/\/www.europesays.com\/it\/wp-json\/wp\/v2\/media?parent=558710"}],"wp:term":[{"taxonomy":"category","embeddable":true,"href":"https:\/\/www.europesays.com\/it\/wp-json\/wp\/v2\/categories?post=558710"},{"taxonomy":"post_tag","embeddable":true,"href":"https:\/\/www.europesays.com\/it\/wp-json\/wp\/v2\/tags?post=558710"}],"curies":[{"name":"wp","href":"https:\/\/api.w.org\/{rel}","templated":true}]}}