{"id":558742,"date":"2026-06-27T14:28:18","date_gmt":"2026-06-27T14:28:18","guid":{"rendered":"https:\/\/www.europesays.com\/it\/558742\/"},"modified":"2026-06-27T14:28:18","modified_gmt":"2026-06-27T14:28:18","slug":"lex-bacigalupo-vasto-marina-morasca-resta-in-abruzzo-e-un-nuovo-giocatore-della-folgore","status":"publish","type":"post","link":"https:\/\/www.europesays.com\/it\/558742\/","title":{"rendered":"L\u2019ex Bacigalupo Vasto Marina Morasca resta in Abruzzo: \u00e8 un nuovo giocatore della Folgore"},"content":{"rendered":"<p class=\"has-drop-cap wp-block-paragraph\">I movimenti, anche in Eccellenza abruzzese, iniziano ad essere tanti. Tra le squadre pi\u00f9 attive c\u2019\u00e8 sicuramente la Bacigalupo Vasto Marina che, finora ha piazzato le prime cinque pedine nuove di zecca. <strong>Rispetto all\u2019organico della passata stagione, sul fronte over, non ci sar\u00e0 alcuna conferma<\/strong>.<\/p>\n<p class=\"wp-block-paragraph\">Alcuni \u201cpezzi\u201d resteranno per\u00f2 nel massimo campionato regionale, <strong>tra questi c\u2019\u00e8 sicuramente Alessio Morasca ufficializzato dalla Folgore Delfino Curi Pescara <\/strong>come primo volto nuovo per la stagione 2026\/2027.<\/p>\n<p><img fetchpriority=\"high\" decoding=\"async\" width=\"768\" height=\"1024\" src=\"https:\/\/www.europesays.com\/it\/wp-content\/uploads\/2026\/06\/morasca-768x1024.jpeg\" alt=\"\" class=\"wp-image-254874\"  \/>Alessio Morasca<\/p>\n<p class=\"wp-block-paragraph\">Play laziale classe 1996, <strong>titolarissimo nella scorsa stagione nella mediana vastese, nella seconda parte di stagione ha anche indossato i gradi di capitano<\/strong>. Negli ultimi dieci anni ha giocato tra Lazio, Sicilia e Toscana tra Serie D (Montespaccato, Flaminia e Patern\u00f2) e tante stagioni in Eccellenza anche con le maglie di Ladispoli, Aranova, Cerveteri, Parioli, Mazara, Nuova Foiano e Viterbese.<\/p>\n<p><img loading=\"lazy\" decoding=\"async\" width=\"399\" height=\"327\" src=\"https:\/\/www.europesays.com\/it\/wp-content\/uploads\/2026\/06\/IMG_7679.jpeg\" alt=\"\" class=\"wp-image-254883\"  \/>Kako Ortigao in Eccellenza pugliese<\/p>\n<p class=\"wp-block-paragraph\">Elemento espressamente richiesto dal confermato mister Cristofari che continuer\u00e0 a poter contare sicuramente su elementi di spicco <strong>come il tuttocampista Prendes, l\u2019esterno Cutilli e i difensori Puglielli e Luzi<\/strong>. Al centro dell\u2019attacco per\u00f2 la Folgore Delfino Curi Pescara non potr\u00e0 pi\u00f9 contare su Kako Ortigao. Il puntero ventisettenne portoghese grande protagonista nella sua prima esperienza in Abruzzo si \u00e8 gi\u00e0 accasato allo Squinzano, in Eccellenza pugliese.<\/p>\n","protected":false},"excerpt":{"rendered":"I movimenti, anche in Eccellenza abruzzese, iniziano ad essere tanti. Tra le squadre pi\u00f9 attive c\u2019\u00e8 sicuramente la&hellip;\n","protected":false},"author":3,"featured_media":558743,"comment_status":"","ping_status":"","sticky":false,"template":"","format":"standard","meta":{"footnotes":"","_share_on_mastodon":"0"},"categories":[1474],"tags":[11813,308123,307946,353,7309,308124,1537,90,89,308125,245,244,1869],"class_list":["post-558742","post","type-post","status-publish","format-standard","has-post-thumbnail","category-volley","tag-abruzzo","tag-alessio-morasca","tag-bacigalupo-vasto-marina","tag-calciomercato","tag-eccellenza","tag-folgore-delfino-curi-pescara","tag-it","tag-italia","tag-italy","tag-kako-ortigao","tag-sport","tag-sports","tag-volley"],"share_on_mastodon":{"url":"https:\/\/pubeurope.com\/@it\/116822548102177305","error":""},"_links":{"self":[{"href":"https:\/\/www.europesays.com\/it\/wp-json\/wp\/v2\/posts\/558742","targetHints":{"allow":["GET"]}}],"collection":[{"href":"https:\/\/www.europesays.com\/it\/wp-json\/wp\/v2\/posts"}],"about":[{"href":"https:\/\/www.europesays.com\/it\/wp-json\/wp\/v2\/types\/post"}],"author":[{"embeddable":true,"href":"https:\/\/www.europesays.com\/it\/wp-json\/wp\/v2\/users\/3"}],"replies":[{"embeddable":true,"href":"https:\/\/www.europesays.com\/it\/wp-json\/wp\/v2\/comments?post=558742"}],"version-history":[{"count":0,"href":"https:\/\/www.europesays.com\/it\/wp-json\/wp\/v2\/posts\/558742\/revisions"}],"wp:featuredmedia":[{"embeddable":true,"href":"https:\/\/www.europesays.com\/it\/wp-json\/wp\/v2\/media\/558743"}],"wp:attachment":[{"href":"https:\/\/www.europesays.com\/it\/wp-json\/wp\/v2\/media?parent=558742"}],"wp:term":[{"taxonomy":"category","embeddable":true,"href":"https:\/\/www.europesays.com\/it\/wp-json\/wp\/v2\/categories?post=558742"},{"taxonomy":"post_tag","embeddable":true,"href":"https:\/\/www.europesays.com\/it\/wp-json\/wp\/v2\/tags?post=558742"}],"curies":[{"name":"wp","href":"https:\/\/api.w.org\/{rel}","templated":true}]}}