{"id":558811,"date":"2026-06-27T15:28:15","date_gmt":"2026-06-27T15:28:15","guid":{"rendered":"https:\/\/www.europesays.com\/it\/558811\/"},"modified":"2026-06-27T15:28:15","modified_gmt":"2026-06-27T15:28:15","slug":"reyer-e-ufficiale-riconfermato-coach-neven-spahija","status":"publish","type":"post","link":"https:\/\/www.europesays.com\/it\/558811\/","title":{"rendered":"Reyer, \u00e8 ufficiale: riconfermato coach Neven Spahija"},"content":{"rendered":"<p><a href=\"https:\/\/www.ilgazzettino.it\/t\/venezia\" rel=\"nofollow noopener\" target=\"_blank\">VENEZIA<\/a> &#8211; Nessun cambio di timoniere, l&#8217;Umana <a href=\"https:\/\/www.ilgazzettino.it\/t\/reyer\" rel=\"nofollow noopener\" target=\"_blank\">Reyer<\/a> sceglie la via della continuit\u00e0 e conferma coach <a href=\"https:\/\/www.ilgazzettino.it\/t\/neven-spahija\" rel=\"nofollow noopener\" target=\"_blank\">Neven Spahija<\/a> sulla panchina orogranata. E col tecnico croato rester\u00e0 l&#8217;intero staff composto dagli assistenti Emanuele Molin, Alberto Billio e dal player development coach Veljko Perovic.<br \/>La permanenza di Spahija a Venezia era stata decisa a inizio settimana nel summit col presidente Federico Casarin e patron Luigi Brugnaro, ieri si \u00e8 trattato solo di darne l&#8217;ufficialit\u00e0 da parte del club che ha scelto di proseguire sulla strada tracciata dal 63enne tecnico di Sebenico. La Reyer non entra nei dettagli del prolungamento contrattuale, senza specificare la durata dell&#8217;accordo che dovrebbe essere su base biennale facendo cos\u00ec di Spahija il primo allenatore a guidare la Reyer nella nuova Arena di Tessera nella stagione 2027-2028.<br \/>Arrivato in orogranata nel febbraio 2023 al posto dell&#8217;esonerato Walter De Raffaele, Spahija si prepara a guidare la Reyer per la quarta stagione consecutiva con alle spalle 197 partite nelle quali ha portato la squadra sempre ai playoff conquistando due quarti di finale, una semifinale e l&#8217;ultima finale scudetto persa contro Milano (1-3). Tre volte su quattro ha centrato l&#8217;accesso alla Final Eight di Coppa Italia uscendo due volte al primo turno e una in semifinale, alle quali si aggiunge una partecipazione alla Supercoppa mentre, sul versante europeo, in quattro edizioni di Eurocup non \u00e8 mai andato oltre il turno degli ottavi a eliminazione diretta (nel 2023-2024 stop in regular season). Un successo in orogranata non \u00e8 mai arrivato ma l&#8217;aver disputato degli ottimi playoff (vittorie su Derthona 3-2 e Virtus Bologna 3-1, sconfitta con Milano) ha convinto dirigenza e propriet\u00e0 a proseguire il corso riconoscendone, si legge nella nota del club, \u00abl&#8217;esperienza internazionale, imprimendo al gruppo una forte identit\u00e0 tecnica e caratteriale e guidando la squadra a un&#8217;entusiasmante finale scudetto\u00bb.<\/p>\n<p>    &#13;<\/p>\n<p>APPROFONDIMENTI<\/p>\n<p>&#13;<\/p>\n<p>                            &#13;<br \/>\n                                            &#13;<br \/>\n                            <a href=\"https:\/\/www.ilgazzettino.it\/sport\/altrisport\/basket_reyer_milano_scudetto_tricolore-9600957.html\" rel=\"nofollow noopener\" target=\"_blank\">&#13;<br \/>\n                                                                <img decoding=\"async\" src=\"https:\/\/www.europesays.com\/it\/wp-content\/uploads\/2026\/06\/9600957_18222337_reyer.jpg\"\/>&#13;<br \/>\n                            <\/a>&#13;<br \/>\n                        &#13;<br \/>\n                                        &#13;<\/p>\n<p>        &#13;<\/p>\n<p>Continuit\u00e0 <\/p>\n<p>La conferma di Spahija \u00abrappresenta un segnale di continuit\u00e0, solidit\u00e0 e fiducia nel percorso intrapreso in linea con le ambizioni della societ\u00e0\u00bb prosegue la Reyer, alla quale va riconosciuto di aver sempre fatto quadrato attorno al tecnico croato anche dopo le due premature e inattese eliminazioni al primo turno della Final Eight di Coppa Italia per mano di Derthona e agli ottavi playoff di BKT Eurocup con Trento fra febbraio e marzo. \u00abSono molto felice e orgoglioso di continuare questo percorso, ringrazio la propriet\u00e0 e la dirigenza per la rinnovata fiducia\u00bb le parole di Spahija che in bacheca ha 8 titoli nazionali in sei Paesi, 7 fra coppe e Supercoppe nazionali, una Eurocup vinta a Valencia e un&#8217;esperienza decennale in NBA.<br \/>\u00abLa Reyer \u00e8 una societ\u00e0 importantissima che cresce ogni anno. La stagione appena conclusa ci ha dato grande soddisfazione ma, allo stesso tempo, ci ha fatto capire che ora abbiamo ancora pi\u00f9 responsabilit\u00e0 verso il futuro. Il campionato italiano \u00e8 sempre pi\u00f9 competitivo, ci sono tante squadre forti e con grandi investimenti ma sono convinto che, lavorando insieme a propriet\u00e0, dirigenza e staff, riusciremo a costruire la miglior squadra possibile continuando sulla strada intrapresa\u00bb.<\/p>\n<p>Risiko basket <\/p>\n<p>Dopo la nascita del Basket Club Roma SPQR della coppia Donnie Nelson-Luka Doncic, che ha acquisito il diritto sportivo di giocare in serie A dalla Vanoli Cremona, nasce la seconda societ\u00e0 capitolina. Ieri la Federbasket ha esaminato \u00abla documentazione prodotta da Brescia per trasferire la propria sede da Brescia a Roma\u00bb ritenendo \u00abl&#8217;istanza provvista dei requisiti di meritevolezza\u00bb. La seconda squadra romana si chiamer\u00e0 Maxima Roma e far\u00e0 capo all&#8217;ex proprietario di Trieste Paul Matiasic e in panchina dovrebbe essere guidata da Ettore Messina.<\/p>\n","protected":false},"excerpt":{"rendered":"VENEZIA &#8211; Nessun cambio di timoniere, l&#8217;Umana Reyer sceglie la via della continuit\u00e0 e conferma coach Neven Spahija&hellip;\n","protected":false},"author":3,"featured_media":558812,"comment_status":"","ping_status":"","sticky":false,"template":"","format":"standard","meta":{"footnotes":"","_share_on_mastodon":"0"},"categories":[1453],"tags":[1756,1757,1537,90,89,63920,12041,245,244,222],"class_list":["post-558811","post","type-post","status-publish","format-standard","has-post-thumbnail","category-basket","tag-basket","tag-basketball","tag-it","tag-italia","tag-italy","tag-neven-spahija","tag-reyer","tag-sport","tag-sports","tag-venezia"],"share_on_mastodon":{"url":"https:\/\/pubeurope.com\/@it\/116822783785820775","error":""},"_links":{"self":[{"href":"https:\/\/www.europesays.com\/it\/wp-json\/wp\/v2\/posts\/558811","targetHints":{"allow":["GET"]}}],"collection":[{"href":"https:\/\/www.europesays.com\/it\/wp-json\/wp\/v2\/posts"}],"about":[{"href":"https:\/\/www.europesays.com\/it\/wp-json\/wp\/v2\/types\/post"}],"author":[{"embeddable":true,"href":"https:\/\/www.europesays.com\/it\/wp-json\/wp\/v2\/users\/3"}],"replies":[{"embeddable":true,"href":"https:\/\/www.europesays.com\/it\/wp-json\/wp\/v2\/comments?post=558811"}],"version-history":[{"count":0,"href":"https:\/\/www.europesays.com\/it\/wp-json\/wp\/v2\/posts\/558811\/revisions"}],"wp:featuredmedia":[{"embeddable":true,"href":"https:\/\/www.europesays.com\/it\/wp-json\/wp\/v2\/media\/558812"}],"wp:attachment":[{"href":"https:\/\/www.europesays.com\/it\/wp-json\/wp\/v2\/media?parent=558811"}],"wp:term":[{"taxonomy":"category","embeddable":true,"href":"https:\/\/www.europesays.com\/it\/wp-json\/wp\/v2\/categories?post=558811"},{"taxonomy":"post_tag","embeddable":true,"href":"https:\/\/www.europesays.com\/it\/wp-json\/wp\/v2\/tags?post=558811"}],"curies":[{"name":"wp","href":"https:\/\/api.w.org\/{rel}","templated":true}]}}