{"id":558872,"date":"2026-06-27T16:23:11","date_gmt":"2026-06-27T16:23:11","guid":{"rendered":"https:\/\/www.europesays.com\/it\/558872\/"},"modified":"2026-06-27T16:23:11","modified_gmt":"2026-06-27T16:23:11","slug":"capo-verde-e-la-lezione-dellidolo-vozinha","status":"publish","type":"post","link":"https:\/\/www.europesays.com\/it\/558872\/","title":{"rendered":"Capo Verde e la lezione dell&#8217;idolo Vozinha"},"content":{"rendered":"<p>                                Il 40enne portiere della squadra rivelazione che ai sedicesimi sfider\u00e0 l&#8217;Argentina: &#8220;Un bambino di 12 anni ci ha dato la carica, siamo qui per ispirare i giovani. E al tempo Buffon ispir\u00f2 me&#8221;<\/p>\n<p class=\"paragraph\" spellcheck=\"true\">Il giovane Mason, un puntino blu mare presente sulle tribune dello Houston Stadium insieme a sua madre, avr\u00e0 pianto di nuovo a dirotto. Il giorno prima di Arabia Saudita-Capo Verde aveva abbracciato Vozinha tra le lacrime, in albergo, e gli aveva detto \u201cti voglio bene\u201d. \u201c\u00c8 il calcio ragazzi, \u00e8 passione pura. Per me, per noi, per tutti: \u00e8 un idolo\u201d.\u00a0<\/p>\n<p>        LA DEDICA A MASON\u2014 \u00a0<\/p>\n<p class=\"paragraph\" spellcheck=\"true\">Suo padre Edson Silva, capoverdiano passato per Psv e Tottenham, aveva incrociato il cammino con quello del portierone dei miracoli, capace di tenere unite dieci isole in mezzo all\u2019Atlantico con la forza del pallone. Vozinha l\u2019ha rifatto: clean sheet, 0-0, un altro punticino e via ai sedicesimi, dove sfider\u00e0 l\u2019Argentina. A fine partita \u00e8 stato il pi\u00f9 cercato. S\u2019\u00e8 palesato in zona mista e ha ricordato anche Mason, 12 anni: \u201cNon ho parole per descrivere un bambino che piange di fronte a noi. Siamo qui per costruire immagini e ricordi per i pi\u00f9 piccoli e per i pi\u00f9 grandi. Il tutto affinch\u00e9 i giovani giocatori possano identificarsi in noi, da Stopira, a Ryan Mendes. Grazie a questo Mondiale ora tutti sanno dov\u2019\u00e8 Capo Verde\u201d. E soprattutto chi \u00e8 Josimar Jos\u00e9 \u00c9vora Dias, 40 anni, per tutti Vozinha, uno che da bambino veniva preso in giro in modo pesante. E non solo: \u201cEro competitivo e ribelle, non mi piaceva perdere. Mi picchiavano. E quando non potevo restituire i colpi tornavo arrabbiato, in lacrime\u201d. Da qui \u201cVozinha\u201d, \u201cnonnina\u201d, perch\u00e9 piangeva insieme a sua nonna.\u00a0<\/p>\n<p><a class=\"is-partner-link\" href=\"https:\/\/aipredictor.gazzetta.it\/?intcmp=Nazionali\" rel=\"nofollow noopener\" target=\"_blank\">Promo Mondiale 1\u20ac al mese per 3 mesi &#8211; Scopri chi vince con Gazzetta AI Predictor!<\/a><\/p>\n<p>        CORI E CANTI\u2014 \u00a0<\/p>\n<p class=\"paragraph\" spellcheck=\"true\">Questo Mondiale gli ha cambiato la vita. Ha 17 milioni di follower su Instagram e ancora un annetto di carriera: la stagione scorsa ha giocato al Chaves, in seconda divisione portoghese, ora lo vogliono in Brasile: Corinthians e Cear\u00e0 su tutte. Nel frattempo, sogna sereno. \u201cSiamo dei combattenti\u201d. Ieri ha visto i compagni festeggiare con canti, cori e balli. Jovane Cabral, Mendes, i fratelli Duarte, Livramento e gli altri si sono presentati in zona mista con occhiali e cappelli da cowboy. Hanno sfilato di fronte ai giornalisti &#8211; e anche ai giocatori dell&#8217;Arabia Saudita, impassibili &#8211; con la musica alta sfoggiando sorrisi e dando il &#8220;cinque&#8221; a chiunque. Vozinha \u00e8 stato il pi\u00f9 cercato: \u201cNon so dove mi porter\u00e0 la vita, ma una storia simile non avrei saputo scriverla cos\u00ec, \u00e8 tutto \u201ctroppo\u201d. Tra una domanda e l\u2019altra ha parlato anche di Gigi Buffon e della Serie A: \u201c\u00c8 stato un idolo, un riferimento, cos\u00ec come l&#8217;Italia\u201d. Mamma Ana era in tribuna come al solito, inquadrata dai maxischermi a pi\u00f9 riprese. \u201cIl mio faro, la mia eroina &#8211; ha detto, visibilmente commosso -, questo traguardo \u00e8 per tutti quelli come me: degli eroi per caso, ma con un cuore gigantesco e una passione infinita\u201d. Mason ha tutto il diritto di piangere.<\/p>\n<p class=\"is-copyright\">\u00a9 RIPRODUZIONE RISERVATA<\/p>\n","protected":false},"excerpt":{"rendered":"Il 40enne portiere della squadra rivelazione che ai sedicesimi sfider\u00e0 l&#8217;Argentina: &#8220;Un bambino di 12 anni ci ha&hellip;\n","protected":false},"author":3,"featured_media":558873,"comment_status":"","ping_status":"","sticky":false,"template":"","format":"standard","meta":{"footnotes":"","_share_on_mastodon":"0"},"categories":[1452],"tags":[48016,3357,3358,2648,694,3734,7448,721,60219,777,70793,1330,26675,1685,1740,1346,3412,1598,4038,1537,90,89,20142,72305,14987,20399,1353,1950,18147,44232,308251,308252,34331,308253,1739,245,244,1857,496,297913,549,308254],"class_list":["post-558872","post","type-post","status-publish","format-standard","has-post-thumbnail","category-calcio","tag-abbracciato","tag-arabia","tag-arabia-saudita","tag-argentina","tag-bambino","tag-brasile","tag-buffon","tag-calcio","tag-canti","tag-capo","tag-capo-verde","tag-cercato","tag-cori","tag-follower","tag-football","tag-fronte","tag-giocatori","tag-giovani","tag-idolo","tag-it","tag-italia","tag-italy","tag-lacrime","tag-mason","tag-mendes","tag-mista","tag-mondiale","tag-passione","tag-saudita","tag-sedicesimi","tag-sedicesimi-sfidera","tag-sedicesimi-sfidera-argentina","tag-sfidera","tag-sfidera-argentina","tag-soccer","tag-sport","tag-sports","tag-squadra","tag-verde","tag-vozinha","tag-zona","tag-zona-mista"],"share_on_mastodon":{"url":"https:\/\/pubeurope.com\/@it\/116822999351065010","error":""},"_links":{"self":[{"href":"https:\/\/www.europesays.com\/it\/wp-json\/wp\/v2\/posts\/558872","targetHints":{"allow":["GET"]}}],"collection":[{"href":"https:\/\/www.europesays.com\/it\/wp-json\/wp\/v2\/posts"}],"about":[{"href":"https:\/\/www.europesays.com\/it\/wp-json\/wp\/v2\/types\/post"}],"author":[{"embeddable":true,"href":"https:\/\/www.europesays.com\/it\/wp-json\/wp\/v2\/users\/3"}],"replies":[{"embeddable":true,"href":"https:\/\/www.europesays.com\/it\/wp-json\/wp\/v2\/comments?post=558872"}],"version-history":[{"count":0,"href":"https:\/\/www.europesays.com\/it\/wp-json\/wp\/v2\/posts\/558872\/revisions"}],"wp:featuredmedia":[{"embeddable":true,"href":"https:\/\/www.europesays.com\/it\/wp-json\/wp\/v2\/media\/558873"}],"wp:attachment":[{"href":"https:\/\/www.europesays.com\/it\/wp-json\/wp\/v2\/media?parent=558872"}],"wp:term":[{"taxonomy":"category","embeddable":true,"href":"https:\/\/www.europesays.com\/it\/wp-json\/wp\/v2\/categories?post=558872"},{"taxonomy":"post_tag","embeddable":true,"href":"https:\/\/www.europesays.com\/it\/wp-json\/wp\/v2\/tags?post=558872"}],"curies":[{"name":"wp","href":"https:\/\/api.w.org\/{rel}","templated":true}]}}