{"id":558955,"date":"2026-06-27T17:43:16","date_gmt":"2026-06-27T17:43:16","guid":{"rendered":"https:\/\/www.europesays.com\/it\/558955\/"},"modified":"2026-06-27T17:43:16","modified_gmt":"2026-06-27T17:43:16","slug":"la-pallacanestro-brescia-si-sposta-a-roma-ora-e-ufficiale-la-federazione-ha-approvato-necessario-rispettare-le-scelte-di-ogni-imprenditore-lunedi-il-via-libera-della-legabasket","status":"publish","type":"post","link":"https:\/\/www.europesays.com\/it\/558955\/","title":{"rendered":"La Pallacanestro Brescia si sposta a Roma, ora \u00e8 ufficiale: la federazione ha approvato (\u00abNecessario rispettare le scelte di ogni imprenditore\u00bb), luned\u00ec il via libera della Legabasket"},"content":{"rendered":"<p>    di<br \/>\n    Luca Bertelli<\/p>\n<p class=\"summary-art is-line-h-12\">Ormai \u00e8 tutto definito: dopo la wild card dell&#8217;Eurocup alla Maxima Roma, anche la federazione ha sciolto ogni velo sull&#8217;operazione. Ora si attende che Mauro Ferrari racconti la propria verit\u00e0 alla citt\u00e0 ed estragga quell&#8217;asso della manica che in queste ore ha pi\u00f9 volte sostenuto di possedere ad alcuni dei suoi pi\u00f9 stretti collaboratori.<\/p>\n<p class=\"chapter-paragraph\">\u00abE finisce qui. La storia di noi due\u00bb. <b>La Pallacanestro Brescia si trasferisce a Roma<\/b>. Dopo le anticipazioni dell&#8217;Eurocup, <a href=\"https:\/\/brescia.corriere.it\/notizie\/sport\/26_giugno_26\/wild-card-in-eurocup-per-la-maxima-roma-di-matiasic-il-trasferimento-da-brescia-e-cosa-fatta-manca-solo-approvazione-del-d5e865da-9117-4f3b-adf7-b8667bd86xlk.shtml\" title=\"Wild card in Eurocup per la \u00abMaxima Roma\u00bb di Matiasic, il trasferimento da Brescia \u00e8 cosa fatta: manca solo approvazione del consiglio federale alle 15\" rel=\"nofollow noopener\" target=\"_blank\">che all&#8217;ora di pranzo aveva ufficializzato la nascita di un nuovo club chiamato\u00a0\u00abMaxima Roma\u00bb<\/a>, al quale \u00e8 stata concessa una wild card per partecipare alla stagione europea 2026-27 (parliamo della seconda competizione europea, dopo l&#8217;Eurolega, mentre ieri l&#8217;iscrizione alla Champions League era stata bocciata ma quella \u00e8 una competizione a matrice Fiba), <b>anche la Fip (Federazione Italiana Pallacanestro) ha confermato, anzi avallato, il passaggio del titolo sportivo attraverso questa nota<\/b>:<\/p>\n<p class=\"chapter-paragraph\">\u00abIl Consiglio federale, riunitosi oggi in via straordinaria e in modalit\u00e0 web conference, <b>ha esaminato la documentazione prodotta dalla societ\u00e0 Pallacanestro Brescia per trasferire la propria sede da Brescia a Roma.<br \/>Il Consiglio federale ha ritenuto l\u2019istanza provvista dei requisiti di meritevolezza, subordinandone l\u2019accoglimento al rispetto degli obblighi e delle scadenze previste dal manuale delle licenze per la partecipazione al Campionato di Serie A 2026\/2027<\/b>.\u00a0La Federazione ribadisce di aver sempre agito in sinergia con la LBA, nel rispetto delle norme vigenti. Il rispetto del sentimento dei tifosi non pu\u00f2 mai venir meno, essendo il fulcro di ogni attivit\u00e0 sportiva, il motore del movimento, ma, allo stesso modo,<b> \u00e8 necessario rispettare le scelte di ogni imprenditore a cui non \u00e8 possibile impedire di operare a tutela dei propri legittimi interessi<\/b>\u00bb.    &#13;<br \/>\n&#13;<br \/>\n&#13;<br \/>\n&#13;<br \/>\n&#13;<br \/>\n&#13;<br \/>\n&#13;<br \/>\n&#13;<br \/>\n&#13;<br \/>\n&#13;<br \/>\n&#13;<br \/>\n&#13;<br \/>\n&#13;<br \/>\n&#13;<br \/>\n&#13;<br \/>\n&#13;<br \/>\n&#13;<br \/>\n&#13;<br \/>\n&#13;<br \/>\n&#13;<br \/>\n&#13;<br \/>\n&#13;<br \/>\n&#13;<br \/>\n&#13;<br \/>\n&#13;<br \/>\n&#13;<br \/>\n&#13;<br \/>\n&#13;<br \/>\n&#13;<br \/>\n&#13;<br \/>\n&#13;<br \/>\n&#13;<br \/>\n&#13;<br \/>\n&#13;<br \/>\n&#13;<br \/>\n&#13;<br \/>\n&#13;<br \/>\n&#13;<br \/>\n&#13;<br \/>\n&#13;<br \/>\n&#13;<br \/>\n&#13;<br \/>\n&#13;<br \/>\n&#13;<br \/>\n&#13;<br \/>\n&#13;<br \/>\n&#13;<br \/>\n&#13;<br \/>\n&#13;<br \/>\n&#13;<br \/>\n&#13;<br \/>\n&#13;<br \/>\n&#13;\n<\/p>\n<p class=\"chapter-paragraph\">Al netto del politichese, <b>e dell&#8217;ultimo via libera che dovr\u00e0 apporre formalmente la Legabasket nell&#8217;assemblea di luned\u00ec 29 giugno<\/b>, rimangono le lacrime di tanti tifosi bresciani, che appena tre settimane fa erano al Forum per la semifinale scudetto, persa con Milano, peraltro la terza consecutiva (e l&#8217;anno scorso il club si iss\u00f2 sino alla finale). <b>Mauro Ferrari ha ceduto alla corte insistente di Paul Matiasic<\/b>,<b> avvocato, ex presidente di Trieste da mercoled\u00ec<\/b>, che mira a costruire a Roma &#8211; in concorrenza all&#8217;altro club presentato ieri, che avr\u00e0 in Luka Doncic alla guida tecnica del progetto &#8211; un team di Nba Europe per la stagione 2027-28. La conditio sine qua non era la partecipazione a una coppa europea gi\u00e0 quest&#8217;anno, oltre al fatto che l&#8217;americano aveva gi\u00e0 pagato per avere in gestione il PalaEur nella capitale. Che torner\u00e0 forse a riempirsi.\u00a0<\/p>\n<p class=\"chapter-paragraph\"><b>Si svuota invece il Palaleonessa:<a href=\"\"> <\/a><\/b><a href=\"https:\/\/brescia.corriere.it\/notizie\/sport\/26_giugno_24\/basket-avanza-la-cessione-dei-diritti-di-brescia-verso-roma-l-unico-ostacolo-e-il-tempo-va-completato-l-iter-entro-venerdi-3f5960f3-d76f-459a-998e-dfc9b6451xlk.shtml\" title=\"Basket, avanza la cessione dei diritti di Brescia verso Roma: l&#039;unico ostacolo \u00e8 il tempo, va completato l&#039;iter entro venerd\u00ec\" rel=\"nofollow noopener\" target=\"_blank\">uno dei nuovi problemi che affronter\u00e0 la citt\u00e0, ora non di certo il pi\u00f9 grande.<\/a> Domani \u00e8 attesa una conferenza stampa, che Mauro Ferrari aveva gi\u00e0 annunciato ieri al Corriere: qui dovr\u00e0 spiegare le ragioni della sua operazione, con una chiara matrice economica (<b>l&#8217;intesa supera i 7 milioni di euro<\/b>), e dovr\u00e0 svelare ai tifosi e soprattutto alle istituzioni, che attendono notizie, quale sia\u00a0<b>\u00abl&#8217;asso nella manica\u00bb di cui oggi ha parlato a due stretti collaboratori in tempi diversi<\/b> (mentre il coach Matteo Cotelli per ora non ha ricevuto comunicazioni: ieri aveva persino chiuso l&#8217;acquisto di White, ala piccola australiana&#8230;).<\/p>\n<p class=\"is-mr-t-20 is-mr-b-20\"><b><br \/>\n                    <a href=\"https:\/\/brescia.corriere.it\/?intcmp=Notizielocali_nd_010623_corriere_ss_brescia\" target=\"_blank\" rel=\"nofollow noopener\">Vai a tutte le notizie di Brescia<\/a><br \/>\n            <\/b><\/p>\n<p class=\"chapter-paragraph\"><b><a href=\"https:\/\/www.corriere.it\/newsletter\/?theme=62&amp;intcmp=NL-artic_nd_050624_corriere_ss_brescia\" target=\"_blank\" rel=\"nofollow noopener\">Iscriviti alla newsletter di Corriere Brescia<\/a><\/b><\/p>\n<p class=\"is-last-update\" datetime=\"2026-06-26T16:36:11+02:00\">26 giugno 2026<\/p>\n<p class=\"is-copyright\">\n            \u00a9 RIPRODUZIONE RISERVATA\n        <\/p>\n","protected":false},"excerpt":{"rendered":"di Luca Bertelli Ormai \u00e8 tutto definito: dopo la wild card dell&#8217;Eurocup alla Maxima Roma, anche la federazione&hellip;\n","protected":false},"author":3,"featured_media":558956,"comment_status":"","ping_status":"","sticky":false,"template":"","format":"standard","meta":{"footnotes":"","_share_on_mastodon":"0"},"categories":[1453],"tags":[4382,4383,1756,1757,6073,30785,554,364,5002,51261,2697,284,5260,368,5560,1537,90,89,3697,2504,1691,4395,48593,26758,305163,91621,308280,9787,308281,308282,811,9637,10527,27384,9608,7318,1270,987,245,244,6035],"class_list":["post-558955","post","type-post","status-publish","format-standard","has-post-thumbnail","category-basket","tag-asso","tag-asso-manica","tag-basket","tag-basketball","tag-brescia","tag-card","tag-club","tag-collaboratori","tag-competizione","tag-eurocup","tag-europea","tag-federale","tag-federazione","tag-ferrari","tag-imprenditore","tag-it","tag-italia","tag-italy","tag-legabasket","tag-libera","tag-lunedi","tag-manica","tag-matrice","tag-mauro","tag-mauro-ferrari","tag-maxima","tag-maxima-roma","tag-necessario","tag-necessario-rispettare","tag-necessario-rispettare-scelte","tag-operazione","tag-pallacanestro","tag-pallacanestro-brescia","tag-partecipazione","tag-propria","tag-rispettare","tag-rispetto","tag-roma","tag-sport","tag-sports","tag-tifosi"],"share_on_mastodon":{"url":"","error":"Validation failed: Text character limit of 500 exceeded"},"_links":{"self":[{"href":"https:\/\/www.europesays.com\/it\/wp-json\/wp\/v2\/posts\/558955","targetHints":{"allow":["GET"]}}],"collection":[{"href":"https:\/\/www.europesays.com\/it\/wp-json\/wp\/v2\/posts"}],"about":[{"href":"https:\/\/www.europesays.com\/it\/wp-json\/wp\/v2\/types\/post"}],"author":[{"embeddable":true,"href":"https:\/\/www.europesays.com\/it\/wp-json\/wp\/v2\/users\/3"}],"replies":[{"embeddable":true,"href":"https:\/\/www.europesays.com\/it\/wp-json\/wp\/v2\/comments?post=558955"}],"version-history":[{"count":0,"href":"https:\/\/www.europesays.com\/it\/wp-json\/wp\/v2\/posts\/558955\/revisions"}],"wp:featuredmedia":[{"embeddable":true,"href":"https:\/\/www.europesays.com\/it\/wp-json\/wp\/v2\/media\/558956"}],"wp:attachment":[{"href":"https:\/\/www.europesays.com\/it\/wp-json\/wp\/v2\/media?parent=558955"}],"wp:term":[{"taxonomy":"category","embeddable":true,"href":"https:\/\/www.europesays.com\/it\/wp-json\/wp\/v2\/categories?post=558955"},{"taxonomy":"post_tag","embeddable":true,"href":"https:\/\/www.europesays.com\/it\/wp-json\/wp\/v2\/tags?post=558955"}],"curies":[{"name":"wp","href":"https:\/\/api.w.org\/{rel}","templated":true}]}}