{"id":559005,"date":"2026-06-27T18:22:17","date_gmt":"2026-06-27T18:22:17","guid":{"rendered":"https:\/\/www.europesays.com\/it\/559005\/"},"modified":"2026-06-27T18:22:17","modified_gmt":"2026-06-27T18:22:17","slug":"incentivi-gpl-e-metano-quanti-soldi-per-il-bonus-costi-del-retrofit","status":"publish","type":"post","link":"https:\/\/www.europesays.com\/it\/559005\/","title":{"rendered":"Incentivi Gpl e metano: quanti soldi per il bonus, costi del retrofit"},"content":{"rendered":"<p>                                Pubblicato dal ministero delle imprese il decreto che introduce nuovi incentivi per convertire a Gpl o metano la propria auto. Una misura valida per tutte le auto private dalla classe Euro 3 all&#8217;Euro 6<\/p>\n<p>\n                                                                    Matteo Corsini\n                            <\/p>\n<p>                    27 giugno 2026 (modifica alle 16:37)  &#8211; MILANO<\/p>\n<p class=\"paragraph\" spellcheck=\"true\">Nel nuovo decreto del ministero delle imprese e del Made in Italy vengono reintrodotti gli incentivi economici per la conversione di auto private con impianti a Gpl o metano. Un intervento detto &#8220;<b>retrofit<\/b>&#8220;, che consiste nell&#8217;installazione di bombole, iniettori e tutti gli altri componenti necessari a trasformare una vettura normalmente alimentata a benzina in una a gas. Il decreto prevede un contributo economico pari a <b>400 euro<\/b> nel caso in cui si scelga di convertire la propria auto a Gpl, che diventano <b>800 euro<\/b> se invece si opta per un impianto a metano. Per questo provvedimento \u00e8 stato stanziato un fondo pari a 20 milioni di euro, che verr\u00e0 progressivamente erogato fino al <b>2030<\/b>, anno in cui terminer\u00e0 la validit\u00e0 degli incentivi retrofit. Pi\u00f9 precisamente, saranno messi a disposizione 4 milioni di euro entro la fine del 2026, 5 milioni l&#8217;anno dal 2027 al 2029 e 1 milione nel 2030. Sono compatibili con gli incentivi retrofit tutte le auto private (intestate a persone fisiche e giuridiche) con classe di emissione compresa<b> tra l&#8217;Euro 3 e l&#8217;Euro 6<\/b>. Considerando che il rispetto dell&#8217;Euro 3 \u00e8 diventato obbligatorio nel gennaio 2001, si evince che il decreto risulta applicabile alla maggior parte delle vetture attualmente in circolazione.\u00a0<\/p>\n<p>    costi e sconti\u2014 \u00a0<\/p>\n<p class=\"paragraph is-inline\" spellcheck=\"true\">Lo sconto di 400 euro in caso di conversione a Gpl o di 800 euro per la conversione a metano verr\u00e0 erogato sotto forma di sconto in fattura. L&#8217;installatore viene rimborsato di un importo pari allo sconto applicato direttamente dal costruttore dell&#8217;impianto a gas, che recuperer\u00e0 l&#8217;intero importo come ritenuta d&#8217;imposta. Generalmente, per\u00a0<b>convertire a Gpl un&#8217;auto a benzina<\/b> si spendono tra i 1.000 e i 2.000 euro, mentre per passare al <b>metano <\/b>occorrono in media dai 1.500 ai 2.000 euro. Possibile convertire anche le auto <b>diesel<\/b>, pur con spese superiori: siamo nell&#8217;ordine dei 2.500 euro per il Gpl e dei 3.000 euro per il metano. Alla spesa iniziale si aggiungono i <b>costi fissi <\/b>&#8220;obbligati&#8221; delle auto a gas. Su una vettura benzina\/Gpl bisogna sostituire la bombola ogni 10 anni, con una spesa media che pu\u00f2 oscillare dai 300 ai 900 euro, mentre un&#8217;auto a metano richiede una revisione delle bombole ogni 5 anni, con prezzi dai 190 ai 440 euro.<\/p>\n<p>    risparmio\u2014 \u00a0<\/p>\n<p class=\"paragraph is-inline\" spellcheck=\"true\">I costi di conversione e manutenzione sono compensati dal minor costo alla pompa di Gpl e metano rispetto ai combustibili tradizionali. Al 27 giugno 2026, infatti, un litro di benzina in Lombardia costa in media 1,797 euro, un litro di diesel 1,886 euro, <b>un litro di Gpl 0,745 euro <\/b>e<b> un chilo di metano 1,542 euro<\/b>. E va tenuto conto che il prezzo di benzina e diesel riportato \u00e8 relativo a distributori self service, mentre sia Gpl che metano vengono serviti da un operatore. La seguente tabella riporta il costo per percorrere 1000 km con una vettura compatta di segmento C, a seconda delle alimentazioni scelte.\u00a0<\/p>\n<p><a class=\"is-partner-link\" href=\"https:\/\/www.wefan.it\/tours?sport=5&amp;utm_source=gazzetta&amp;utm_medium=nd&amp;utm_campaign=all_F1\" rel=\"nofollow noopener\" target=\"_blank\">Viaggia con Gazzetta Motori, vivi da protagonista i circuiti pi\u00f9 attesi dell\u2019estate<\/a><\/p>\n<p>    Confronto costo per 1.000 km<\/p>\n<tr>\n<p>            AutoAlimentazioneConsumoPrezzo<\/tr>\n<tr class=\"tile-table_row__content bck-tile-table_row table-title-color  row-add-remove-button \" id=\"m7530-7529-7531\">\n<td class=\"tile-table-td__content--text hide-add-remove-button\">Peugeot 208\u00a0<\/td>\n<td class=\"tile-table-td__content--text hide-add-remove-button\">Benzina<\/td>\n<td class=\"tile-table-td__content--text hide-add-remove-button\">5,1 l\/100 km<\/td>\n<td class=\"tile-table-td__content--text hide-add-remove-button\">91,65 euro<\/td>\n<\/tr>\n<tr class=\"tile-table_row__content bck-tile-table_row table-title-color  row-add-remove-button \" id=\"m7535-7534-7536\">\n<td class=\"tile-table-td__content--text hide-add-remove-button\">Toyota Yaris<\/td>\n<td class=\"tile-table-td__content--text hide-add-remove-button\">Full hybrid<\/td>\n<td class=\"tile-table-td__content--text hide-add-remove-button\">4,2 l\/100 km<\/td>\n<td class=\"tile-table-td__content--text hide-add-remove-button\">75,47 euro<\/td>\n<\/tr>\n<tr class=\"tile-table_row__content bck-tile-table_row table-title-color  row-add-remove-button \" id=\"m7540-7539-7541\">\n<td class=\"tile-table-td__content--text hide-add-remove-button\">Renault Clio<\/td>\n<td class=\"tile-table-td__content--text hide-add-remove-button\">Diesel<\/td>\n<td class=\"tile-table-td__content--text hide-add-remove-button\">4,1 l\/100 km<\/td>\n<td class=\"tile-table-td__content--text hide-add-remove-button\">77,33 euro<\/td>\n<\/tr>\n<tr class=\"tile-table_row__content bck-tile-table_row table-title-color  row-add-remove-button \" id=\"m7545-7544-7546\">\n<td class=\"tile-table-td__content--text hide-add-remove-button\">Dacia Sandero<\/td>\n<td class=\"tile-table-td__content--text hide-add-remove-button\">Gpl<\/td>\n<td class=\"tile-table-td__content--text hide-add-remove-button\">6,8 l\/100 km<\/td>\n<td class=\"tile-table-td__content--text hide-add-remove-button\">50,66 euro<\/td>\n<\/tr>\n<tr class=\"tile-table_row__content bck-tile-table_row table-title-color  row-add-remove-button \" id=\"m7550-7549-7551\">\n<td class=\"tile-table-td__content--text hide-add-remove-button\">Seat Ibiza<\/td>\n<td class=\"tile-table-td__content--text hide-add-remove-button\">Metano<\/td>\n<td class=\"tile-table-td__content--text hide-add-remove-button\">3,5 kg\/100 km<\/td>\n<td class=\"tile-table-td__content--text hide-add-remove-button\">53,97 euro<\/td>\n<\/tr>\n<p>    il commento\u2014 \u00a0<\/p>\n<p class=\"paragraph is-inline\" spellcheck=\"true\">La notizia della pubblicazione dei nuovi incentivi retrofit \u00e8 stata positivamente accolta dalla <b>Assogasliquidi<\/b>, dato che punta al sostegno di un mercato, quello delle conversioni a gas, che ha visto un calo dell&#8217;82% tra il 2012 e il 2025. Il presidente <b>Matteo Cimenti<\/b> commenta: &#8220;Questo provvedimento permette di raggiungere diversi obiettivi: garantire a persone e famiglie che non possono permettersi l\u2019acquisto di una nuova auto di continuare a muoversi e circolare in citt\u00e0, risparmiando sui consumi; sostenere le imprese italiane della componentistica e della distribuzione di gas per autotrazione e favorire la crescita di tutto l\u2019indotto rappresentato dalle officine di trasformazione. Il tutto riducendo le emissioni di CO2 e di particolato di auto gi\u00e0 circolanti, grazie all\u2019alimentazione a Gpl e metano&#8221;.<\/p>\n<p class=\"is-copyright\">\u00a9 RIPRODUZIONE RISERVATA<\/p>\n","protected":false},"excerpt":{"rendered":"Pubblicato dal ministero delle imprese il decreto che introduce nuovi incentivi per convertire a Gpl o metano la&hellip;\n","protected":false},"author":3,"featured_media":559006,"comment_status":"","ping_status":"","sticky":false,"template":"","format":"standard","meta":{"footnotes":"","_share_on_mastodon":"0"},"categories":[172],"tags":[178,2765,308319,231532,14745,101875,177,3155,39764,255595,308320,308321,3524,6016,2582,47252,54361,724,308322,28801,40030,6316,38945,308317,308316,35719,23311,3709,21512,308318,1537,90,89,40028,793,159719,172610,308323,14711,21272,231107,732,11546],"class_list":["post-559005","post","type-post","status-publish","format-standard","has-post-thumbnail","category-affari","tag-affari","tag-auto","tag-auto-gas","tag-auto-private","tag-benzina","tag-bombole","tag-business","tag-classe","tag-conversione","tag-convertire","tag-convertire-auto","tag-convertire-gpl","tag-costi","tag-costo","tag-decreto","tag-diesel","tag-erogato","tag-euro","tag-euro-conversione","tag-euro-euro","tag-euro-litro","tag-gas","tag-gpl","tag-gpl-euro","tag-gpl-metano","tag-impianto","tag-importo","tag-imprese","tag-incentivi","tag-incentivi-retrofit","tag-it","tag-italia","tag-italy","tag-litro","tag-media","tag-media-euro","tag-metano","tag-metano-euro","tag-pari","tag-private","tag-retrofit","tag-sconto","tag-vettura"],"share_on_mastodon":{"url":"https:\/\/pubeurope.com\/@it\/116823467678673791","error":""},"_links":{"self":[{"href":"https:\/\/www.europesays.com\/it\/wp-json\/wp\/v2\/posts\/559005","targetHints":{"allow":["GET"]}}],"collection":[{"href":"https:\/\/www.europesays.com\/it\/wp-json\/wp\/v2\/posts"}],"about":[{"href":"https:\/\/www.europesays.com\/it\/wp-json\/wp\/v2\/types\/post"}],"author":[{"embeddable":true,"href":"https:\/\/www.europesays.com\/it\/wp-json\/wp\/v2\/users\/3"}],"replies":[{"embeddable":true,"href":"https:\/\/www.europesays.com\/it\/wp-json\/wp\/v2\/comments?post=559005"}],"version-history":[{"count":0,"href":"https:\/\/www.europesays.com\/it\/wp-json\/wp\/v2\/posts\/559005\/revisions"}],"wp:featuredmedia":[{"embeddable":true,"href":"https:\/\/www.europesays.com\/it\/wp-json\/wp\/v2\/media\/559006"}],"wp:attachment":[{"href":"https:\/\/www.europesays.com\/it\/wp-json\/wp\/v2\/media?parent=559005"}],"wp:term":[{"taxonomy":"category","embeddable":true,"href":"https:\/\/www.europesays.com\/it\/wp-json\/wp\/v2\/categories?post=559005"},{"taxonomy":"post_tag","embeddable":true,"href":"https:\/\/www.europesays.com\/it\/wp-json\/wp\/v2\/tags?post=559005"}],"curies":[{"name":"wp","href":"https:\/\/api.w.org\/{rel}","templated":true}]}}