{"id":559058,"date":"2026-06-27T19:10:27","date_gmt":"2026-06-27T19:10:27","guid":{"rendered":"https:\/\/www.europesays.com\/it\/559058\/"},"modified":"2026-06-27T19:10:27","modified_gmt":"2026-06-27T19:10:27","slug":"the-bear-la-classifica-di-tutte-le-stagioni","status":"publish","type":"post","link":"https:\/\/www.europesays.com\/it\/559058\/","title":{"rendered":"The Bear, la classifica di tutte le stagioni"},"content":{"rendered":"<p>Vincitrice di <strong>21 <a href=\"https:\/\/www.vanityfair.it\/topic\/emmy-awards\" rel=\"nofollow noopener\" target=\"_blank\">Emmy<\/a><\/strong> e <strong>5 <a href=\"https:\/\/www.vanityfair.it\/topic\/golden-globe\" rel=\"nofollow noopener\" target=\"_blank\">Golden Globe<\/a><\/strong>, l\u2019acclamata <a href=\"https:\/\/www.vanityfair.it\/topic\/serie-tv\" rel=\"nofollow noopener\" target=\"_blank\">serie<\/a> che ha consacrato Allen White nell\u2019olimpo di Hollywood \u00e8 stata senza dubbio una delle produzioni televisive pi\u00f9 amate e celebrate di questo decennio. Un racconto intenso fatto di cucina, ambizione, dolore, resilienza e rinascita, capace di conquistare pubblico e critica stagione dopo stagione. Ma, come tutte le grandi storie, anche quella di The Bear \u00e8 destinata prima o poi a giungere al suo epilogo. Eppure, \u00e8 curioso pensare che tutto sia nato con un\u2019idea completamente diversa: inizialmente, infatti, The Bear non era stata concepita come una serie televisiva, ma come un film. Ecco, le precedenti quattro stagioni classificate (secondo Rotten Tomatoes).<\/p>\n<p>4. Stagione 4<img decoding=\"async\" alt=\"The Bear la classifica di tutte le stagioni\" loading=\"lazy\" class=\"ResponsiveImageContainer-dkeESL cQPiWi responsive-image__image\"   src=\"https:\/\/www.europesays.com\/it\/wp-content\/uploads\/2026\/06\/The%20Bear%204-3.jpg\"\/><\/p>\n<p>La quarta stagione di The Bear riparte dalle conseguenze della recensione poco entusiasmante ricevuta dal ristorante, un colpo che cambia completamente il modo in cui Carmy affronta il suo lavoro. Con la pressione di Cicero, che impone una scadenza per trasformare il locale in un\u2019attivit\u00e0 redditizia, la squadra deve trovare nuovi modi per migliorare e sopravvivere. Pur mantenendo momenti intensi ed emotivi, questa stagione \u00e8 considerata meno sorprendente delle precedenti: il protagonista sembra bloccato in una fase di stallo e alcune riflessioni gi\u00e0 affrontate tornano a ripetersi. <strong>Curiosit\u00e0<\/strong>: Jeremy Allen White ha contribuito personalmente alla creazione dei tatuaggi del suo personaggio. Nella vita reale l&#8217;attore ne ha soltanto sei, mentre Carmy sfoggia braccia completamente ricoperte di tattoo, diventati uno degli elementi pi\u00f9 iconici del suo look. Per realizzarli, White ha collaborato con il tatuatore Ben Shields, studiando disegni che raccontassero la storia e l&#8217;identit\u00e0 del personaggio. Tra i pi\u00f9 significativi c&#8217;\u00e8 il numero 773, il prefisso telefonico di Chicago, un omaggio alle radici della citt\u00e0 che Carmy porta sempre con s\u00e9.<\/p>\n","protected":false},"excerpt":{"rendered":"Vincitrice di 21 Emmy e 5 Golden Globe, l\u2019acclamata serie che ha consacrato Allen White nell\u2019olimpo di Hollywood&hellip;\n","protected":false},"author":3,"featured_media":559059,"comment_status":"","ping_status":"","sticky":false,"template":"","format":"standard","meta":{"footnotes":"","_share_on_mastodon":"0"},"categories":[1444],"tags":[76351,203,66847,204,1537,90,89,94709,9100,253],"class_list":["post-559058","post","type-post","status-publish","format-standard","has-post-thumbnail","category-tv","tag-emmy","tag-entertainment","tag-golden-globe","tag-intrattenimento","tag-it","tag-italia","tag-italy","tag-jeremy-allen-white","tag-serie-tv","tag-tv"],"share_on_mastodon":{"url":"https:\/\/pubeurope.com\/@it\/116823656926840592","error":""},"_links":{"self":[{"href":"https:\/\/www.europesays.com\/it\/wp-json\/wp\/v2\/posts\/559058","targetHints":{"allow":["GET"]}}],"collection":[{"href":"https:\/\/www.europesays.com\/it\/wp-json\/wp\/v2\/posts"}],"about":[{"href":"https:\/\/www.europesays.com\/it\/wp-json\/wp\/v2\/types\/post"}],"author":[{"embeddable":true,"href":"https:\/\/www.europesays.com\/it\/wp-json\/wp\/v2\/users\/3"}],"replies":[{"embeddable":true,"href":"https:\/\/www.europesays.com\/it\/wp-json\/wp\/v2\/comments?post=559058"}],"version-history":[{"count":0,"href":"https:\/\/www.europesays.com\/it\/wp-json\/wp\/v2\/posts\/559058\/revisions"}],"wp:featuredmedia":[{"embeddable":true,"href":"https:\/\/www.europesays.com\/it\/wp-json\/wp\/v2\/media\/559059"}],"wp:attachment":[{"href":"https:\/\/www.europesays.com\/it\/wp-json\/wp\/v2\/media?parent=559058"}],"wp:term":[{"taxonomy":"category","embeddable":true,"href":"https:\/\/www.europesays.com\/it\/wp-json\/wp\/v2\/categories?post=559058"},{"taxonomy":"post_tag","embeddable":true,"href":"https:\/\/www.europesays.com\/it\/wp-json\/wp\/v2\/tags?post=559058"}],"curies":[{"name":"wp","href":"https:\/\/api.w.org\/{rel}","templated":true}]}}