{"id":559113,"date":"2026-06-27T20:02:19","date_gmt":"2026-06-27T20:02:19","guid":{"rendered":"https:\/\/www.europesays.com\/it\/559113\/"},"modified":"2026-06-27T20:02:19","modified_gmt":"2026-06-27T20:02:19","slug":"taylor-swift-e-travis-kelce-i-due-pre-wedding-opposti-lei-si-rifugia-sulloceano-lui-festeggia-in-citta","status":"publish","type":"post","link":"https:\/\/www.europesays.com\/it\/559113\/","title":{"rendered":"Taylor Swift e Travis Kelce, i due pre wedding opposti: lei si rifugia sull&#8217;oceano, lui festeggia in citt\u00e0"},"content":{"rendered":"<p>    di<br \/>\n    Federica Bandirali<\/p>\n<p class=\"summary-art is-line-h-12\">Lei ha preferito la privacy di Watch Hill, lui l&#8217;energia di concerti e gare Nascar gli addii al nubilato di Taylor Swift e Travis Kelce raccontano due personalit\u00e0 diverse unite dalla stessa attesa per il grande giorno (il 3 luglio)<\/p>\n<p class=\"chapter-paragraph\">Mentre cresce l&#8217;attesa per quello che si preannuncia come uno dei matrimoni pi\u00f9 chiacchierati dell&#8217;anno: Taylor Swift e Travis Kelce si sposeranno il 3 luglio. I due hanno scelto di vivere gli ultimi giorni prima delle nozze seguendo strade completamente diverse. Due modi opposti di festeggiare, due atmosfere lontane tra loro, ma accomunate dalla voglia di condividere questo momento speciale con le persone pi\u00f9 care.  Secondo le indiscrezioni che circolano negli Stati Uniti, il conto alla rovescia verso il matrimonio sarebbe ormai entrato nella fase finale. E, come da tradizione, la coppia avrebbe dedicato un intero weekend ai rispettivi festeggiamenti pre-nozze.  Da una parte c&#8217;\u00e8 Travis Kelce, che ha trasformato il suo addio al celibato in una vera maratona di eventi tra amici, musica e adrenalina. Il campione della NFL \u00e8 stato avvistato a Los Angeles insieme al fratello Jason, all&#8217;amico Ross Travis e al comico Druski. Tra serate in compagnia, concerti e appuntamenti sportivi, Kelce ha scelto di vivere questi giorni sotto i riflettori, senza rinunciare al divertimento.<\/p>\n<p>        <img decoding=\"async\" class=\"is_full_image\" loading=\"lazy\" alt=\"Non solo Dua Lipa: in arrivo un altro matrimonio da sogno, quello tra Taylor Swift e Travis Kelce\" src=\"https:\/\/www.europesays.com\/it\/wp-content\/uploads\/2026\/06\/6a253e6fe5c08.jpeg\" data-full-src=\"https:\/\/www.europesays.com\/it\/wp-content\/uploads\/2026\/06\/6a253e6fe5c08.jpeg\"\/><\/p>\n<p>        <img decoding=\"async\" class=\"is_full_image\" loading=\"lazy\" alt=\"Non solo Dua Lipa: in arrivo un altro matrimonio da sogno, quello tra Taylor Swift e Travis Kelce\" src=\"https:\/\/www.europesays.com\/it\/wp-content\/uploads\/2026\/06\/6a253e79c76b9.jpeg\" data-full-src=\"https:\/\/www.europesays.com\/it\/wp-content\/uploads\/2026\/06\/6a253e79c76b9.jpeg\"\/><\/p>\n<p class=\"chapter-paragraph\">Atmosfera completamente diversa, invece, per Taylor Swift. La popstar &#8211; secondo TMZ- avrebbe scelto la discrezione e l&#8217;intimit\u00e0 della sua spettacolare propriet\u00e0 di Watch Hill, nel Rhode Island, affacciata direttamente sull&#8217;oceano. Niente party pubblici n\u00e9 apparizioni mondane: solo una cerchia selezionata di amiche e un weekend lontano dai riflettori. Tra le ospiti presenti ci sarebbe stata anche Abigail Anderson Berard, storica migliore amica della cantante. Per l&#8217;occasione, la futura sposa avrebbe indossato un look total white, mentre le sue amiche avrebbero optato per tonalit\u00e0 pi\u00f9 scure, creando un raffinato gioco di contrasti. Il giorno successivo, il gruppo avrebbe lasciato la residenza a bordo di un SUV diretto verso una seconda destinazione, mantenuta rigorosamente segreta. Un dettaglio che alimenta il fascino di una celebrazione pensata per restare lontana da occhi indiscreti. Se Travis ha scelto l&#8217;energia delle folle e l&#8217;entusiasmo degli eventi pubblici, Taylor ha preferito la quiete di un rifugio esclusivo vista oceano. Due modi diversi di salutare la vita da fidanzati, che raccontano perfettamente le personalit\u00e0 dei futuri sposi. E mentre il grande giorno si avvicina, una cosa appare chiara: anche nei preparativi delle nozze, la coppia continua a trovare il proprio equilibrio tra mondanit\u00e0 e riservatezza.    &#13;<br \/>\n&#13;<br \/>\n&#13;<br \/>\n&#13;<br \/>\n&#13;<br \/>\n&#13;<br \/>\n&#13;<br \/>\n&#13;<br \/>\n&#13;<br \/>\n&#13;<br \/>\n&#13;<br \/>\n&#13;<br \/>\n&#13;<br \/>\n&#13;<br \/>\n&#13;<br \/>\n&#13;<br \/>\n&#13;<br \/>\n&#13;<br \/>\n&#13;<br \/>\n&#13;<br \/>\n&#13;<br \/>\n&#13;<br \/>\n&#13;<br \/>\n&#13;<br \/>\n&#13;<br \/>\n&#13;<br \/>\n&#13;<br \/>\n&#13;<br \/>\n&#13;<br \/>\n&#13;<br \/>\n&#13;<br \/>\n&#13;<br \/>\n&#13;<br \/>\n&#13;<br \/>\n&#13;<br \/>\n&#13;<br \/>\n&#13;<br \/>\n&#13;<br \/>\n&#13;<br \/>\n&#13;<br \/>\n&#13;<br \/>\n&#13;<br \/>\n&#13;<br \/>\n&#13;<br \/>\n&#13;<br \/>\n&#13;<br \/>\n&#13;<br \/>\n&#13;<br \/>\n&#13;<br \/>\n&#13;<br \/>\n&#13;<br \/>\n&#13;<br \/>\n&#13;\n<\/p>\n<p class=\"is-last-update\" datetime=\"2026-06-23T07:47:56+02:00\">27 giugno 2026<\/p>\n<p class=\"is-copyright\">\n            \u00a9 RIPRODUZIONE RISERVATA\n        <\/p>\n","protected":false},"excerpt":{"rendered":"di Federica Bandirali Lei ha preferito la privacy di Watch Hill, lui l&#8217;energia di concerti e gare Nascar&hellip;\n","protected":false},"author":3,"featured_media":528060,"comment_status":"","ping_status":"","sticky":false,"template":"","format":"standard","meta":{"footnotes":"","_share_on_mastodon":"0"},"categories":[1451],"tags":[223,1621,1620,1073,2943,2235,5115,3566,203,626,25090,204,1537,90,89,38209,426,8966,15384,8842,62081,3458,7523,15965,7904,1702,15138,172031,172032,12051,6865,172033,54763,38035],"class_list":["post-559113","post","type-post","status-publish","format-standard","has-post-thumbnail","category-celebrita","tag-amiche","tag-celebrita","tag-celebrities","tag-completamente","tag-concerti","tag-coppia","tag-diverse","tag-energia","tag-entertainment","tag-eventi","tag-hill","tag-intrattenimento","tag-it","tag-italia","tag-italy","tag-kelce","tag-luglio","tag-modi","tag-nozze","tag-oceano","tag-opposti","tag-personalita","tag-pre","tag-preferito","tag-pubblici","tag-scelto","tag-swift","tag-swift-travis","tag-swift-travis-kelce","tag-taylor","tag-taylor-swift","tag-taylor-swift-travis","tag-travis","tag-travis-kelce"],"share_on_mastodon":{"url":"https:\/\/pubeurope.com\/@it\/116823861301477983","error":""},"_links":{"self":[{"href":"https:\/\/www.europesays.com\/it\/wp-json\/wp\/v2\/posts\/559113","targetHints":{"allow":["GET"]}}],"collection":[{"href":"https:\/\/www.europesays.com\/it\/wp-json\/wp\/v2\/posts"}],"about":[{"href":"https:\/\/www.europesays.com\/it\/wp-json\/wp\/v2\/types\/post"}],"author":[{"embeddable":true,"href":"https:\/\/www.europesays.com\/it\/wp-json\/wp\/v2\/users\/3"}],"replies":[{"embeddable":true,"href":"https:\/\/www.europesays.com\/it\/wp-json\/wp\/v2\/comments?post=559113"}],"version-history":[{"count":0,"href":"https:\/\/www.europesays.com\/it\/wp-json\/wp\/v2\/posts\/559113\/revisions"}],"wp:featuredmedia":[{"embeddable":true,"href":"https:\/\/www.europesays.com\/it\/wp-json\/wp\/v2\/media\/528060"}],"wp:attachment":[{"href":"https:\/\/www.europesays.com\/it\/wp-json\/wp\/v2\/media?parent=559113"}],"wp:term":[{"taxonomy":"category","embeddable":true,"href":"https:\/\/www.europesays.com\/it\/wp-json\/wp\/v2\/categories?post=559113"},{"taxonomy":"post_tag","embeddable":true,"href":"https:\/\/www.europesays.com\/it\/wp-json\/wp\/v2\/tags?post=559113"}],"curies":[{"name":"wp","href":"https:\/\/api.w.org\/{rel}","templated":true}]}}