{"id":559135,"date":"2026-06-27T20:27:16","date_gmt":"2026-06-27T20:27:16","guid":{"rendered":"https:\/\/www.europesays.com\/it\/559135\/"},"modified":"2026-06-27T20:27:16","modified_gmt":"2026-06-27T20:27:16","slug":"treviso-basket-il-play-cappelletti-numero-uno-dellanno-per-la-giba-che-carica-non-me-lo-aspettavo-premio-raggiunto-anche-grazie-a-treviso","status":"publish","type":"post","link":"https:\/\/www.europesays.com\/it\/559135\/","title":{"rendered":"Treviso Basket: il play Cappelletti numero uno dell&#8217;anno per la Giba: \u00abChe carica, non me lo aspettavo. Premio raggiunto anche grazie a Treviso\u00bb"},"content":{"rendered":"<p><a href=\"https:\/\/www.ilgazzettino.it\/t\/treviso\" rel=\"nofollow noopener\" target=\"_blank\">TREVISO<\/a> &#8211; Sulla maglia ha lo 0, ma \u00e8 uno che vale tanto oro quanto pesa. <a href=\"https:\/\/www.ilgazzettino.it\/t\/alessandro-cappelletti\" rel=\"nofollow noopener\" target=\"_blank\">Alessandro Cappelletti<\/a> sempre pi\u00f9 in gran spolvero: dopo essere stato per LBA il miglior giocatore di marzo ed aprile, di recente ha ricevuto il premio Giba quindi, particolare non da poco, votato dai suoi colleghi, che l&#8217;hanno considerato il miglior italiano del campionato (<a href=\"https:\/\/www.ilgazzettino.it\/t\/giorgia-sottana\" rel=\"nofollow noopener\" target=\"_blank\">Giorgia Sottana<\/a> in campo femminile). E marted\u00ec sar\u00e0 il testimonial allo Store Tvb nella presentazione della campagna abbonamenti: in rete c&#8217;\u00e8 un suo video nel quale si rivolge direttamente ai tifosi.<\/p>\n<p>    &#13;<\/p>\n<p>APPROFONDIMENTI<\/p>\n<p>&#13;<\/p>\n<p>                            &#13;<br \/>\n                                            &#13;<br \/>\n                            <a href=\"https:\/\/www.ilgazzettino.it\/nordest\/treviso\/basket_nba_europei_protagonisti-9580010.html\" rel=\"nofollow noopener\" target=\"_blank\">&#13;<br \/>\n                                                                <img decoding=\"async\" src=\"https:\/\/www.europesays.com\/it\/wp-content\/uploads\/2026\/06\/9580010_08113128_basket_nba_europei_protagonisti.jpg\"\/>&#13;<br \/>\n                            <\/a>&#13;<br \/>\n                        &#13;<br \/>\n                                        &#13;<\/p>\n<p>        &#13;<\/p>\n<p>Estate memorabile per Ale, tra qualche palleggio in palestra a Spoleto con <a href=\"https:\/\/www.ilgazzettino.it\/t\/federico-miaschi\" rel=\"nofollow noopener\" target=\"_blank\">Federico Miaschi<\/a>, invitato nella sua Umbria a presenziare ad un torneo, ed un po&#8217; di (meritatissima) vacanza a luglio in Sardegna assieme a <a href=\"https:\/\/www.ilgazzettino.it\/t\/myriam-sylla\" rel=\"nofollow noopener\" target=\"_blank\">Myriam Sylla<\/a>. \u00abS\u00ec, a Spoleto c&#8217;era il tradizionale Torneo dei Bar, lo fanno ogni anno &#8211; spiega il play nativo di Assisi &#8211; Miaschi era assieme a me uno degli ospiti: ci siamo divertiti, abbiamo fatto perfino i coach delle due squadre finaliste\u00bb.\u00a0<\/p>\n<p><strong>Complimenti: il sindacato giocatori lo ha eletto miglior italiano in LBA.<\/strong><\/p>\n<p>\u00abGrazie mille. Onestamente nemmeno me l&#8217;aspettavo, un riconoscimento che mi ha fatto veramente piacere ricevere: se ce ne fosse stato bisogno, mi d\u00e0 ancora pi\u00f9 carica per iniziare al meglio la prossima stagione, per cercare di confermare tutto il buono fatto lo scorso campionato e ripartire da l\u00ec. E credo, visto il roster che sta nascendo, che questa sia l&#8217;idea anche della societ\u00e0\u00bb.<\/p>\n<p><strong>Questi primi quattro mesi vissuti a Treviso possono essere tranquillamente definiti come tra i pi\u00f9 importanti della sua carriera.<\/strong><\/p>\n<p>\u00abSicuramente: nonostante si tratti di meno di met\u00e0 stagione, \u00e8 stato un periodo molto importante per me ma anche per la societ\u00e0, per la squadra e per i tifosi. Quindi, come dicevo fin dai primi giorni dopo la fine della stagione, la mia volont\u00e0 era dare continuit\u00e0 ai risultati ottenuti. La societ\u00e0 si \u00e8 dimostrata d&#8217;accordo nel proseguire questo &#8220;matrimonio&#8221; per altri due anni; e penso che in questo momento storico del basket, dove pi\u00f9 che altro si firmano contratti annuali, sia anche un bel segnale. Sono proprio felice, vorrei continuare a restituire ci\u00f2 che Treviso mi ha dato\u00bb.<\/p>\n<p><strong>In un panorama dove due club si sono trasferiti a Roma ed un presidente molla il proprio per andare nella capitale, Treviso \u00e8 un&#8217;isola felice.<\/strong><\/p>\n<p>\u00abAssolutamente. Lo dissi quando firmai il nuovo contratto: Treviso \u00e8 una realt\u00e0 solida, a maggior ragione in questo momento molto delicato. Una citt\u00e0 che ha respirato pallacanestro ad alto livello, una societ\u00e0 davvero organizzata, e tutto ci\u00f2 aggiunto al campo, all&#8217;allenatore, al manager. C&#8217;erano insomma tutti gli ingredienti per continuare, perch\u00e9 Treviso \u00e8 uno dei club pi\u00f9 solidi nel panorama cestistico italiano\u00bb.<\/p>\n<p><strong>Torniamo al campo. I tre stranieri che mancano, i due lunghi e la guardia tiratrice, saranno le uniche facce veramente nuove. Il cambio di rotta nella composizione del roster vi dovr\u00e0 dare un buon vantaggio gi\u00e0 in partenza.<\/strong><\/p>\n<p>\u00abQuelli che arriveranno saranno giocatori nuovi, ma il fatto di avere uno zoccolo duro che gi\u00e0 si conosce, fra cui due americani fondamentali, certo sar\u00e0 importante. Ho parlato a lungo con capitan Chillo, mi ha detto che Dwayne Russell \u00e8 un ragazzo d&#8217;oro, gran lavoratore e che ha grandissima &#8220;fame&#8221;. E questo dev&#8217;essere la base della prossima stagione. Ultimamente ho sentito anche Macura, il prossimo campionato sar\u00e0 super competitivo, 8-10 squadre potrebbero ambire ai playoff: sar\u00e0 una corsa complicata, ad ostacoli, tuttavia la Nutribullet vorr\u00e0 dire la sua, entrare nel campionato con prepotenza. Avere una base che gi\u00e0 si conosce, che sa come lavorare e come si vincono le partite, pu\u00f2 costituire un vantaggio. Per\u00f2 poi dovremo essere noi bravi a confermarlo\u00bb.<\/p>\n","protected":false},"excerpt":{"rendered":"TREVISO &#8211; Sulla maglia ha lo 0, ma \u00e8 uno che vale tanto oro quanto pesa. Alessandro Cappelletti&hellip;\n","protected":false},"author":3,"featured_media":559136,"comment_status":"","ping_status":"","sticky":false,"template":"","format":"standard","meta":{"footnotes":"","_share_on_mastodon":"0"},"categories":[1453],"tags":[5911,1756,1757,1537,90,89,12042,245,244,3152],"class_list":["post-559135","post","type-post","status-publish","format-standard","has-post-thumbnail","category-basket","tag-alessandro-cappelletti","tag-basket","tag-basketball","tag-it","tag-italia","tag-italy","tag-nutribullet","tag-sport","tag-sports","tag-treviso-basket"],"share_on_mastodon":{"url":"https:\/\/pubeurope.com\/@it\/116823959523476298","error":""},"_links":{"self":[{"href":"https:\/\/www.europesays.com\/it\/wp-json\/wp\/v2\/posts\/559135","targetHints":{"allow":["GET"]}}],"collection":[{"href":"https:\/\/www.europesays.com\/it\/wp-json\/wp\/v2\/posts"}],"about":[{"href":"https:\/\/www.europesays.com\/it\/wp-json\/wp\/v2\/types\/post"}],"author":[{"embeddable":true,"href":"https:\/\/www.europesays.com\/it\/wp-json\/wp\/v2\/users\/3"}],"replies":[{"embeddable":true,"href":"https:\/\/www.europesays.com\/it\/wp-json\/wp\/v2\/comments?post=559135"}],"version-history":[{"count":0,"href":"https:\/\/www.europesays.com\/it\/wp-json\/wp\/v2\/posts\/559135\/revisions"}],"wp:featuredmedia":[{"embeddable":true,"href":"https:\/\/www.europesays.com\/it\/wp-json\/wp\/v2\/media\/559136"}],"wp:attachment":[{"href":"https:\/\/www.europesays.com\/it\/wp-json\/wp\/v2\/media?parent=559135"}],"wp:term":[{"taxonomy":"category","embeddable":true,"href":"https:\/\/www.europesays.com\/it\/wp-json\/wp\/v2\/categories?post=559135"},{"taxonomy":"post_tag","embeddable":true,"href":"https:\/\/www.europesays.com\/it\/wp-json\/wp\/v2\/tags?post=559135"}],"curies":[{"name":"wp","href":"https:\/\/api.w.org\/{rel}","templated":true}]}}