{"id":559169,"date":"2026-06-27T20:55:16","date_gmt":"2026-06-27T20:55:16","guid":{"rendered":"https:\/\/www.europesays.com\/it\/559169\/"},"modified":"2026-06-27T20:55:16","modified_gmt":"2026-06-27T20:55:16","slug":"lobotka-alla-juventus-con-gatti-al-napoli-le-voci-sullo-scambio-i-costi-delloperazione-e-cosa-puo-succedere","status":"publish","type":"post","link":"https:\/\/www.europesays.com\/it\/559169\/","title":{"rendered":"Lobotka alla Juventus con Gatti al Napoli, le voci sullo scambio: i costi dell&#8217;operazione e cosa pu\u00f2 succedere"},"content":{"rendered":"<p><b><strong>Potrebbe cambiare qualcosa con l&#8217;eventuale inserimento di Federico Gatti nella trattativa?<\/strong><\/b> Di sicuro, <b><strong>resterebbe la volont\u00e0 di De Laurentiis di non rinforzare una rivale come la Juventus. D&#8217;altro canto, \u00e8 anche vero che Gatti, classe 1998, \u00e8 un pallino del direttore sportivo del Napoli, ed ex Juve, Giovanni Manna<\/strong><\/b>, che \u00e8 stato uno dei suoi principali promotori quando il ragazzo si \u00e8 trasferito a Torino dal Frosinone. Dopo quattro anni in bianconero, con un bilancio di 136 presenze e 11 goal, <b><strong>Gatti \u00e8 tornato di nuovo sotto i riflettori del mercato<\/strong><\/b>. La Juventus di Giovanni Carnevali sta cercando altri difensori, con Jhon Lucum\u00ec e Tarik Muharemovi\u0107 in testa alla lista dei desideri, e quindi \u00e8 probabile che almeno uno fra Gatti, Kelly e Bremer lasci Torino. Gatti, in scadenza nel 2030 con la Juventus e valutato 25 milioni di euro, oltre che a Manna<b><strong> piace anche molto al nuovo allenatore del Napoli, quel Max Allegri che ha gi\u00e0 allenato Gatti in bianconero. <\/strong><\/b><\/p>\n","protected":false},"excerpt":{"rendered":"Potrebbe cambiare qualcosa con l&#8217;eventuale inserimento di Federico Gatti nella trattativa? Di sicuro, resterebbe la volont\u00e0 di De&hellip;\n","protected":false},"author":3,"featured_media":559170,"comment_status":"","ping_status":"","sticky":false,"template":"","format":"standard","meta":{"footnotes":"","_share_on_mastodon":"0"},"categories":[1452],"tags":[721,353,33908,1740,1537,90,89,558,248,111246,1739,245,244,4367,355],"class_list":["post-559169","post","type-post","status-publish","format-standard","has-post-thumbnail","category-calcio","tag-calcio","tag-calciomercato","tag-f-gatti","tag-football","tag-it","tag-italia","tag-italy","tag-juventus","tag-napoli","tag-s-lobotka","tag-soccer","tag-sport","tag-sports","tag-ssc-napoli","tag-transfers"],"share_on_mastodon":{"url":"https:\/\/pubeurope.com\/@it\/116824069531943812","error":""},"_links":{"self":[{"href":"https:\/\/www.europesays.com\/it\/wp-json\/wp\/v2\/posts\/559169","targetHints":{"allow":["GET"]}}],"collection":[{"href":"https:\/\/www.europesays.com\/it\/wp-json\/wp\/v2\/posts"}],"about":[{"href":"https:\/\/www.europesays.com\/it\/wp-json\/wp\/v2\/types\/post"}],"author":[{"embeddable":true,"href":"https:\/\/www.europesays.com\/it\/wp-json\/wp\/v2\/users\/3"}],"replies":[{"embeddable":true,"href":"https:\/\/www.europesays.com\/it\/wp-json\/wp\/v2\/comments?post=559169"}],"version-history":[{"count":0,"href":"https:\/\/www.europesays.com\/it\/wp-json\/wp\/v2\/posts\/559169\/revisions"}],"wp:featuredmedia":[{"embeddable":true,"href":"https:\/\/www.europesays.com\/it\/wp-json\/wp\/v2\/media\/559170"}],"wp:attachment":[{"href":"https:\/\/www.europesays.com\/it\/wp-json\/wp\/v2\/media?parent=559169"}],"wp:term":[{"taxonomy":"category","embeddable":true,"href":"https:\/\/www.europesays.com\/it\/wp-json\/wp\/v2\/categories?post=559169"},{"taxonomy":"post_tag","embeddable":true,"href":"https:\/\/www.europesays.com\/it\/wp-json\/wp\/v2\/tags?post=559169"}],"curies":[{"name":"wp","href":"https:\/\/api.w.org\/{rel}","templated":true}]}}