{"id":559230,"date":"2026-06-27T21:48:17","date_gmt":"2026-06-27T21:48:17","guid":{"rendered":"https:\/\/www.europesays.com\/it\/559230\/"},"modified":"2026-06-27T21:48:17","modified_gmt":"2026-06-27T21:48:17","slug":"derek-ogbeide-e-il-primo-volto-nuovo-della-una-hotels-reggio-emilia-per-la-stagione-2026-2027","status":"publish","type":"post","link":"https:\/\/www.europesays.com\/it\/559230\/","title":{"rendered":"Derek Ogbeide \u00e8 il primo volto nuovo della UNA Hotels Reggio Emilia per la stagione 2026-2027"},"content":{"rendered":"<p><strong>Pallacanestro Reggiana<\/strong> ufficializza l\u2019ingaggio del centro <strong>Derek Ogbeide<\/strong>, che vestir\u00e0 la maglia della <strong>UNA Hotels Reggio Emilia<\/strong> nella stagione sportiva 2026\/2027.<\/p>\n<p>Nato in Nigeria il 28 marzo 1997, con cittadinanza canadese, 206 centimetri, Ogbeide si \u00e8 formato cestisticamente alla University of Georgia, in NCAA. La sua prima esperienza professionistica arriva a Cipro, all\u2019AEK Larnaca, dove in due anni \u2014 tra il 2019 e il 2021 \u2014 conquista Campionato e Coppa e si laurea MVP della lega. Seguono le esperienze all\u2019Hapoel Eilat in Israele, al PAOK in Grecia e al Konyaspor in Turchia, prima dell\u2019approdo in Italia.<\/p>\n<p>Nello stivale Ogbeide gioca due stagioni consecutive: la prima, 2022\/2023, in Serie A2 a Rimini; la seconda a Pistoia nella massima serie, dove chiude con 11.6 punti e 8.6 rimbalzi di media, laureandosi miglior rimbalzista del campionato e raggiungendo i playoff.<\/p>\n<p>Nella stagione 2024\/2025 divide il proprio impiego tra Cedevita Olimpija in Slovenia, Hapoel Jerusalem in Israele ed i playoff di Serie A con Trapani Shark. Nell\u2019ultima annata ha collezionato 49 presenze in G-League tra San Diego Clippers e Grand Rapids Gold.<\/p>\n<p>Lo ha presentato cos\u00ec coach <strong>Dimitris Priftis<\/strong>: \u201cOgbeide \u00e8 un giocatore che gi\u00e0 conosce il campionato italiano e che ha avuto modo di lavorare, con successo, insieme al General Manager Marco Sambugaro a Pistoia. Trova nei rimbalzi e nel gioco in pick and roll le sue armi principali. Crediamo che possa aiutare la squadra a sviluppare un buon gioco, contribuendo al raggiungimento degli obiettivi prefissati\u201c.<\/p>\n<p>Queste invece le prime parole di <strong>Derek Ogbeide<\/strong> da giocatore della UNA Hotels Reggio Emilia: \u201cHo scelto Reggio Emilia perch\u00e9 \u00e8 una squadra importante del campionato italiano e che ha sempre dimostrato una dimensione europea. Voglio portare alla squadra il mio dinamismo, attraverso un modo di giocare che possa essere anche esaltante per i tifosi, ma che soprattutto aiuti a vincere il maggior numero di partite possibile, cosa che fa parte della mia mentalit\u00e0. Mi aspetto una stagione dove il livello del campionato si alzer\u00e0 ancora di pi\u00f9 e proprio per questo dovremo essere pronti a tenere alto il nome di Reggio Emilia, portando in campo agonismo e competitivit\u00e0. Non vedo l\u2019ora di arrivare in citt\u00e0 e conoscere tutti i tifosi, ci vediamo presto\u201c.<\/p>\n<p>Photocredits: Elisa Maestripieri (Pistoia Basket 2000)<\/p>\n","protected":false},"excerpt":{"rendered":"Pallacanestro Reggiana ufficializza l\u2019ingaggio del centro Derek Ogbeide, che vestir\u00e0 la maglia della UNA Hotels Reggio Emilia nella&hellip;\n","protected":false},"author":3,"featured_media":559231,"comment_status":"","ping_status":"","sticky":false,"template":"","format":"standard","meta":{"footnotes":"","_share_on_mastodon":"0"},"categories":[1453],"tags":[1756,1757,308384,1537,90,89,245,244,18454],"class_list":["post-559230","post","type-post","status-publish","format-standard","has-post-thumbnail","category-basket","tag-basket","tag-basketball","tag-derek-ogbeide","tag-it","tag-italia","tag-italy","tag-sport","tag-sports","tag-unahotels-reggio-emilia"],"share_on_mastodon":{"url":"https:\/\/pubeurope.com\/@it\/116824277460148382","error":""},"_links":{"self":[{"href":"https:\/\/www.europesays.com\/it\/wp-json\/wp\/v2\/posts\/559230","targetHints":{"allow":["GET"]}}],"collection":[{"href":"https:\/\/www.europesays.com\/it\/wp-json\/wp\/v2\/posts"}],"about":[{"href":"https:\/\/www.europesays.com\/it\/wp-json\/wp\/v2\/types\/post"}],"author":[{"embeddable":true,"href":"https:\/\/www.europesays.com\/it\/wp-json\/wp\/v2\/users\/3"}],"replies":[{"embeddable":true,"href":"https:\/\/www.europesays.com\/it\/wp-json\/wp\/v2\/comments?post=559230"}],"version-history":[{"count":0,"href":"https:\/\/www.europesays.com\/it\/wp-json\/wp\/v2\/posts\/559230\/revisions"}],"wp:featuredmedia":[{"embeddable":true,"href":"https:\/\/www.europesays.com\/it\/wp-json\/wp\/v2\/media\/559231"}],"wp:attachment":[{"href":"https:\/\/www.europesays.com\/it\/wp-json\/wp\/v2\/media?parent=559230"}],"wp:term":[{"taxonomy":"category","embeddable":true,"href":"https:\/\/www.europesays.com\/it\/wp-json\/wp\/v2\/categories?post=559230"},{"taxonomy":"post_tag","embeddable":true,"href":"https:\/\/www.europesays.com\/it\/wp-json\/wp\/v2\/tags?post=559230"}],"curies":[{"name":"wp","href":"https:\/\/api.w.org\/{rel}","templated":true}]}}