{"id":559341,"date":"2026-06-27T23:26:18","date_gmt":"2026-06-27T23:26:18","guid":{"rendered":"https:\/\/www.europesays.com\/it\/559341\/"},"modified":"2026-06-27T23:26:18","modified_gmt":"2026-06-27T23:26:18","slug":"mercato-inter-solet-in-stand-by-il-rilancio-si-fa-attendere","status":"publish","type":"post","link":"https:\/\/www.europesays.com\/it\/559341\/","title":{"rendered":"Mercato Inter, Solet in stand by: il rilancio si fa attendere"},"content":{"rendered":"<p>                                I tempi si allungano. Un&#8217;eventuale offerta dei colchoneros potrebbe cambiare lo scenario<\/p>\n<p class=\"paragraph\" spellcheck=\"true\">Niente di nuovo sul fronte Oumar Solet. Ma \u00e8 proprio questa attesa, questa fase di stand-by che sta allungando i tempi di un&#8217;operazione che sembrava avviata su un binario piuttosto spedito e ora invece ha sub\u00ecto un rallentamento. Il francese \u00e8 rientrato dalla vacanza in Brasile, dove ha avuto modo di trascorrere del tempo anche con l&#8217;ex Inter Adriano, ma di novit\u00e0 sull&#8217;asse Milano-Udine non ne sono arrivate. Non \u00e8 un aspetto secondario il fatto che nell&#8217;ultima settimana i nerazzurri siano stati soprattutto rapiti dall&#8217;affare Palestra, ma quel che \u00e8 certo \u00e8 che di rilanci ai friulani non ce ne sono stati.\u00a0<\/p>\n<p>    E l&#8217;atletico&#8230;\u2014 \u00a0<\/p>\n<p class=\"paragraph is-inline\" spellcheck=\"true\">Siamo dunque rimasti alla proposta intorno ai 20 milioni di euro, declinata per\u00f2 dall&#8217;Udinese che fa una valutazione pi\u00f9 elevata del suo difensore. E questo l&#8217;Inter lo sa. Lato giocatore (e suo entourage), c&#8217;\u00e8 ora quindi una sorta di nuova consapevolezza del fatto che le tempistiche per riavvicinarsi potrebbero allungarsi, verosimilmente verso la prima settimana di luglio. In questo contesto, anche l&#8217;Atletico Madrid ha posato il suo sguardo interessato sul giocatore, pur non avendo fatto ancora un&#8217;offerta ufficiale all&#8217;Udinese. Un inserimento dei\u00a0colchoneros non \u00e8 escluso e sar\u00e0 da vedere se proprio il &#8220;pericolo&#8221; che da Madrid possano tentare (e soddisfare economicamente) sia l&#8217;Udinese sia Solet innescher\u00e0 o meno il rilancio nerazzurro.\u00a0<\/p>\n","protected":false},"excerpt":{"rendered":"I tempi si allungano. Un&#8217;eventuale offerta dei colchoneros potrebbe cambiare lo scenario Niente di nuovo sul fronte Oumar&hellip;\n","protected":false},"author":3,"featured_media":559342,"comment_status":"","ping_status":"","sticky":false,"template":"","format":"standard","meta":{"footnotes":"","_share_on_mastodon":"0"},"categories":[6],"tags":[5358,54947,44302,14,564,8,350,1537,90,89,5382,7,15,82,9,83,10,1413,7758,989,43820,9677,308427,13,2817,11,80,84,12,81,85],"class_list":["post-559341","post","type-post","status-publish","format-standard","has-post-thumbnail","category-ultime-notizie","tag-atletico","tag-by","tag-colchoneros","tag-cronaca","tag-giocatore","tag-headlines","tag-inter","tag-it","tag-italia","tag-italy","tag-madrid","tag-news","tag-notizie","tag-notizie-di-cronaca","tag-notizie-principali","tag-notiziedicronaca","tag-notizieprincipali","tag-offerta","tag-rilancio","tag-settimana","tag-solet","tag-stand","tag-stand-by","tag-titoli","tag-udinese","tag-ultime-notizie","tag-ultime-notizie-di-cronaca","tag-ultime-notizie-e-news-di-oggi","tag-ultimenotizie","tag-ultimenotiziedicronaca","tag-ultimenotizieenewsdioggi"],"share_on_mastodon":{"url":"https:\/\/pubeurope.com\/@it\/116824662796206508","error":""},"_links":{"self":[{"href":"https:\/\/www.europesays.com\/it\/wp-json\/wp\/v2\/posts\/559341","targetHints":{"allow":["GET"]}}],"collection":[{"href":"https:\/\/www.europesays.com\/it\/wp-json\/wp\/v2\/posts"}],"about":[{"href":"https:\/\/www.europesays.com\/it\/wp-json\/wp\/v2\/types\/post"}],"author":[{"embeddable":true,"href":"https:\/\/www.europesays.com\/it\/wp-json\/wp\/v2\/users\/3"}],"replies":[{"embeddable":true,"href":"https:\/\/www.europesays.com\/it\/wp-json\/wp\/v2\/comments?post=559341"}],"version-history":[{"count":0,"href":"https:\/\/www.europesays.com\/it\/wp-json\/wp\/v2\/posts\/559341\/revisions"}],"wp:featuredmedia":[{"embeddable":true,"href":"https:\/\/www.europesays.com\/it\/wp-json\/wp\/v2\/media\/559342"}],"wp:attachment":[{"href":"https:\/\/www.europesays.com\/it\/wp-json\/wp\/v2\/media?parent=559341"}],"wp:term":[{"taxonomy":"category","embeddable":true,"href":"https:\/\/www.europesays.com\/it\/wp-json\/wp\/v2\/categories?post=559341"},{"taxonomy":"post_tag","embeddable":true,"href":"https:\/\/www.europesays.com\/it\/wp-json\/wp\/v2\/tags?post=559341"}],"curies":[{"name":"wp","href":"https:\/\/api.w.org\/{rel}","templated":true}]}}