{"id":559425,"date":"2026-06-28T01:19:21","date_gmt":"2026-06-28T01:19:21","guid":{"rendered":"https:\/\/www.europesays.com\/it\/559425\/"},"modified":"2026-06-28T01:19:21","modified_gmt":"2026-06-28T01:19:21","slug":"terremoto-venezuela-volontario-sotto-shock-strage-a-una-festa-di-bambini-trovati-i-corpi","status":"publish","type":"post","link":"https:\/\/www.europesays.com\/it\/559425\/","title":{"rendered":"Terremoto Venezuela, volontario sotto shock: &#8216;Strage a una festa di bambini, trovati i corpi&#8217;"},"content":{"rendered":"<p>Il suo video, pubblicato sui social, \u00e8 diventato subito virale: il suo racconto \u00e8 un pugno nello stomaco, e rende l&#8217;idea dell&#8217;apocalisse provocata dal sisma. &#8220;Mi viene da piangere, \u00e8 il momento pi\u00f9 difficile della mia vita&#8221;, dice il giovane raccontando di tutti quei bimbi senza vita<\/p>\n<p>&#8220;Una strage a una festa di bambini&#8221;. Cos\u00ec un volontario, impegnato nelle operazioni di soccorso dopo i <a data-intcmp=\"skytg24_foglia articolo_interlink_text\" href=\"https:\/\/tg24.sky.it\/mondo\/2026\/06\/27\/terremoto-venezuela-news-diretta\" rel=\"nofollow noopener\" target=\"_blank\">terremoti che hanno colpito il Venezuela<\/a>, ha raccontato in lacrime\u00a0 ci\u00f2 che lui e i suoi compagni hanno trovato durante le ricerche di sopravvissuti tra le macerie. In un video diffuso sui social network il giovane, Maikel La Rosa, sostiene che i corpi recuperati nell&#8217;edificio pi\u00f9 grande crollato nella sua area di intervento appartenessero a bambini che stavano partecipando a una festa. Una circostanza che al momento non \u00e8 stata confermata ufficialmente dalle autorit\u00e0, ma che ha subito fatto il giro del mondo.<\/p>\n<p>\t\t\tIl volontario provato dall&#8217;esperienza<\/p>\n<p>Nel filmato, condiviso sul suo profilo Instagram e successivamente rilanciato da molte testate latinoamericane, Maikel La Rosa appare profondamente provato dall&#8217;esperienza vissuta durante le operazioni di recupero. Parla appoggiato a un muro, un paio di occhialoni protettivi sollevati sulla fronte e guanti alle mani, dopo aver scavato per ore tra le macerie. Il suo racconto \u00e8 un pugno nello stomaco. E lui stesso ogni tanto si deve fermare. Si passa una mano sul volto. Riprende a fatica.<\/p>\n<p>             Non visualizzi questo contenuto?<\/p>\n<p>Siamo spiacenti! Per poter visualizzare questo contenuto <b>Instagram<\/b>, clicca su Gestisci cookie e Accetta tutto<\/p>\n<p>            Gestisci cookie<\/p>\n<p>\t\t \tLa strage di bambini: il racconto<\/p>\n<p>&#8220;\u00c8 successo nel pi\u00f9 grande edificio che \u00e8 caduto&#8221;, racconta tra le lacrime, scosso dall&#8217;esperienza. &#8220;Mi fa molto male. Stavamo lavorando qui da ore, e abbiamo scoperto che i corpi che portavamo fuori provenivano tutti da una festa da bambini&#8230; Mi fa molto male, mi fa davvero venire voglia di piangere&#8221;. E poi: &#8220;Non potete immaginare. Non riuscite a immaginare. \u00c8 il momento pi\u00f9 difficile della mia vita&#8221;. E dopo qualche istante prosegue: &#8220;C&#8217;era una festa di bambini, quando l&#8217;edificio \u00e8 crollato&#8221;. Commosso, il volontario prosegue il suo racconto spiegando che ora \u00e8 difficile continuare il lavoro sul campo:\u00a0&#8220;Devo essere duro, per poter andare avanti. Lo so che devo essere forte, ma questa cosa non me la immaginavo nemmeno. Ma mi fa molto male. Stanno gi\u00e0 iniziando a usare le macchine escavatrici, e non c&#8217;\u00e8 altro da fare&#8230; Bisogna continua a lavorare&#8221;.<\/p>\n<p>\t\t\t<a class=\"c-inline-card j-inline-card c-inline-card--with-image\" href=\"https:\/\/tg24.sky.it\/mondo\/2026\/06\/27\/terremoto-venezuela-morta-italiana-francesca-mannina\" rel=\"follow nofollow noopener\" data-intcmp=\"skytg24_articolo_approfondimenti_inline\" target=\"_blank\"><\/p>\n<p>\t\t\t         <img decoding=\"async\" crossorigin=\"anonymous\" alt=\"\" src=\"https:\/\/www.europesays.com\/it\/wp-content\/uploads\/2026\/06\/1782609561_108_Francesca_Mannina_Ansa.JPG\"  loading=\"lazy\"  bad-src=\"https:\/\/www.europesays.com\/it\/wp-content\/uploads\/2026\/06\/1782609561_108_Francesca_Mannina_Ansa.JPG\"\/><\/p>\n<p>\n\t\t\t         Approfondimento<br \/>\n\t\t\t         Terremoto in Venezuela, trovata morta la siciliana Francesca Mannina\n\t\t\t      <\/p>\n<p>\t\t\t<\/a><\/p>\n<p>\t\t\tIl video virale sui social<\/p>\n<p>Il filmato ha raccolto centinaia di migliaia di visualizzazioni sui social network, suscitando numerose reazioni da parte degli utenti.\u00a0Oltre a documentare le operazioni di soccorso, il volontario utilizza il proprio account Instagram anche per raccogliere segnalazioni di persone scomparse, condividere informazioni e favorire il contatto tra le famiglie e le squadre impegnate nelle ricerche. E la testimonianza di Maikel rende l&#8217;idea dell&#8217;apocalisse provocata dai due terremoti che hanno colpito il Venezuela, uccidendo almeno 920 persone (tra cui anche <a data-intcmp=\"skytg24_foglia articolo_interlink_text\" href=\"https:\/\/tg24.sky.it\/mondo\/2026\/06\/27\/terremoto-venezuela-morta-italiana-francesca-mannina\" rel=\"nofollow noopener\" target=\"_blank\">la siciliana Francesca Mannina<\/a>) e ferendone pi\u00f9 di 3.300, mentre i dispersi sono pi\u00f9 di 50mila. E l&#8217;Onu stima che 6,76 milioni di persone siano state in qualche modo colpite dal sisma, due milioni delle quali solo nella capitale Caracas.<\/p>\n<p>\t            TAG:<\/p>\n","protected":false},"excerpt":{"rendered":"Il suo video, pubblicato sui social, \u00e8 diventato subito virale: il suo racconto \u00e8 un pugno nello stomaco,&hellip;\n","protected":false},"author":3,"featured_media":559426,"comment_status":"","ping_status":"","sticky":false,"template":"","format":"standard","meta":{"footnotes":"","_share_on_mastodon":"0"},"categories":[6],"tags":[14,8,1537,90,89,770,7,15,82,9,83,10,21008,19705,13,11,80,84,12,81,85,45671],"class_list":["post-559425","post","type-post","status-publish","format-standard","has-post-thumbnail","category-ultime-notizie","tag-cronaca","tag-headlines","tag-it","tag-italia","tag-italy","tag-morti","tag-news","tag-notizie","tag-notizie-di-cronaca","tag-notizie-principali","tag-notiziedicronaca","tag-notizieprincipali","tag-sisma","tag-terremoto","tag-titoli","tag-ultime-notizie","tag-ultime-notizie-di-cronaca","tag-ultime-notizie-e-news-di-oggi","tag-ultimenotizie","tag-ultimenotiziedicronaca","tag-ultimenotizieenewsdioggi","tag-venezuela"],"share_on_mastodon":{"url":"https:\/\/pubeurope.com\/@it\/116825107666768090","error":""},"_links":{"self":[{"href":"https:\/\/www.europesays.com\/it\/wp-json\/wp\/v2\/posts\/559425","targetHints":{"allow":["GET"]}}],"collection":[{"href":"https:\/\/www.europesays.com\/it\/wp-json\/wp\/v2\/posts"}],"about":[{"href":"https:\/\/www.europesays.com\/it\/wp-json\/wp\/v2\/types\/post"}],"author":[{"embeddable":true,"href":"https:\/\/www.europesays.com\/it\/wp-json\/wp\/v2\/users\/3"}],"replies":[{"embeddable":true,"href":"https:\/\/www.europesays.com\/it\/wp-json\/wp\/v2\/comments?post=559425"}],"version-history":[{"count":0,"href":"https:\/\/www.europesays.com\/it\/wp-json\/wp\/v2\/posts\/559425\/revisions"}],"wp:featuredmedia":[{"embeddable":true,"href":"https:\/\/www.europesays.com\/it\/wp-json\/wp\/v2\/media\/559426"}],"wp:attachment":[{"href":"https:\/\/www.europesays.com\/it\/wp-json\/wp\/v2\/media?parent=559425"}],"wp:term":[{"taxonomy":"category","embeddable":true,"href":"https:\/\/www.europesays.com\/it\/wp-json\/wp\/v2\/categories?post=559425"},{"taxonomy":"post_tag","embeddable":true,"href":"https:\/\/www.europesays.com\/it\/wp-json\/wp\/v2\/tags?post=559425"}],"curies":[{"name":"wp","href":"https:\/\/api.w.org\/{rel}","templated":true}]}}